{"id":19287,"date":"2019-04-05T16:09:23","date_gmt":"2019-04-05T14:09:23","guid":{"rendered":"https:\/\/www.manologarciaycia.com\/?p=19287"},"modified":"2019-04-05T16:09:26","modified_gmt":"2019-04-05T14:09:26","slug":"el-hombre-sencillo","status":"publish","type":"post","link":"https:\/\/www.manologarciaycia.com\/?p=19287","title":{"rendered":"El hombre sencillo"},"content":{"rendered":"\n<h2 class=\"wp-block-heading\">Manolo Garc\u00eda comienza su gira &#8216;Ac\u00fastico&#8217; en el Teatro Quijano de Ciudad Real en un ejercicio de intimidad, enso\u00f1aci\u00f3n y fraternidad en el que \u00abhacer m\u00e1s habitable\u00bb un mundo \u00abduro e inhumano<\/h2>\n\n\n\n<figure><iframe><\/iframe><\/figure>\n\n\n\n<p>Cualquier otro hubiera asumido sin pesta\u00f1ear su notoriedad, pero Manolo Garc\u00eda habla de \u00abresponsabilidad\u00bb al conocer que las entradas para los dos conciertos que ofrece en el Teatro Quijano se agotaron nada m\u00e1s salir a la venta. Lapidario, afirma que \u00abla vanidad es el adorno de los necios\u00bb, por lo que deja a un lado cualquier tentaci\u00f3n de orgullo para incidir en la sencillez, un Manolo Garc\u00eda al descubierto que arranca su gira m\u00e1s \u00edntima en Ciudad Real con Ac\u00fastico.<br>Con una trayectoria impecable a sus espaldas, el cantante barcelon\u00e9s se olvida de anteriores puestas en escena para afrontar por primera vez en su carrera un formato precisamente ac\u00fastico donde \u00abcanto mejor porque estoy m\u00e1s relajado\u00bb. P\u00e1jaros de Barro y otros grandes \u00e9xitos, adem\u00e1s de temas de El \u00faltimo de la fila, se revisar\u00e1n en el escenario. Atr\u00e1s quedan mitos como el artista encerrado en la torre de marfil. Manolo Garc\u00eda canta para \u00abdar consuelo, no arreglamos el mundo, pero lo hacemos un poco m\u00e1s habitable\u00bb.<br>No en vano, reconoce sentirse preocupado por \u00abel cambio clim\u00e1tico, por el planeta que vamos a dejar\u00bb, pero tambi\u00e9n \u00abcuando se negocia y malversa dinero de los ciudadanos, cuando se piensa en el beneficio y lucro de unos pocos, cuando se rescata a los banqueros con el dinero de todos y no a los ciudadanos de a pie, a las personas con enfermedades raras, familias desasistidas con hijos con problemas, cuando se ejecutan desahucios por beneficio de un banco&#8230; todo eso no me gusta ni tampoco y a mucha gente\u00bb.<br>En su cr\u00edtica a un mundo \u00abinhumano y duro\u00bb, la responsabilidad recae tambi\u00e9n en un \u00abcuerpo pol\u00edtico que debe dejar de pensar en la poltrona, en las encuestas, en salvarse&#8230; y el que llegue a dejar de pensar en intereses de partidos y pensar en el ciudadano\u00bb.<br>El pr\u00f3ximo 28 de abril se celebran elecciones generales y Manolo Garc\u00eda pide \u00aba los pol\u00edticos que sean honestos y trabajen por sus conciudadanos para dejar atr\u00e1s corruptelas, robos, marruller\u00edas, salidas por la puerta falsa, ahora te mandamos aqu\u00ed a este sitio o al otro, a Bruselas&#8230;limpiamos la cara, hacemos un partido nuevo&#8230; La clave es la justicia social, mirar por los de abajo, que son los que est\u00e1n solos, despose\u00eddos\u00bb.<br>En definitiva, Manolo Garc\u00eda apuesta por \u00abhacer algo m\u00e1s fraterno\u00bb. Siguiendo la letra de su canci\u00f3n, Nunca es tarde para \u00abempezar a intentar cumplir cualquier sue\u00f1o. Hay que pretender vivir con calma y paz espiritual, de una vida en la que cada d\u00eda brille el sol\u00bb. A partir de las 21.30 horas en el Quijano, un concierto repleto de humanidad.\u00a0<br><\/p>\n\n\n\n<p>Fuente: Tribuna de Ciudad Real &#8211; C. de la Cruz &#8211; Foto Rueda Villaverde &#8211; ENLACE:  <br><a href=\"https:\/\/www.latribunadeciudadreal.es\/Noticia\/Z20B85FBE-96EF-7BA5-4980B9BD5EE6063C\/201904\/El-hombre-sencillo\">https:\/\/www.latribunadeciudadreal.es\/Noticia\/Z20B85FBE-96EF-7BA5-4980B9BD5EE6063C\/201904\/El-hombre-sencillo<\/a> <\/p>\n","protected":false},"excerpt":{"rendered":"<p>Manolo Garc\u00eda comienza su gira &#8216;Ac\u00fastico&#8217; en el Teatro Quijano de Ciudad Real en un ejercicio de intimidad, enso\u00f1aci\u00f3n y fraternidad en el que \u00abhacer m\u00e1s habitable\u00bb un mundo \u00abduro e inhumano Cualquier otro hubiera asumido sin pesta\u00f1ear su notoriedad, pero Manolo Garc\u00eda habla de \u00abresponsabilidad\u00bb al conocer que las entradas para los dos conciertos<a class=\"moretag\" href=\"https:\/\/www.manologarciaycia.com\/?p=19287\" title=\"El hombre sencillo\" target=\"_self\" rel=\"follow\"> <font face=arial size=2>[Leer m\u00e1s]<\/font> <\/a><\/p>\n","protected":false},"author":2,"featured_media":19289,"comment_status":"closed","ping_status":"closed","sticky":false,"template":"","format":"standard","meta":{"footnotes":""},"categories":[1],"tags":[],"class_list":["post-19287","post","type-post","status-publish","format-standard","has-post-thumbnail","hentry","category-manolo-garcia"],"_links":{"self":[{"href":"https:\/\/www.manologarciaycia.com\/index.php?rest_route=\/wp\/v2\/posts\/19287","targetHints":{"allow":["GET"]}}],"collection":[{"href":"https:\/\/www.manologarciaycia.com\/index.php?rest_route=\/wp\/v2\/posts"}],"about":[{"href":"https:\/\/www.manologarciaycia.com\/index.php?rest_route=\/wp\/v2\/types\/post"}],"author":[{"embeddable":true,"href":"https:\/\/www.manologarciaycia.com\/index.php?rest_route=\/wp\/v2\/users\/2"}],"replies":[{"embeddable":true,"href":"https:\/\/www.manologarciaycia.com\/index.php?rest_route=%2Fwp%2Fv2%2Fcomments&post=19287"}],"version-history":[{"count":2,"href":"https:\/\/www.manologarciaycia.com\/index.php?rest_route=\/wp\/v2\/posts\/19287\/revisions"}],"predecessor-version":[{"id":19290,"href":"https:\/\/www.manologarciaycia.com\/index.php?rest_route=\/wp\/v2\/posts\/19287\/revisions\/19290"}],"wp:featuredmedia":[{"embeddable":true,"href":"https:\/\/www.manologarciaycia.com\/index.php?rest_route=\/wp\/v2\/media\/19289"}],"wp:attachment":[{"href":"https:\/\/www.manologarciaycia.com\/index.php?rest_route=%2Fwp%2Fv2%2Fmedia&parent=19287"}],"wp:term":[{"taxonomy":"category","embeddable":true,"href":"https:\/\/www.manologarciaycia.com\/index.php?rest_route=%2Fwp%2Fv2%2Fcategories&post=19287"},{"taxonomy":"post_tag","embeddable":true,"href":"https:\/\/www.manologarciaycia.com\/index.php?rest_route=%2Fwp%2Fv2%2Ftags&post=19287"}],"curies":[{"name":"wp","href":"https:\/\/api.w.org\/{rel}","templated":true}]}}