{"id":19280,"date":"2019-04-05T07:15:54","date_gmt":"2019-04-05T05:15:54","guid":{"rendered":"https:\/\/www.manologarciaycia.com\/?p=19280"},"modified":"2019-04-05T07:17:50","modified_gmt":"2019-04-05T05:17:50","slug":"19280","status":"publish","type":"post","link":"https:\/\/www.manologarciaycia.com\/?p=19280","title":{"rendered":"Manolo Garc\u00eda: \u201cMi plan de futuro es vivir, no malvivir, y apoyar humildemente cuestiones que hay que arreglar de inmediato como el cambio clim\u00e1tico\u201d"},"content":{"rendered":"\n<p>Echar\u00e1 a volar este fin de semana en Ciudad Real su gira en \u2018Ac\u00fastico\u2019 en la que ofrecer\u00e1 versiones m\u00e1s \u00edntimas de sus grandes \u00e9xitos<\/p>\n\n\n\n<p>\u201cNo hace muchos d\u00edas, un ni\u00f1o que iba con su mam\u00e1\u201d le indic\u00f3: \u201cOye, Manolo Garc\u00eda. Tu grupo tiene que tocar m\u00e1s flojo para que se oiga m\u00e1s tu voz\u201d, coment\u00f3 el cantante y compositor, que, por primera vez a lo largo de una larga trayectoria que comenz\u00f3 con repertorio propio en el a\u00f1o 81, inicia una gira en \u2018Ac\u00fastico\u2019 este fin de semana en Ciudad Real.<\/p>\n\n\n\n<figure class=\"wp-block-image\"><img decoding=\"async\" src=\"https:\/\/s1.lanzadigital.com\/wp-content\/uploads\/2019\/04\/Manolo-Garcia-JJ-2.jpg\" alt=\"Actuar\u00e1 arropado por siete m\u00fasicos e incorporar\u00e1 instrumentos poco convencionales \/ J. Jurado\"\/><figcaption>Actuar\u00e1 arropado por siete m\u00fasicos e incorporar\u00e1 instrumentos poco convencionales \/ J. Jurado<\/figcaption><\/figure>\n\n\n\n<p>Ser\u00e1 un Manolo Garc\u00eda m\u00e1s \u00edntimo. \u201cNo voy a galopar ni corretear por el escenario\u201d, que es a lo que tiene acostumbrado al p\u00fablico en conciertos m\u00e1s energ\u00e9ticos. \u201cEn muchos tramos del concierto voy a estar sentado como el p\u00fablico, lo cual me da una posibilidad nueva, la de cantar mejor\u201d, porque un cantante de rock, ante un p\u00fablico masivo, de 15.000 o 30.000 personas, no puede estar quieto, sino que tiene que atraer y acercarse a los espectadores, esfuerzo f\u00edsico que, al mismo tiempo, resta posibilidades a la hora de cantar. \u201cCantar sentado, de una manera no forzada, te da la posibilidad para interpretar y modular la voz. Respiras de otra manera corriendo que sentado\u201d, expuso en la presentaci\u00f3n de sus actuaciones este viernes y s\u00e1bado en el Quijano Manolo Garc\u00eda, que reconoci\u00f3 que, en los ensayos, ha comprobado que canta \u201cmejor\u201d porque est\u00e1 m\u00e1s relajado y gestiona de \u201cmanera m\u00e1s coherente\u201d la respiraci\u00f3n.<\/p>\n\n\n\n<p>A Manolo Garc\u00eda, que emprendi\u00f3 su carrera musical con grupos como Los R\u00e1pidos y Los Burros y logr\u00f3 el \u00e9xito comercial con El \u00daltimo de la Fila para posteriormente iniciar su carrera en solitario, le gusta estar de gira ya que le encanta \u201cviajar, moverse, cambiar de ciudad de una semana a otra y presentar su m\u00fasica\u201d y agradeci\u00f3 este jueves la colaboraci\u00f3n del Ayuntamiento de Ciudad Real para ensayar en el Teatro Municipal Quijano y preparar de forma \u201cmuy c\u00f3moda\u201d algo que \u201csiempre es laborioso\u201d como el inicio de un tour en el que realizar\u00e1 \u201cun repaso general\u201d y \u201cmuy variado\u201d por su discograf\u00eda, intentando \u201ccomplacer peticiones\u201d y adaptando canciones que suele presentar de manera \u201cmuy roquera y guitarrera\u201d a las sonoridades y arreglos que pide el formato ac\u00fastico.<\/p>\n\n\n\n<p>Arropado por siete m\u00fasicos y con la incorporaci\u00f3n de instrumentos poco convencionales, en su directo no faltar\u00e1n temas m\u00edticos como \u2018P\u00e1jaros de barro\u2019, as\u00ed como un \u201cinvento\u201d que espera que guste de alguna composici\u00f3n de El \u00daltimo de la Fila, indic\u00f3 Manolo Garc\u00eda, para cuya actuaci\u00f3n en Ciudad Real las entradas \u2018volaron\u2019 en apenas unas horas, lo cual, apreci\u00f3, \u201cprovoca que tu sentido de la responsabilidad aumente. Piensas: \u2018Guau, no puedo fallar, si conf\u00edan tanto en m\u00ed, tiene que estar perfecto, muy bien para que no se sientan defraudados\u2019. Cuando una persona pone la confianza en otra, el asunto es muy serio. Tengo que hacer lo que sea\u201d para que los espectadores lo pasen bien ya que han \u201crespondido de una manera tan r\u00e1pida y fiel\u201d.<\/p>\n\n\n\n<p>De Ciudad Real, espera que le haga \u201cfeliz\u201d y \u00e9l hacer feliz al p\u00fablico que acuda. \u201cYo no tengo otro objetivo en la vida, como todo el mundo, que estar bien. La salud, como dec\u00eda mi abuela, es lo m\u00e1s importante. Si tienes salud, tienes alegr\u00eda de estar vivo, de que cada ma\u00f1ana amanece, llueve, hace sol, vamos al mercado y compramos unos tomates\u201d, lo cual \u201ces maravilloso\u201d. El objetivo es que el p\u00fablico que acuda a su concierto el viernes y s\u00e1bado \u201clo pase muy bien. Eso significar\u00e1 que yo tambi\u00e9n lo voy a pasar bien. Con ese \u00e1nimo voy a salir al escenario\u201d.<\/p>\n\n\n\n<figure class=\"wp-block-image\"><img decoding=\"async\" src=\"https:\/\/s1.lanzadigital.com\/wp-content\/themes\/lanza_tema\/editor\/images\/placeholder-img.png\" alt=\"Anim\u00f3 a implicarse ante problem\u00e1ticas cuestiones como el cambio clim\u00e1tico \/ J. Jurado\"\/><figcaption>Anim\u00f3 a implicarse ante problem\u00e1ticas cuestiones como el cambio clim\u00e1tico \/ J. Jurado<\/figcaption><\/figure>\n\n\n\n<p>Garc\u00eda se defini\u00f3 como \u201cun m\u00fasico vocacional. Nadie me obliga a serlo y me encanta porque me da la posibilidad de desarrollar un oficio donde veo a la gente alegre, que acude a m\u00ed, a mi m\u00fasica y trabajo con ganas de ser felices. Lamentablemente cuando una persona se encuentra mal acude a un m\u00e9dico y no va con ganas de que le hagan feliz, sino de que le curen\u201d, mientras que, \u201cdesde el mundo de la cultura lo que podemos ofrecer es alegr\u00eda, alimento espiritual, de alguna manera ser un poco como chamanes. Y yo me siento as\u00ed y no me creo por ello alguien superior ni especial\u201d, pero \u201cs\u00ed que estoy contento y disfruto mucho con la posibilidad de compartir un rato de alegr\u00eda con los dem\u00e1s\u201d.<\/p>\n\n\n\n<p>En cuanto al futuro, destac\u00f3 que su prop\u00f3sito es \u201cvivir un poco cada d\u00eda, no malvivir. Para m\u00ed vivir cada d\u00eda es ser libre\u201d, quedar con un amigo para hablar un rato de f\u00fatbol, charlar con una amiga sobre pintura, leer, no estar estresado, comer un bocadillo de jam\u00f3n y beber una cerveza. \u201c\u00c9se es mi plan de futuro, simplemente vivir y luchar a mi manera por las cosas que creo que hay que arreglar inmediatamente como, por ejemplo, el cambio clim\u00e1tico\u201d. La implicaci\u00f3n de la estudiante sueca de 16 a\u00f1os, Greta Thunberg, que \u201cha saltado a las redes\u201d es, a su juicio, \u201cun ejemplo a seguir\u201d. \u201cLos chavales que tienen entre 16 y 18 a\u00f1os y est\u00e1n ahora en los institutos y universidades tienen en sus manos el curso de la historia. Si ellos act\u00faan ya\u201d, puede haber un giro de rumbo, \u201csi no act\u00faan y se deja todo en manos del cuerpo pol\u00edtico mundial esto puede tomar un sesgo duro\u201d.<\/p>\n\n\n\n<p>En este sentido, asegur\u00f3 que incluir\u00e1 en sus conciertos y apariciones en los medios de comunicaci\u00f3n su \u201chumilde y peque\u00f1\u00edsima\u201d muestra de apoyo a los j\u00f3venes y las propuestas para temas importantes a resolver como el cambio clim\u00e1tico.<\/p>\n\n\n\n<p>Fuente: Lanza Digital &#8211; ENLACE:  <br><a href=\"https:\/\/www.lanzadigital.com\/cultura\/manolo-garcia-mi-plan-de-futuro-es-vivir-no-malvivir-y-apoyar-humildemente-cuestiones-que-hay-que-arreglar-inmediatamente-como-el-cambio-climatico\/\">https:\/\/www.lanzadigital.com\/cultura\/manolo-garcia-mi-plan-de-futuro-es-vivir-no-malvivir-y-apoyar-humildemente-cuestiones-que-hay-que-arreglar-inmediatamente-como-el-cambio-climatico\/<\/a> <\/p>\n","protected":false},"excerpt":{"rendered":"<p>Echar\u00e1 a volar este fin de semana en Ciudad Real su gira en \u2018Ac\u00fastico\u2019 en la que ofrecer\u00e1 versiones m\u00e1s \u00edntimas de sus grandes \u00e9xitos \u201cNo hace muchos d\u00edas, un ni\u00f1o que iba con su mam\u00e1\u201d le indic\u00f3: \u201cOye, Manolo Garc\u00eda. Tu grupo tiene que tocar m\u00e1s flojo para que se oiga m\u00e1s tu voz\u201d,<a class=\"moretag\" href=\"https:\/\/www.manologarciaycia.com\/?p=19280\" title=\"Manolo Garc\u00eda: \u201cMi plan de futuro es vivir, no malvivir, y apoyar humildemente cuestiones que hay que arreglar de inmediato como el cambio clim\u00e1tico\u201d\" target=\"_self\" rel=\"follow\"> <font face=arial size=2>[Leer m\u00e1s]<\/font> <\/a><\/p>\n","protected":false},"author":2,"featured_media":19282,"comment_status":"closed","ping_status":"closed","sticky":false,"template":"","format":"standard","meta":{"footnotes":""},"categories":[1],"tags":[],"class_list":["post-19280","post","type-post","status-publish","format-standard","has-post-thumbnail","hentry","category-manolo-garcia"],"_links":{"self":[{"href":"https:\/\/www.manologarciaycia.com\/index.php?rest_route=\/wp\/v2\/posts\/19280","targetHints":{"allow":["GET"]}}],"collection":[{"href":"https:\/\/www.manologarciaycia.com\/index.php?rest_route=\/wp\/v2\/posts"}],"about":[{"href":"https:\/\/www.manologarciaycia.com\/index.php?rest_route=\/wp\/v2\/types\/post"}],"author":[{"embeddable":true,"href":"https:\/\/www.manologarciaycia.com\/index.php?rest_route=\/wp\/v2\/users\/2"}],"replies":[{"embeddable":true,"href":"https:\/\/www.manologarciaycia.com\/index.php?rest_route=%2Fwp%2Fv2%2Fcomments&post=19280"}],"version-history":[{"count":2,"href":"https:\/\/www.manologarciaycia.com\/index.php?rest_route=\/wp\/v2\/posts\/19280\/revisions"}],"predecessor-version":[{"id":19283,"href":"https:\/\/www.manologarciaycia.com\/index.php?rest_route=\/wp\/v2\/posts\/19280\/revisions\/19283"}],"wp:featuredmedia":[{"embeddable":true,"href":"https:\/\/www.manologarciaycia.com\/index.php?rest_route=\/wp\/v2\/media\/19282"}],"wp:attachment":[{"href":"https:\/\/www.manologarciaycia.com\/index.php?rest_route=%2Fwp%2Fv2%2Fmedia&parent=19280"}],"wp:term":[{"taxonomy":"category","embeddable":true,"href":"https:\/\/www.manologarciaycia.com\/index.php?rest_route=%2Fwp%2Fv2%2Fcategories&post=19280"},{"taxonomy":"post_tag","embeddable":true,"href":"https:\/\/www.manologarciaycia.com\/index.php?rest_route=%2Fwp%2Fv2%2Ftags&post=19280"}],"curies":[{"name":"wp","href":"https:\/\/api.w.org\/{rel}","templated":true}]}}