{"id":19277,"date":"2019-04-05T07:13:05","date_gmt":"2019-04-05T05:13:05","guid":{"rendered":"https:\/\/www.manologarciaycia.com\/?p=19277"},"modified":"2019-04-05T07:13:12","modified_gmt":"2019-04-05T05:13:12","slug":"manolo-garcia-inicia-este-viernes-en-ciudad-real-su-primera-gira-acustica-queria-cantar-relajado-que-mi-voz-se-oyera","status":"publish","type":"post","link":"https:\/\/www.manologarciaycia.com\/?p=19277","title":{"rendered":"Manolo Garc\u00eda inicia este viernes en Ciudad Real su primera gira ac\u00fastica: \u00abQuer\u00eda cantar relajado, que mi voz se oyera\u00bb"},"content":{"rendered":"\n<p> El cantante Manolo Garc\u00eda inicia este viernes 5 de abril en el Teatro Quijano de Ciudad Real su primera gira ac\u00fastica con las entradas agotadas, tras una larga trayectoria en la que ha predominado un sonido m\u00e1s \u00abroquero y el\u00e9ctrico\u00bb.<\/p>\n\n\n\n<p>\u00abMis giras siempre han tenido una carga de sonido importante y me apetec\u00eda cantar de manera m\u00e1s pausada, m\u00e1s relajado, que mi voz se oyera\u00bb, ha manifestado este jueves en un encuentro con la prensa durante el ensayo general. El artista ve en este formato una posibilidad de cantar mejor, ya que en un escenario movi\u00e9ndose es \u00abuna cosa complicada\u00bb, por el contrario, estar sentado da la oportunidad de modular la voz: \u00abHe descubierto en los ensayos que canto mejor porque estoy m\u00e1s relajado\u00bb, ha a\u00f1adido. <\/p>\n\n\n\n<p>Adem\u00e1s, ha confesado que siempre le habr\u00eda gustado incluir en sus espect\u00e1culos temas m\u00e1s suaves, como una balada y este formato le permite hacerlo. \u00abTENGO QUE TOCAR S\u00cd O S\u00cd &#8216;P\u00c1JAROS DE BARRO'\u00bb Sobre el repertorio ha tenido claro que tiene que tocar \u00abs\u00ed o s\u00ed &#8216;P\u00e1jaros de Barro'\u00bb aunque se tratar\u00e1 de una nueva versi\u00f3n con \u00abun instrumento estramb\u00f3tico\u00bb que han encontrado. No faltara el repaso a su carrera en solitario, y un par de su etapa en &#8216;El \u00faltimo de la fila&#8217;. De estas \u00faltimas ha avanzado que ha hecho \u00abun invento\u00bb que espera que guste. Ha admitido que \u00abel sentido de la responsabilidad aumenta\u00bb ante la buena acogida de la venta de entradas -las del concierto de este viernes, 5 de abril, se agotaron en apenas una hora- y ante esto se decidi\u00f3 programar un segundo concierto para el s\u00e1bado 6 de abril, que se agotaron en dos horas escasas. \u00abTengo que hacer lo que sea para que el p\u00fablico se lo pase bien\u00bb en compensaci\u00f3n de este buen recibimiento, ha a\u00f1adido. <\/p>\n\n\n\n<p>Y es que para Manolo Garc\u00eda que el p\u00fablico lo pase bien significa que \u00e9l disfruta ya que, ha confesado, le encanta ser m\u00fasico porque hace feliz a la gente. \u00abSomos medio chamanes\u00bb. FUTURO: \u00abVIVIR Y NO MALVIVIR\u00bb Sobre planes de futuro, estos pasan por \u00abvivir y no malvivir\u00bb y luchar a su manera en las cosas que cree. Ha asegurado que usar\u00e1 sus conciertos y sus apariciones p\u00fablicas en cosas m\u00e1s importantes que \u00e9l y su m\u00fasica, a las que hay \u00abque prestar atenci\u00f3n y poner medidas\u00bb, poniendo el acento en el cambio clim\u00e1tico: \u00abEspero luchar a mi humilde y peque\u00f1\u00edsima manera con los grupos ecologistas con los que colaboro\u00bb, ha a\u00f1adido, elogiando la voz que han tomado los j\u00f3venes en este asunto. Por \u00faltimo ha agradecido las facilidades que ha encontrado en el Teatro Quijano y en el Ayuntamiento de Ciudad Real para iniciar aqu\u00ed su gira, un arranque que, en sus palabras, siempre es \u00ablaborioso\u00bb.<\/p>\n\n\n\n<p>Ver m\u00e1s en:\u00a0<a href=\"https:\/\/www.20minutos.es\/noticia\/3606855\/0\/manolo-garcia-inicia-este-viernes-ciudad-real-su-primera-gira-acustica-queria-cantar-relajado-que-mi-voz-se-oyera\/#xtor=AD-15&amp;xts=467263\">https:\/\/www.20minutos.es\/noticia\/3606855\/0\/manolo-garcia-inicia-este-viernes-ciudad-real-su-primera-gira-acustica-queria-cantar-relajado-que-mi-voz-se-oyera\/<\/a><\/p>\n\n\n\n<p>Ver m\u00e1s en:&nbsp;<a href=\"https:\/\/www.20minutos.es\/noticia\/3606855\/0\/manolo-garcia-inicia-este-viernes-ciudad-real-su-primera-gira-acustica-queria-cantar-relajado-que-mi-voz-se-oyera\/#xtor=AD-15&amp;xts=467263\">https:\/\/www.20minutos.es\/noticia\/3606855\/0\/manolo-garcia-inicia-este-viernes-ciudad-real-su-primera-gira-acustica-queria-cantar-relajado-que-mi-voz-se-oyera\/#xtor=AD-15&amp;xts=467263<\/a><\/p>\n","protected":false},"excerpt":{"rendered":"<p>El cantante Manolo Garc\u00eda inicia este viernes 5 de abril en el Teatro Quijano de Ciudad Real su primera gira ac\u00fastica con las entradas agotadas, tras una larga trayectoria en la que ha predominado un sonido m\u00e1s \u00abroquero y el\u00e9ctrico\u00bb. \u00abMis giras siempre han tenido una carga de sonido importante y me apetec\u00eda cantar de<a class=\"moretag\" href=\"https:\/\/www.manologarciaycia.com\/?p=19277\" title=\"Manolo Garc\u00eda inicia este viernes en Ciudad Real su primera gira ac\u00fastica: \u00abQuer\u00eda cantar relajado, que mi voz se oyera\u00bb\" target=\"_self\" rel=\"follow\"> <font face=arial size=2>[Leer m\u00e1s]<\/font> <\/a><\/p>\n","protected":false},"author":2,"featured_media":19278,"comment_status":"closed","ping_status":"closed","sticky":false,"template":"","format":"standard","meta":{"footnotes":""},"categories":[1],"tags":[],"class_list":["post-19277","post","type-post","status-publish","format-standard","has-post-thumbnail","hentry","category-manolo-garcia"],"_links":{"self":[{"href":"https:\/\/www.manologarciaycia.com\/index.php?rest_route=\/wp\/v2\/posts\/19277","targetHints":{"allow":["GET"]}}],"collection":[{"href":"https:\/\/www.manologarciaycia.com\/index.php?rest_route=\/wp\/v2\/posts"}],"about":[{"href":"https:\/\/www.manologarciaycia.com\/index.php?rest_route=\/wp\/v2\/types\/post"}],"author":[{"embeddable":true,"href":"https:\/\/www.manologarciaycia.com\/index.php?rest_route=\/wp\/v2\/users\/2"}],"replies":[{"embeddable":true,"href":"https:\/\/www.manologarciaycia.com\/index.php?rest_route=%2Fwp%2Fv2%2Fcomments&post=19277"}],"version-history":[{"count":1,"href":"https:\/\/www.manologarciaycia.com\/index.php?rest_route=\/wp\/v2\/posts\/19277\/revisions"}],"predecessor-version":[{"id":19279,"href":"https:\/\/www.manologarciaycia.com\/index.php?rest_route=\/wp\/v2\/posts\/19277\/revisions\/19279"}],"wp:featuredmedia":[{"embeddable":true,"href":"https:\/\/www.manologarciaycia.com\/index.php?rest_route=\/wp\/v2\/media\/19278"}],"wp:attachment":[{"href":"https:\/\/www.manologarciaycia.com\/index.php?rest_route=%2Fwp%2Fv2%2Fmedia&parent=19277"}],"wp:term":[{"taxonomy":"category","embeddable":true,"href":"https:\/\/www.manologarciaycia.com\/index.php?rest_route=%2Fwp%2Fv2%2Fcategories&post=19277"},{"taxonomy":"post_tag","embeddable":true,"href":"https:\/\/www.manologarciaycia.com\/index.php?rest_route=%2Fwp%2Fv2%2Ftags&post=19277"}],"curies":[{"name":"wp","href":"https:\/\/api.w.org\/{rel}","templated":true}]}}