{"id":1927,"date":"2011-11-03T15:06:51","date_gmt":"2011-11-03T14:06:51","guid":{"rendered":"http:\/\/petaos.net\/?p=1927"},"modified":"2011-11-03T15:06:51","modified_gmt":"2011-11-03T14:06:51","slug":"mg-a-estas-alturas-no-volveria-a-trabajar-en-grupo","status":"publish","type":"post","link":"https:\/\/www.manologarciaycia.com\/?p=1927","title":{"rendered":"MG: \u00abA ESTAS ALTURAS NO VOLVER\u00cdA A TRABAJAR EN GRUPO\u00bb"},"content":{"rendered":"<p><img loading=\"lazy\" decoding=\"async\" alt=\"\" src=\"http:\/\/img.europapress.net\/fotoweb\/fotonoticia_20111103113706_800.jpg\" class=\"alignleft\" width=\"333\" height=\"500\" \/> Manolo Garc\u00eda vive entregado a su guitarra, al lienzo y al papel. Acaba de presentar su quinto \u00e1lbum en solitario, ha montado una exposici\u00f3n de sus pinturas y dibujos y tambi\u00e9n ha editado un libro que es una especie de caj\u00f3n desastre de sus \u00faltimos a\u00f1os de creatividad.<\/p>\n<p>   Con el fin de provocar una sonrisa, saca su lado m\u00e1s ir\u00f3nico y ca\u00f1ero para recuperar la inocencia de cuando comenz\u00f3 en la m\u00fasica. Su vida es su trabajo y esto le reporta la vitalidad que necesita para gastar las madrugadas delante de un lienzo. Las f\u00e1bulas que canta y pinta van directas a las emociones de sus seguidores para sacar lo mejor de ellos mismos, seg\u00fan el artista.<\/p>\n<p>&#8211; \u00bfC\u00f3mo es este nuevo \u00e1lbum?<br \/>\n&#8211; Lo m\u00e1s nuevo es que he ido a trabajar con m\u00fasicos a Estados Unidos y podemos ver una parte m\u00e1s el\u00e9ctrica y m\u00e1s rockera de mi m\u00fasica. En este disco me he tirado un poco para atr\u00e1s, porque ten\u00eda ganas. No he vuelto al mismo punto, porque es imposible, pero s\u00ed a un momento en el que yo me he encontrado como cuando empec\u00e9 en la m\u00fasica, con inocencia. El resultado ha sido un disco de &#8216;powerpop&#8217;.<\/p>\n<p> Fuente: EuropaPress &#8211; <a href='http:\/\/www.europapress.es\/chance\/cineymusica\/noticia-manolo-garcia-alturas-no-volveria-trabajar-grupo-20111103113706.html' target=_new>ENLACE<\/a><\/p>\n<p>&#8211; \u00bfDe d\u00f3nde sale tu estilo tan peculiar?<br \/>\n&#8211; Mi estilo es el resultado de la curiosidad, de las ganas de picotear, de no conformarme con lo que tenga. Hay que ser ambicioso. Tenemos la suerte de poder alimentar el esp\u00edritu con canciones, libros, pel\u00edculas, abrazos y risas. Esa es la parte que a m\u00ed me interesa cultivar. Esa necesidad sigue intacta en m\u00ed, la de buscar nuevas emociones, una nueva ilusi\u00f3n. Siempre me ilusiono cuando pienso que voy a hacer un nuevo disco.<\/p>\n<p>&#8211; \u00bfSent\u00edas que te hab\u00edas quedado estancado?<br \/>\n&#8211; No, nunca. Pero me gusta cambiar para no aburrirme porque si me aburro tambi\u00e9n aburro a mi p\u00fablico. Me pongo retos y me voy a grabar con gente que no conozco de nada. Es un reto porque tengo que convencerlos de que toquen como quiero. Nunca me faltan ganas de seguir creando. A veces despu\u00e9s de sacar un disco, hacer la gira y pasar un tiempo largo de exposici\u00f3n al p\u00fablico acabo agotado, pero s\u00f3lo se trata de dormir unas horas.<\/p>\n<p>&#8211; \u00bfQu\u00e9 le quieres decir a tu p\u00fablico con este dinamismo?<br \/>\n&#8211; Yo no s\u00e9 si puedo servir de ejemplo para alguien. A m\u00ed me gusta la gente din\u00e1mica y con mi m\u00fasica pretendo hacer que la gente se mueva o que haya algo de inquietud en ellos.<\/p>\n<p>&#8211; \u00bfA qui\u00e9n le cantas en tu nuevo disco?<br \/>\n&#8211; Le canto mucho a la gente. Canto a la gente que veo en los conciertos, aunque son personas an\u00f3nimas, cada una tiene su historia, sus emociones y sus sentimientos. Los escojo para cantarles. Intento buscar lo bueno que tenemos todos y borrar lo malo.<\/p>\n<p>&#8211; Eres admirado por el p\u00fablico y artistas, \u00bfqu\u00e9 hay en ti que conquista?<br \/>\n&#8211; Quiero pensar que es tan sencillo como que hago canciones. Ellos quieren m\u00fasica y yo la hago.<\/p>\n<p>&#8211; Pero son m\u00e1s que m\u00fasica&#8230;<br \/>\n&#8211; S\u00ed, a m\u00ed me gustan las canciones con mensaje. La m\u00fasica de baile, tambi\u00e9n me parece importante, pero me gusta m\u00e1s la m\u00fasica que te induce a la reflexi\u00f3n y te produce emoci\u00f3n. Para m\u00ed los textos en una canci\u00f3n son vitales. Me dejo la ilusi\u00f3n en componer.<\/p>\n<p>&#8211; \u00bfTus letras est\u00e1n inspiradas en ti?<br \/>\n&#8211; Tienen mi visi\u00f3n de la jugada y mi forma de estar. No tienen mis vivencias personales. Las personas que escuchan mis letras y piensan que as\u00ed soy yo est\u00e1n equivocadas. As\u00ed solo son mis canciones. A la vez hay miles de fragmentos propios en cada canci\u00f3n porque mi trabajo es fruto de la curiosidad. Soy un detective de pacotilla de momentos y as\u00ed surgen mis canciones. Me gusta preguntar y escuchar, me encanta que me cuenten cuentos y yo pretendo contar f\u00e1bulas.<\/p>\n<p>&#8211; Tus obras hablan de abstracci\u00f3n, de libertad&#8230;<br \/>\n&#8211; Yo llevo mi peque\u00f1a vida bohemia, no estoy atado a normas. Tengo la suerte de que puedo crear peque\u00f1os mundos y puedo provocar peque\u00f1os cataclismos inofensivos, adem\u00e1s as\u00ed me gano la vida y seg\u00fan me cuentan hago bien a otros. Esto merece postraci\u00f3n a los dioses y ofrendas. Me produce una alegr\u00eda absoluta y estoy deseando seguir as\u00ed.<\/p>\n<p>&#8211; \u00bfTe has hecho a tu m\u00fasica o ella se ha hecho a ti?<br \/>\n&#8211; Las dos cosas realmente. Me he formado gracias a una disciplina y unos compa\u00f1eros con los que he compartido camino. Todos con los que he trabajado me han aportado muchas cosas que est\u00e1n en m\u00ed y siempre he intentado sacar lo mejor de ellos. Tambi\u00e9n me parece que sin pr\u00e1ctica es imposible avanzar. El oficio se aprende errando.<\/p>\n<p>&#8211; \u00bfC\u00f3mo trabajas?<br \/>\n&#8211; En la m\u00fasica, nunca hago la mejor canci\u00f3n. Siempre pienso que es aceptable y me propongo hacerlo mejor la pr\u00f3xima vez. En la pintura simplemente me dejo llevar por lo que se me ocurre en ese momento y me pongo delante de la tela. Para m\u00ed, un plan para una noche puede ser un vaso de vino y un bocadillo de lomo y estar pintando hasta las cuatro de la ma\u00f1ana. Cuando tengo una iluminaci\u00f3n, empiezo otra cosa y as\u00ed funciono.<\/p>\n<p>&#8211; \u00bfEres muy ambicioso y exigente?<br \/>\n&#8211; Absolutamente. Hasta el \u00faltimo momento. A veces, despu\u00e9s de grabar un tema, se me ocurre corregir partes. Un disco o un libro no se acaba, s\u00f3lo se abandona. No acabar\u00eda nunca un disco, siempre lo estar\u00eda retocando porque cada d\u00eda soy una persona diferente con una vida distinta. No me gusta ser el mismo siempre por eso busco diferentes oficios y me enredo en muchas cosas. Todo me parece interesante.<\/p>\n<p>&#8211; \u00bfEres pragm\u00e1tico?<br \/>\n&#8211; Para nada. Soy muy poco acomodaticio. Me peleo conmigo mismo y me digo: &#8216;fuera, salga, esto est\u00e1 fatal&#8217;. Me peleo sin violencia porque al final me voy a necesitar (risas).<\/p>\n<p>&#8211; \u00bfVives para crear?<br \/>\n&#8211; S\u00ed, dedico todo mi tiempo a esto. Siempre estoy maquinando. Desde que acab\u00e9 mi anterior gira en 2009 he hecho un disco, he sacado un libro y he montado una exposici\u00f3n. Soy esc\u00e9ptico pero participativo. Ahora tengo muchas ganas de todo.<\/p>\n<p>&#8211; \u00bfD\u00f3nde te sientes c\u00f3modo creando?<br \/>\n&#8211; A salto de mata. A veces estoy con la guitarra en un camerino y me sale una combinaci\u00f3n de acordes que me gusta consigo media canci\u00f3n. Compongo en los trenes y tambi\u00e9n en la habitaci\u00f3n de un hotel. Despu\u00e9s acabo de perfilar en una peque\u00f1a habitaci\u00f3n, pero no doy descanso a mi creatividad. Estoy siempre de guardia porque es un servicio al ciudadano, que soy yo mismo. Y estoy encantado de que sirva a otros.<\/p>\n<p>&#8211; \u00bfQu\u00e9 te queda por hacer?<br \/>\n&#8211; Muchas cosas pero ya estoy contento con lo que hago. Solo quiero que los dioses me sigan tirando canciones y me dejen pintar cuadros. Tambi\u00e9n quiero tener tiempo para tomar un caf\u00e9 con los amigos. No estoy obsesionado con tener una producci\u00f3n art\u00edstica muy alta. Lo importante es estar en buenas condiciones para ofrecer lo mejor de ti. Si est\u00e1s cansado y quemado no das nada bueno a los dem\u00e1s.<\/p>\n<p>&#8211; \u00bfDe todo lo que haces, qu\u00e9 es lo que m\u00e1s te gusta?<br \/>\n&#8211; Todo. Parecer\u00e1 una tonter\u00eda pero como tengo un car\u00e1cter muy curioso, me gusta que diferentes caminos me lleven a un resultado que es para mi muy aleccionador. Estos caminos convergen, divergen, pero siempre al final me hacen avanzar y tiro para adelante. Me dan la posibilidad de avanzar que es lo que m\u00e1s me apetece. Trato de buscar un horizonte que s\u00e9 perfectamente que no estar\u00e1 cuando yo llegue.<\/p>\n<p>&#8211; \u00bfVolver\u00edas a trabajar en grupo?<br \/>\n&#8211; A estas alturas del partido no. Si hablamos de algo serio, como una obra completa, no. Tiene que ser alguien que admire y respete mucho. Soy un creador humilde, hago m\u00fasica pop, tampoco nada del otro jueves. Tengo mi amor propio como m\u00fasico y avanzo en mi camino. Aunque pueda hacer cosas paralelas, la fuerza motriz es la m\u00eda. Me siento m\u00e1quina y tengo que crear. Toco la pandereta si hace falta para alegrar a los dem\u00e1s.<\/p>\n<p>&#8211; \u00bfA qui\u00e9n admiras tanto como para trabajar con \u00e9l?<br \/>\n&#8211; Tendr\u00eda que meditarlo porque admiro a mucha gente. En mi disco ha cantado una chica de Catalu\u00f1a de la que me gustan sus discos y le ped\u00ed una colaboraci\u00f3n. Yo tengo cubierto el papel, si me gusta un guitarrista lo busco para que colabore en mi disco.<\/p>\n","protected":false},"excerpt":{"rendered":"<p>Manolo Garc\u00eda vive entregado a su guitarra, al lienzo y al papel. Acaba de presentar su quinto \u00e1lbum en solitario, ha montado una exposici\u00f3n de sus pinturas y dibujos y tambi\u00e9n ha editado un libro que es una especie de caj\u00f3n desastre de sus \u00faltimos a\u00f1os de creatividad. Con el fin de provocar una sonrisa,<a class=\"moretag\" href=\"https:\/\/www.manologarciaycia.com\/?p=1927\" title=\"MG: \u00abA ESTAS ALTURAS NO VOLVER\u00cdA A TRABAJAR EN GRUPO\u00bb\" target=\"_self\" rel=\"follow\"> <font face=arial size=2>[Leer m\u00e1s]<\/font> <\/a><\/p>\n","protected":false},"author":2,"featured_media":0,"comment_status":"closed","ping_status":"closed","sticky":false,"template":"","format":"standard","meta":{"footnotes":""},"categories":[1],"tags":[],"class_list":["post-1927","post","type-post","status-publish","format-standard","hentry","category-manolo-garcia"],"_links":{"self":[{"href":"https:\/\/www.manologarciaycia.com\/index.php?rest_route=\/wp\/v2\/posts\/1927","targetHints":{"allow":["GET"]}}],"collection":[{"href":"https:\/\/www.manologarciaycia.com\/index.php?rest_route=\/wp\/v2\/posts"}],"about":[{"href":"https:\/\/www.manologarciaycia.com\/index.php?rest_route=\/wp\/v2\/types\/post"}],"author":[{"embeddable":true,"href":"https:\/\/www.manologarciaycia.com\/index.php?rest_route=\/wp\/v2\/users\/2"}],"replies":[{"embeddable":true,"href":"https:\/\/www.manologarciaycia.com\/index.php?rest_route=%2Fwp%2Fv2%2Fcomments&post=1927"}],"version-history":[{"count":1,"href":"https:\/\/www.manologarciaycia.com\/index.php?rest_route=\/wp\/v2\/posts\/1927\/revisions"}],"predecessor-version":[{"id":1928,"href":"https:\/\/www.manologarciaycia.com\/index.php?rest_route=\/wp\/v2\/posts\/1927\/revisions\/1928"}],"wp:attachment":[{"href":"https:\/\/www.manologarciaycia.com\/index.php?rest_route=%2Fwp%2Fv2%2Fmedia&parent=1927"}],"wp:term":[{"taxonomy":"category","embeddable":true,"href":"https:\/\/www.manologarciaycia.com\/index.php?rest_route=%2Fwp%2Fv2%2Fcategories&post=1927"},{"taxonomy":"post_tag","embeddable":true,"href":"https:\/\/www.manologarciaycia.com\/index.php?rest_route=%2Fwp%2Fv2%2Ftags&post=1927"}],"curies":[{"name":"wp","href":"https:\/\/api.w.org\/{rel}","templated":true}]}}