{"id":19258,"date":"2019-04-04T09:25:19","date_gmt":"2019-04-04T07:25:19","guid":{"rendered":"https:\/\/www.manologarciaycia.com\/?p=19258"},"modified":"2019-04-04T09:27:04","modified_gmt":"2019-04-04T07:27:04","slug":"manolo-garcia-la-tenacitat-dun-lluitador-amb-40-anys-de-carrera-musical-la-tenacidad-de-un-luchador-con-40-anos-de-carrera-musical","status":"publish","type":"post","link":"https:\/\/www.manologarciaycia.com\/?p=19258","title":{"rendered":"Manolo Garc\u00eda, la tenacitat d&#8217;un lluitador amb 40 anys de carrera musical \/\/ la tenacidad de un luchador con 40 a\u00f1os de carrera musical"},"content":{"rendered":"\n<h2 class=\"wp-block-heading\">Aquest 5 d\u2019abril inicia una gira ac\u00fastica de 55 concerts que el portar\u00e0 fins a finals de desembre a cantar en teatres i espais redu\u00efts d\u2019arreu de l\u2019estat, una desena dels quals a Catalunya<\/h2>\n\n\n\n<p>\n\nBarcelon\u00e8s del Poblenou, aquest fill d\u2019una fam\u00edlia d\u2019immigrants murcians que a la postguerra va canviar la serra del Segura per una barraca al Somorrostro, a Barcelona, porta quaranta anys pujant als escenaris. Orgull\u00f3s de la seva proced\u00e8ncia, abans de tastar la mel de l\u2019\u00e8xit havia treballat molt de temps en projectes musicals sense cap rendibilitat econ\u00f2mica. Despr\u00e9s de foguejar-se amb Los R\u00e1pidos i Los Burros, amb molt d\u2019esfor\u00e7 i tenacitat va arribar a brillar al firmament musical al costat de Quimi Portet amb El \u00daltimo de la Fila. Des del 1998, ha publicat set discos en solitari, ha omplert pavellons i ven discos pels descosits. Per\u00f2 encara que la seva faceta m\u00e9s coneguda \u00e9s la de cantant, sempre ha complementat la m\u00fasica amb la pintura, un art que des del 1992 ha mostrat al p\u00fablic en una vuitantena d\u2019exposicions.<br><\/p>\n\n\n\n<p>Una tarda primaveral de finals de mar\u00e7, aprofitant un petit descans en els assajos preparatoris de la gira ac\u00fastica, el popular m\u00fasic afincat a Barcelona es va aturar un parell d\u2019hores a Vic, despr\u00e9s de fer una de les sovintejades excursions que regularment el porten a rec\u00f3rrer el Montseny i les Guilleries.<\/p>\n\n\n\n<p>En una agradable conversa mantinguda a la terrassa d\u2019un bar de la capital d\u2019Osona (una comarca on hi t\u00e9 molts records i bones amistats), Manolo fa un rep\u00e0s a la seva traject\u00f2ria biogr\u00e0fica i professional, des dels antecedents familiars murcians, la seva infantesa i adolesc\u00e8ncia al Poble Nou, passant per la seva singladura art\u00edstica (la musical, per\u00f2 tamb\u00e9 la pict\u00f2rica). Durant l\u2019entrevista tamb\u00e9 reflexiona sobre la literatura, la pagesia, els pastors, les dones ramaderes, els seus m\u00faltiples viatges al continent americ\u00e0 o el desconcert que li provoquen els pol\u00edtics i els poderosos.<\/p>\n\n\n\n<p><strong>Antecedents a la serra murciana. Una fam\u00edlia de pagesos pobres<\/strong><br><br>Manolo Garc\u00eda Garc\u00eda va n\u00e9ixer a Barcelona el 19 d\u2019agost de 1955 a dos quarts de nou del mat\u00ed. Per\u00f2 els seus antecedents familiars cal situar-los &nbsp;a F\u00e9rez, un municipi de la prov\u00edncia d\u2019Albacete que oficialment avui forma part de l\u2019actual comunitat aut\u00f2noma de Castilla-La Mancha. Situat als \u00faltims contraforts de la serra del Segura, i al marge de les oficialitats, Manolo considera que F\u00e9rez \u201cantigament havia format part de l\u2019antiga Taifa de M\u00farcia, i m\u00e9s endavant del regne de M\u00farcia\u201d. A principis dels 50, el poble tenia 2.000 habitants (avui en t\u00e9 poc m\u00e9s de 650). Com a curiositat, cal assenyalar que el director de cinema Jos\u00e9 Lu\u00eds Cuerda va rodar a F\u00e9rez moltes escenes del seu film&nbsp;<em>Amanece que no es poco.<\/em><br><br>Els avis paterns, Basiliso i Mar\u00eda, originaris de F\u00e9rez, eren molt pobres i feien de masovers en un&nbsp;<em>cortijo<\/em>. Manolo explica que l\u2019avi Basiliso \u201cera un home dels d\u2019abans, seri\u00f3s i de paraula, ferm, digne, amb molta \u00e8tica, &nbsp;pundonor i una mica d\u2019orgull de classe treballadora. Tot i que hi havia gent que es deixava aixafar pels dictats del&nbsp;<em>se\u00f1orito,&nbsp;<\/em>altres plantaven una mica la cara, com el meu avi, que reivindicava els seus drets front als rics del poble. Per una tia meva, fa poc em vaig assabentar que tenia una veu molt agradable i cantava b\u00e9. Quan arribava l\u2019hora de segar i batre, o de recollir les olives, els companys de fatigues sempre li deien: \u00abBasiliso, canta per alegrar-nos\u00bb. I ell entonava can\u00e7ons populars d\u2019abans de la guerra i de la postguerra.&nbsp; Era el patriarca de la tribu i tenia una inq\u00fcestionable autoritat moral. Les persones grans sempre decidien qu\u00e8 s\u2019havia de fer i no hi havia lloc a la possibilitat de r\u00e8plica.<br><br>Tamb\u00e9 va con\u00e8ixer l\u2019\u00e0via Maria: \u201cElla i les seves filles s\u2019ocupaven, entre altres feines de casa, d\u2019atendre els animals i fer el pa per tota la setmana. Encara conservo la pastera d\u2019alzina on amassaven la farina. La fam\u00edlia sembrava i collia blat, el posaven en 12 o 15 sacs i el portaven amb el burro al moliner del poble. Una desena de sacs eren per l\u2019amo de la finca, el moliner se\u2019n quedava dos i la fam\u00edlia, tres. Amb aquella farina la fam\u00edlia podia tirar cinc mesos\u201d.<br><\/p>\n\n\n\n<figure class=\"wp-block-image\"><img decoding=\"async\" src=\"https:\/\/dades.naciodigital.cat\/redaccio\/arxius\/imatges\/201904\/1200_155421912715012019-1-bateig_carmen._Amb_els_avis_materns.jpg\" alt=\"\"\/><\/figure>\n\n\n\n<p><em>Esquerra: Al bateig de la seva germana Carmen. Dreta: Amb els avis materns Foto: Arxiu Galea<\/em><\/p>\n\n\n\n<p>El seu avi matern, Juli\u00e1n, tamb\u00e9 era de F\u00e9rez, mentre que l\u2019\u00e0via materna,\u00a0 Maria, provenia del Sabinar, a 30 quil\u00f2metres. La casa on vivien, coneguda com <em>Los Herreros<\/em>, estava situada al barri m\u00e9s pobre del poble, anomenat El Egido, una paraula que significa \u00abel lloc on s\u2019aboquen les escombraries\u00bb. All\u00e0, Manolo hi va passar alguns estius. Avui explica que \u201ctamb\u00e9 eren pagesos molt pobres, ell feia feines molt dures, com anar a la muntanya comunal a recollir farigola i esp\u00edgol, que despr\u00e9s portava a un calderer que en feia ess\u00e8ncies. Per la c\u00e0rrega d\u2019un burro, el calderer li donava 300 pessetes per la feina d\u2019un dia i mig de treball, tot sol a la muntanya, amb un sarr\u00f3 amb una mica de pa i formatge. La fam\u00edlia materna tenia una economia de subsist\u00e8ncia, amb tres cabretes que munyien i donaven la llet als sis fills, quatre dels quals van morir: tres de gana i una quarta d\u2019un empatx a resultes de l\u2019exc\u00e9s de menjar que li va donar amb bona fe una tia mentre els pares eren fora\u201d.<br><br>El pare de Manolo, que tamb\u00e9 es deia Manuel, es va criar a F\u00e9rez i va treballar molt de temps al\u00a0<em>cortjo<\/em>\u00a0d\u2019un\u00a0<em>se\u00f1orito.<\/em>\u00a0Tenia dos germans m\u00e9s, per\u00f2 ell era el que m\u00e9s feinejava al camp: \u201cEra un pag\u00e8s complet que havia comen\u00e7at a treballar als vuit anys. De m\u00e9s grandet, es llevava a les quatre de la matinada i donava el pinso a les vaques de llaurar que ell mateix domava i que despr\u00e9s arrossegaven les arades. A les sis, anava a llaurar unes feixes molt petites; treure algun producte en aquella situaci\u00f3 era molt complicat, perqu\u00e8 no hi havia tractors i els accessos eren dif\u00edcils. Encara conservo l\u2019arada romana que feia servir\u201d.<br><br>La mare de Manolo, Carmen, una noia de pocs estudis, abans de casar-se amb el seu pare, ajudava en les tasques dom\u00e8stiques als seus progenitors, Juli\u00e1n i Mar\u00eda: \u201cEra una \u00e8poca de molta mis\u00e8ria i ella es cuidava de les cabres, les gallines i el porc, i des de ben petita tamb\u00e9 ajudava a la cuina. Amb el meu pare es van con\u00e8ixer a F\u00e9rez quan eren adolescents. El pare em va explicar que, poc abans de casar-se , com que la seva economia era molt prec\u00e0ria, li va demanar al\u00a0<em>se\u00f1orito\u00a0<\/em>si li podia deixar dues feixes per cultivar tom\u00e0quets i patates, i poder tenir quatre gallines. Per\u00f2 l\u2019amo li va dir que no: \u00abTu treballes per mi i punt!\u00bb. Llavors el pare li va dir: \u2018Aqu\u00ed es queda vost\u00e8 amb la seva finca\u201d.<br><br><strong>Les barraques del Somorrostro. Obrint rases\u00a0 a pic i pala. La f\u00e0brica de Macosa. Escol\u00e0 de la parr\u00f2quia<\/strong><br><br>Poc despr\u00e9s, els seus pares es van casar i \u201cvan anar a buscar-se la vida a Barcelona. Van pujar al tren\u00a0<em>sevillano<\/em>, on hi van carregar el llit, la tauleta de nit i quatre cadires d\u2019espart que el meu pare havia fet a mitges amb el fuster del poble. A la capital catalana no hi tenien pis i se\u2019n van anar\u00a0 a viure en una barraca al Somorrostro, com les primeres remeses de murcians a principis dels cinquanta, que subsistien en campaments, en condicions paup\u00e8rrimes. De fet, abans, a primera l\u00ednia de mar ja s\u2019hi havien instal\u00b7lat uns oncles, en unes condicions semblants als actuals campaments dels refugiats sirians instal\u00b7lats al L\u00edban. Ells, per\u00f2 eren refugiats econ\u00f2mics en el context d\u2019una dictadura militar. M\u2019explicaven que quan hi havia temporal a les platges del Camp de la Bota i el Somorrostro, la gent es veia obligada a entrar uns metres terra endins, perqu\u00e8 les barraques quedaven destru\u00efdes i havien de tornar a comen\u00e7ar\u201d.<br><br>Els seus pares van aconseguir un dels barracots a uns dos-cents metres del mar, a prop de l\u2019estaci\u00f3 del Poblenou: \u201cCoincidint amb el m\u00edtic\u00a0<em>Plan de Desarrollo<\/em>, de mica en mica van anar arreglant aquell habitatge. Per\u00f2 com que no tenia aigua corrent, havien de portar-la de la font; jo, que em vaig criar all\u00e0, moltes vegades havia d\u2019anar-hi a fer cua i portar l\u2019aigua per cuinar i per rentar-nos. Recordo que a dins de la barraca, plena de degoters, sovint hi plovia\u201d.<br><\/p>\n\n\n\n<figure class=\"wp-block-image\"><img decoding=\"async\" src=\"https:\/\/dades.naciodigital.cat\/redaccio\/arxius\/imatges\/201904\/1200_155421894026112018-2-amb_la_mare_i_la_germana_carmen.jpg\" alt=\"\"\/><\/figure>\n\n\n\n<p><em>Amb la mare i la germana. Foto: Arxiu Galea<\/em><br>El pare, el primer que va fer en arribar va Barcelona va ser \u201ctreballar amb samarreta obrint rases a pic i pala al mercat de peix del Born. All\u00e0, de vegades s\u2019ensorrava un tram i hi havia gent ferida. Per\u00f2 ell no estava per h\u00f2sties, havia de treballar, per\u00f2 estava content, perqu\u00e8 a F\u00e9rez tenia un&nbsp;<em>se\u00f1orito<\/em>&nbsp;que l\u2019humiliava; en canvi, a Barcelona es defensava tot sol i tenia festa el diumenge, un dia que aprofitava per passejar i anar a fer un<em>&nbsp;xato<\/em>&nbsp;de vi amb els amics; per\u00f2 a difer\u00e8ncia del poble on hi havia molt control i passaven llista, no havia d\u2019anar a missa. M\u00e9s endavant va fer altres feines, per\u00f2 per sobre de tot va deixar-se la pell molts anys a Macosa, una f\u00e0brica del ram del metall on constru\u00efen rails, vies de tren i components ferroviaris. Quan jo tenia set o vuit anys li portava la carmanyola. Aquells dies els obrers feien torns molt durs. Curiosament, les mateixes sirenes que durant la guerra havien avisat del bombardejos dels avions italians, a Macosa sonaven per marcar els canvis de torn\u201d.<br><br>Mentrestant, la mare feia de mestressa de casa. Quan va tenir els fills -Manolo i la seva germana Carmen, sis anys m\u00e9s jove que ell-, &nbsp;els va haver de criar, per\u00f2 quan ja van ser una mica agambats, per ajudar l\u2019economia dom\u00e8stica, \u201cse\u2019n va anar a treballar al teler d\u2019una f\u00e0brica t\u00e8xtil al costat del Mercat del Poblenou. Quan plovia, jo l\u2019anava a buscar amb paraig\u00fces a les deu de la nit, quan s\u2019acabava el torn de nit de les dones\u201d.<br><br>Manolo Garc\u00eda va cr\u00e9ixer al Poblenou, un barri barcelon\u00ed que es va omplir d\u2019extremenys, murcians i andalusos en ple fulgor del r\u00e8gim franquista. En aquella \u00e8poca es va popularitzar del rock &amp; roll als Estats Units d&#8217;Am\u00e8rica, tot i que a l\u2019estat espanyol la banda sonora era una altra. Aqu\u00ed sonava Antonio Mach\u00edn, un cantant que s\u2019havia convertit en l\u2019\u00eddol de les masses, mentre el torero Chamaco feia les del\u00edcies de l\u2019afici\u00f3 i TVE iniciava les seves primeres emissions. Per\u00f2 la miraculosa i m\u00edtica&nbsp;<em>caixa tonta,&nbsp;<\/em>objecte de devota adoraci\u00f3 per part de les fam\u00edlies espanyoles, no va arribar a casa del futur m\u00fasic.<br><br>De petit, jugava amb \u201cpaquets de detergents i ninots de pl\u00e0stic, indis i soldats americans. Jo muntava fortins amb cartrons i restes de fustes que deman\u00e0vem al fuster del barri. Amb quatre o cinc amics, jug\u00e0vem als carrer sense asfaltar i qued\u00e0vem ben enfangats; tamb\u00e9 constru\u00edem patinets amb coixinets i fustes, i jug\u00e0vem a guerra amb arcs i fletxes i forquetes. Amb aix\u00f2 \u00e9rem feli\u00e7os. En canvi, el futbol no em va interessar mai. El nostre \u00e0mbit de correries era pels voltants de l\u2019estaci\u00f3 del tren del Poblenou, que aleshores era un fangar on centenars de camions cada dia hi abocaven porqueria. En alguns indrets del barri, la sorra era negra a causa de les xemeneies de les ind\u00fastries. Jo vivia al Carrer Ramon Turr\u00f3, a prop del carrer Llull, on diuen que l\u2019anarquista Durruti i els seus companys es reunien en un pis on discutien les t\u00e0ctiques per avortar l\u2019aixecament franquista de 1936\u201d.<br><br>La seva primera traject\u00f2ria escolar va transc\u00f3rrer al col\u00b7legi nacional Lope de Vega, al costat de casa. El seu expedient acad\u00e8mic reflecteix algunes turbul\u00e8ncies. Com que feia d\u2019escol\u00e0 a la parr\u00f2quia de Santa Maria del Teulat, treia un 9 de Religi\u00f3, i tamb\u00e9 sobresortia en dibuix, per\u00f2 solia suspendre en Gimn\u00e0stica: \u201cEra un&nbsp;<em>paquet, p<\/em>er\u00f2 el pitjor eren les matem\u00e0tiques, doncs la professora m\u2019expulsava de classe amb certa freq\u00fc\u00e8ncia, em donava constants avisos i carbasses, em posava orelles de burro, em castigava i m\u2019aplicava tota mena de severs correctius, per esvalotar i fer el pallasso\u2019. Despr\u00e9s&nbsp; va estudiar secund\u00e0ria a l\u2019Institut Juan de Austria, a la Verneda.<br><br>Referint-se a la seva etapa d\u2019escol\u00e0 a Santa Mar\u00eda del Taulat, recorda que \u201ctot i que a casa no eren massa cat\u00f2lics, all\u00e0 ajudava a les misses, casaments i enterraments i &nbsp;tamb\u00e9 tocava les campanetes. Tothom deia que jo era un bon escol\u00e0, el m\u00e9s seri\u00f3s, i que mai no feia campana. Segons el rector, jo exercia la meva tasca amb una fe i una voluntat fora del com\u00fa. En realitat, sense entrar en temes teol\u00f2gics, all\u00f2 per mi era un joc que em fascinava. Curiosament, fa pocs anys, en un reportatge televisiu del Canal 33 va apar\u00e8ixer el capell\u00e0 de la parr\u00f2quia, de qui no tinc cap mal record, sobretot ara que tant es parla dels abusos. Era un bon home que ens animava a carregar furgonetes amb sacs d\u2019arr\u00f2s, cigrons i llenties, i tota mena de material per portar a les missions d\u2019\u00c0frica. En el reportatge que vaig veure em vaig assabentar que a l\u2019\u00e8poca que jo feia d\u2019escol\u00e0 aquell home havia acollit refugiats antifranquistes i comunistes, i tamb\u00e9 feia de pont de persones perseguides que volien fugir d\u2019Espanya.&nbsp; \u00abResulta que el meu moss\u00e8n era un \u2018capell\u00e0 obrer\u2019. I me\u2019n vaig alegrar molt\u201d.<br><\/p>\n\n\n\n<figure class=\"wp-block-image\"><img decoding=\"async\" src=\"https:\/\/dades.naciodigital.cat\/redaccio\/arxius\/imatges\/201904\/1200_155421924102032019-31_A_Vic._Foto_toni_coromina_2019_(2).jpg\" alt=\"\"\/><\/figure>\n\n\n\n<p><em>Manolo Garc\u00eda. Foto: Toni Coromina<\/em><br>A la mateixa \u00e8poca, va debutar com a vocalista en el cor del Centre Cultural i Moral del barri, arribant a desmaiar-se en plena interpretaci\u00f3 de l\u2019himne mari\u00e0&nbsp;<em>El Virolai:&nbsp;<\/em>&nbsp;\u201cEm vaig desplomar, com un pardalet &nbsp;caigut de l\u2019arbre. Suposo que em vaig emocionar massa\u201d, recorda. Per\u00f2 la seva infantesa tamb\u00e9 va associada a les formidables pel\u00b7l\u00edcules de trets que veia als cinemes del barri, on l\u2019acompanyava la seva padrina, una bona dona que estava conven\u00e7uda que aquell nen inquiet i circumspecte algun dia seria cantant. La bona senyora, a tal efecte, sotmetia el petit Manolo a curiosos rituals per conjurar alguna suposada f\u00faria i li tallava les ungles darrere d\u2019una porta, com un sortilegi. Per\u00f2 al cinema tamb\u00e9 exhibien pel\u00b7l\u00edcules musicals, i en alguna d\u2019elles va arribar a descobrir al seu \u00eddol predilecte, Antonio Molina, i tamb\u00e9 a Raphael o Peret. Passat els anys, diu que \u201canar al cinema era fant\u00e0stic perqu\u00e8 hi feien sessions cont\u00ednues, i si t\u2019agradaven les dues pel\u00b7l\u00edcules podies repetir. A m\u00e9s, entre mig feien el Nodo, el noticiari franquista que mir\u00e0vem sense saber el context pol\u00edtic del pa\u00eds perqu\u00e8 \u00e9rem molt petits. Pers sort, al meu barri &nbsp;hi havia molts cinemes: &nbsp;el Rellisqu\u00edn, l\u2019Ideal, el Calif\u00f2rnia, el Pere Quart\u2026 Era una del\u00edcia per a la canalla; i un entreteniment molt barat: una pesseta. Sense oblidar les pipes i els tramussos, per\u00f2 no hi havia crispetes ni coca-coles, bev\u00edem Mirinda\u201d.<br><br><strong>Entre la grisor de la Barcelona industrial i els estius al poble de F\u00e9rez. La r\u00e0dio i els tebeos. Les excursions.<\/strong><br><br>Fins als 14 anys va passar les vacances d\u2019estiu a F\u00e9rez. Per\u00f2 el contrast amb l\u2019enrenou i el batibull de la gran ciutat era patent. Al poble, en un ambient absolutament rural, els nois de la seva edat portaven una vida molt diferent, encara que ell, que no era aficionat jugar a futbol, anava al seu aire: \u201cJo acostumava a gaudir de la llibertat i a passejar en solitari. Era for\u00e7a individualista i encara ho s\u00f3c, tot i que mai no he rebutjat una convocat\u00f2ria social. De vegades anava amb el burro a l\u2019hort de l\u2019avi Basiliso, on passava moltes hores cuidant les patates i els tom\u00e0quets; d\u2019altres, anava al riu a ca\u00e7ar granotes.&nbsp; Sempre m\u2019ha admirat la vibraci\u00f3 de la natura, els arbres i les muntanyes. Recordo que quan arribava al poble a principis d\u2019estiu, ho feia des de la condici\u00f3 de catal\u00e0, per\u00f2 quan tornava a Barcelona era murci\u00e0. Em trobava en terreny de ning\u00fa, tot era relatiu. El retorn a Barcelona i a la disciplina escolar solia ser dura, perqu\u00e8 el retrobament amb un m\u00f3n industrial, molt gris, no m\u2019interessava, el rebutjava. Despr\u00e9s de passar uns mesos en un ambient m\u00f3n buc\u00f2lic i pastoral, &nbsp;banyant-me en les basses o a al riu Segura, tornar al Poblenou, un barri amb els carrers plens de fang negre era dif\u00edcil\u201d.<br><br>Com que a casa seva no tenien tocadiscos ni televisi\u00f3, el cord\u00f3 umbilical que l\u2019unia amb el m\u00f3n eteri i virtual era la r\u00e0dio: \u201cSempre que podia escoltava contes i els serials radiof\u00f2nics&nbsp;<em>Cascabel<\/em>&nbsp;i<em>&nbsp;Tambor<\/em>; tamb\u00e9 era un seguidor impenitent del&nbsp;<em>Consultorio sentimental de Helena Francis<\/em>, una senyora que feia la impressi\u00f3 de saber-ho tot en el camp de l\u2019amor i els sentiments; anys despr\u00e9s, em vaig assabentar que sota el misteri\u00f3s pseud\u00f2nim de&nbsp;<em>Se\u00f1ora Francis<\/em>, s\u2019hi amagava un gallard guionista de sexe mascul\u00ed. Per\u00f2 la r\u00e0dio tamb\u00e9 em va permetre aprendre\u2019m de mem\u00f2ria les can\u00e7ons de Juanito Valderrama i, per descomptat, les d\u2019Antonio Molina. M\u00e9s endavant em vaig a familiaritzar amb la cantilena de Los Bravos, Los Brincos i M\u00f3dulos. Recordo que la m\u00fasica del peluts dels Beatles a l\u2019Espanya franquista es va rebre de mala gana fins que la realitat es va imposar. Aquells dies jo m\u2019aturava sovint en una petita llibreria del barri on de vegades posaven els&nbsp;<em>singles<\/em>&nbsp;de moda en un tocadiscos. Aix\u00ed vaig descobrir algun grup de rock, com ara Led Zeppelin o Creedence Clearwater Revival\u201d.<br><br>Com la majoria de nois de la seva \u00e8poca, per sortir del tedi escolar Manolo tamb\u00e9 llegia&nbsp;<em>Haza\u00f1as B\u00e8licas<\/em>, el&nbsp;<em>TBO<\/em>, o&nbsp;<em>El Capit\u00e1n Trueno<\/em>, un heroi que de gran es van reencarnar a Makoki, o en el Tinent Blueberry. En el camp de la lectura juvenil devorava les novel\u00b7les de Jules Verne, Mark Twain i Emilio Salgari.<br><br>Avui assenyala que de petit no era massa conscient de viure en una dictadura, ni tampoc de la singularitat especial de Catalunya: \u201cJo nom\u00e9s coneixia els quatre carrers del barri on jug\u00e0vem. No sabia res m\u00e9s, ni tampoc coneixia el centre de Barcelona. De fet, si alguna vegada hi anava amb tramvia amb la mare, ella deia \u2018anem a Barcelona\u2019. &nbsp;Fins als 14 o 15 anys sempre vaig parlar en castell\u00e0 perqu\u00e8 era la llengua que tothom parlava al barri; el catal\u00e0, amb prou feines el sentia. Segurament passava el mateix que avui a Santa Coloma de Gramenet, on hi ha alguns carrers on tothom parla \u00e0rab o xin\u00e8s. A la meva infantesa i adolesc\u00e8ncia, el Poblenou era un gueto. No va ser fins que vaig sortir del barri que vaig comen\u00e7ar a descobrir el catal\u00e0, un idioma fins aleshores desconegut\u201d.<br><br>Ja ben entrada l\u2019adolesc\u00e8ncia, Manolo va comen\u00e7ar a lluir una notable cabellera, la qual cosa, unida a la seva pell morena, li va valer l\u2019apel\u00b7latiu de l\u2019Indi. Contr\u00e0riament a la t\u00f2nica general del moment, no va formar mai part de cap organitzaci\u00f3 juvenil, ja fos la falangista OJE, els aspirants d\u2019Acci\u00f3 Cat\u00f2lica, o els&nbsp;<em>boy scouts<\/em>. Fins que va comen\u00e7ar a freq\u00fcentar un grup de nois relacionats amb el Centre Excursionista del Poblenou i alguns caps de setmana se n\u2019anava d\u2019excursi\u00f3 a la Garriga amb ells, \u201ccarregats amb la motxilla, una bota de vi i algunes dosis de botifarra. Els dissabtes a la tarda, agaf\u00e0vem el tren i an\u00e0vem als cingles del Bert\u00ed, a sobre Centelles, un viatge que per nosaltres era com anar a la Xina. Quan arrib\u00e0vem a l\u2019estaci\u00f3 puj\u00e0vem muntanya amunt i ens instal\u00b7l\u00e0vem en un prat d\u2019herba, on dorm\u00edem en tendes de campanya i sac de dormir, i cuin\u00e0vem qualsevol cosa amb un fogonet de but\u00e0. Ten\u00edem entre 15 i 17 anys i \u00e9rem feli\u00e7os\u201d.<br><br><strong>La primera bateria. Amenitzant bodes i festes de discoteca. El rock i els hippies. El Zeleste.<\/strong><br><br>Amb les 500 pessetes que la seva mare li va donar d\u2019amagat del seu pare, Manolo va comprar la seva primera bateria. Es tractava d\u2019un trasto antiqu\u00edssim: \u201cUna&nbsp;<em>jazz band<\/em>&nbsp;de fusta composta de bombo, caixa i platerets. Vaig comen\u00e7ar a colpejar aquell instrument al ritme de&nbsp;<em>Los ejes de&nbsp; mi carreta<\/em>. Mica en mica vaig passar a copiar amb entusiasme tot el repertori de Creedence Clearwater Revival. Fins que un dia que vaig aconseguir calcar el solo de bateria d\u2019<em>In-A-Gadda-Da-Vida<\/em>, d\u2019Iron Buterfly, vaig considerar que el meu toc era demolidor i que d\u2019all\u00e0 ja podia anar a Hollywood\u201d.<br><\/p>\n\n\n\n<figure class=\"wp-block-image\"><img decoding=\"async\" src=\"https:\/\/dades.naciodigital.cat\/redaccio\/arxius\/imatges\/201904\/1200_155421912615012019-3-bateria_amb_materia_gris,1975_(Arxiu_galea)._A_la_mili,_1976_(arxiu_Galea).jpg\" alt=\"\"\/><\/figure>\n\n\n\n<p><em>Esquerra: De bateria amb Materia Gris,1975. Dreta: A la mili, 1976 Foto: Arxiu Galea<\/em><br>Conven\u00e7ut que podia menjar-se el m\u00f3n, va entrar a formar part del seu primer grup, Materia Gris, que va concursar discretament en cert\u00e0mens de joves promeses i va actuar a les discoteques del Poblenou i del barri del Verdum. Amb aquella formaci\u00f3 durant tres temporades es va dedicar a amenitzar els balls populars d\u2019un centenar de poblacions catalanes.<br><br>A la primera meitat dels 70 es van fer famoses les sessions vespertines rockeres del barcelon\u00ed Sal\u00f3 Price, un local de dubtosa reputaci\u00f3, dedicat habitualment a oferir vetllades de boxa i lluita lliure. Cada diumenge a la tarda, despr\u00e9s del debut d\u2019algun grup teloner, intervenien artistes consagrats del nivell de Los Canarios o Lone Star. Aquelles sessions estaven organitzades, entre altres, per l\u2019inefable periodista Jos\u00e9 Mar\u00eda Pallard\u00f3, per\u00ednclit expert musical que, segons Manolo, \u201cen aquella \u00e8poca, va ajudar molt als grups rockers locals, des de la seva plataforma&nbsp;<em>El Clan de la Una<\/em>&nbsp;i&nbsp;<em>Al mil per mil<\/em>, a R\u00e0dio Joventut, quan la televisi\u00f3 encara no feia estralls generacionals\u201d.<br><br>Per malaltia del bateria d\u2019un grup d\u2019artistes novells, Manolo va tenir l\u2019oportunitat d\u2019actuar com a teloner de Lone Star en una de les matinals. El trio de p\u00fabers va aguantar estoicament una espectacular pluja d\u2019objectes de tot tipus, inclosa alguna ampolla, fins que el guitarrista i el baixista van optar per retirar-se; per\u00f2 Manolo no. \u201cEm vaig adonar que tenia una oportunitat d\u2019or per fer soroll. El granissat d\u2019objectes variats va continuar caient, per\u00f2 vaig aguantar el tipus. Des de les bambolines, Pedro Gen\u00e9, cantant de Lone Star, contemplava al\u00b7lucinat l\u2019escena surrealista de l\u2019intr\u00e8pid i imberbe jovenet (un servidor), tot desafiant irresponsablement la parr\u00f2quia; encara el recordo mirant amb cara d\u2019\u00e0nec i partint-se de riure. Quan vaig acabar, em va felicitar efusivament\u201d.<br><br>Va tocar la bateria dos anys m\u00e9s amb Materia Gris, una formaci\u00f3 que es dedicava a amenitzar banquets i festes&nbsp;<em>discotequeres<\/em>, amb temes d\u2019ahir i de sempre:&nbsp;<em>La bamba, El reloj<\/em>&nbsp;i altres per l\u2019estil. Encara que tamb\u00e9 aprofitaven qualsevol ocasi\u00f3 per interpretar versions dels rockers m\u00e9s emblem\u00e0tics del panorama internacional. El grup va tenir un cert predicament al Sal\u00f3 Kyoto, d\u2019Igualada, on durant un any sencer van actuar dos diumenges al mes. Aquells dies, per anar de Barcelona a Igualada, la furgoneta del grup trigava dues hores i mitja, era tota una odissea; avui, aquest trajecte es realitza en nom\u00e9s 20 minuts. I un detall anecd\u00f2tic: una vegada pagades les despeses, cada m\u00fasic s\u2019emportava a casa la desorbitada quantitat de 150 pessetes. Abans de desapar\u00e8ixer, Materia Gris va canviar el seu nom per un patron\u00edmic m\u00e9s aviat&nbsp;<em>heavy<\/em>: Sat\u00e1n.<br><br>El moviment musical catal\u00e0 no s\u2019entendria sense els macroconcerts de rock que es van celebrar a mitjans dels anys 70. I Manolo va ser un dels joves que va assistir al primer Canet Rock amb un sarr\u00f3 i un sac de dormir: \u201cAll\u00f2 em semblava tan important com el festival de Woodstock. Hi vaig anar tot sol, per\u00f2 era all\u00e0. No prenia drogues, per\u00f2 em sentia feli\u00e7 de poder compartir la festa amb els hippies. I vaig decidir que volia&nbsp; ser m\u00fasic s\u00ed o s\u00ed\u201d.<br><br>Mentrestant, durant la setmana treballava en una fusteria i es cruspia amb ganes els entrepans de truita que amb molt d&#8217;amor &nbsp;li preparava la seva sacrificada mare. En canvi, el seu pare, que no veia gens clar que el fill pogu\u00e9s viure &nbsp;de la m\u00fasica, sempre el renyava per la cabellera i per la seva suposada tend\u00e8ncia al hippisme: \u201cL&#8217;home nom\u00e9s volia que el seu fill deix\u00e9s de fer&nbsp;<em>l\u2019\u00edndio<\/em>&nbsp;i que entr\u00e9s a treballar de delineant a Macosa. Per\u00f2 el m\u00e0xim que va aconseguir va ser que jo particip\u00e9s en un concurs de dibuix organitzat per l\u2019empresa metal\u00b7l\u00fargica en qu\u00e8 vaig obtenir el segon premi, que em va reportar una ploma estilogr\u00e0fica i un \u00e0lbum de cromos de futbolistes que no m\u2019interessaven en absolut\u201d.<br><\/p>\n\n\n\n<figure class=\"wp-block-image\"><img decoding=\"async\" src=\"https:\/\/dades.naciodigital.cat\/redaccio\/arxius\/imatges\/201904\/1200_155421913007032019-4-amb_Silmay_Su_Conjunto._1978_Arxiu_Galea.jpg\" alt=\"\"\/><\/figure>\n\n\n\n<p><em>Manolo amb Sima y su Conjunto, 1978 Foto: Arxiu Galea<\/em><br>Als 17 anys, la seg\u00fcent etapa va ser Silma y su Conjunto, \u201cuna banda capitanejada per una encantadora senyoreta del barri de Sants, de Barcelona, que tenia incre\u00efbles dots vocals i era molt guapa. Les seves versions de&nbsp;<em>L\u2019emigrant<\/em>&nbsp;i&nbsp;<em>El rossinyol<\/em>&nbsp;arribaven a l\u2019\u00e0nima del p\u00fablic. A m\u00e9s de tocar en discoteques i festes majors, tamb\u00e9 ho feien al restaurant&nbsp;<em>Los tres molinos<\/em>, un local de la carretera d\u2019Esplugues especialitzat en casaments a l\u2019engr\u00f2s. De vegades, Silma deixava que Manolo cant\u00e9s algun tema modern &#8211;<em>Feelings<\/em>&nbsp;tenia molt \u00e8xit- o alguna versi\u00f3 dels hits del rock &amp; roll: \u201cEls m\u00fasics cobr\u00e0vem una mitjana de 3.000 pessetes per bolo. Si el pare de la n\u00favia sol\u00b7licitava una can\u00e7\u00f3 concreta, em treia una propina de 4.000 pessetes extres per cantar, per exemple,<em>&nbsp;Un rayo de sol\u201d<\/em>. Veient que els seus primers refilets en p\u00fablic li sortien for\u00e7a ben afinats, pel m\u00f2dic preu de 5.000 pessetes Manolo es va comprar un&nbsp;<em>Shure,<\/em>&nbsp;un micr\u00f2fon de qualitat contrastada, que avui encara conserva.<br><br>Durant les estones de lleure, va comen\u00e7ar&nbsp; a freq\u00fcentar el Zeleste, el m\u00edtic local barcelon\u00ed del carrer Plateria, \u201cuna mena de Tibidabo musical, un aut\u00e8ntic parc d\u2019atraccions on actuaven Pau Riba \u2013<em>Dioptria&nbsp;<\/em>va ser un dels millors discos de la m\u00fasica en catal\u00e0 de tots els temps-, Sisa, Oriol Tramvia, La Voss del Tr\u00f3pico, el Gato P\u00e9rez i l\u2019Orquestra Plateria. Una de les escenes que m\u00e9s em va impressionar va ser l\u2019actuaci\u00f3 de Joseph Manel, el cantant de la Plateria, que va apar\u00e8ixer a l\u2019escenari tocant les congues, vestit amb un davantal de carnisser. Aquella generaci\u00f3 tenia molt sentit de l\u2019humor, una cosa que ara potser es troba a faltar. A m\u00e9s del pop-rock catal\u00e0, llavors anomenat \u2018ona laietana\u2019, les seves prefer\u00e8ncies musicals passaven per King Crimson, Blondie, Ultravox&#8230;, o la canya andalusa de Triana, Gualberto, Smash i Lole i Manuel. Cap a la segona meitat dels setanta va freq\u00fcentar el Palau d&#8217;Esports de Barcelona, un incomparable marc on va actuar Carlos Santana o els Queen de Freddy Mercury. Mentrestant, per la r\u00e0dio, Jos\u00e9 Maria Pallard\u00f3 continuava amb la seva tasca divulgativa, promocionant grups estrangers tan emblem\u00e0tics com Cream i Traffic\u201d.<br><br>Malgrat treballar com a fuster, descarregador de mobles, delineant o publicitari, Manolo idealitzava i admirava els hippies, \u201cuns individus que em semblaven collonuts, perqu\u00e8 creia que eren feli\u00e7os sense fotre brot. En realitat, \u00e9s molt possible que molts penquessin igual que jo, que em tenia per un<em>&nbsp;capullo<\/em>. Per\u00f2 vaig descobrir que alguns hippies de tend\u00e8ncia llibert\u00e0ria eren partidaris de l\u2019autogesti\u00f3. Veient la duresa amb qu\u00e8 la vida havia tractat al meu pare, vaig pensar que no em venia de gust treballar exclusivament en benefici de tercers que et roben, t\u2019esclavitzen i et tenen a la seva merc\u00e8. Per aix\u00f2, admirava la gent que formava un comuna. Curiosament, amb el pas dels anys, vaig poder posar en pr\u00e0ctica l\u2019autogesti\u00f3, sobretot quan amb Quimi Portet vam crear El \u00daltimo de la Fila\u201d. &nbsp;<br><br><strong><em>La Movida<\/em><\/strong><strong>&nbsp;madrilenya. Los R\u00e1pidos.<\/strong><br><br>Abans de l&#8217;eclosi\u00f3 de la&nbsp;<em>movida<\/em>&nbsp;madrilenya, durant la d\u00e8cada dels setanta Barcelona havia esdevingut la capital cultural peninsular gr\u00e0cies a una potent ind\u00fastria editorial, el despertar de l&#8217;ecologisme, l&#8217;expansi\u00f3 dels moviments alternatius i l&#8217;ebullici\u00f3 de la m\u00fasica laietana, que va tenir la seva catedral particular a Zeleste i va suposar una alternativa a la m\u00fasica dels cantautors de la Nova Can\u00e7\u00f3, capitanejats pels Setze Jutges.<br><br>A finals dels setanta, despr\u00e9s de les primeres eleccions municipals i auton\u00f2miques de la \u00abdemocr\u00e0cia\u00bb, Barcelona va deixar de ser el motor cultural del pa\u00eds i va cedir el protagonisme a Madrid, que va experimentar una \u00e8poca daurada musical amb noms tan rellevants com Alaska, Aviador Dro, Derribos Arias, Ejecutivos Agresivos, Kaka de Luxe, Los Elegantes, Radio Futura, Gabinete Caligari, Glutamato Ye-y\u00e9, Hombres G, Mecano, Nacha Pop o Los Secretos, per citar-ne alguns. Coincidint amb la vict\u00f2ria del PSOE i el mandat de l&#8217;alcalde socialista Enrique Tierno Galv\u00e1n a Madrid, a la capital del regne es va consagrar definitivament la&nbsp;<em>movida<\/em>madrilenya, un fenomen social, cultural i l\u00fadic desenvolupat entre 1977 i 1984, amb el seu punt \u00e0lgid entre 1981 i 1982. En aquest per\u00edode, un ampli grup d&#8217;artistes va crear un moviment caracteritzat per les ganes de divertir-se i acabar amb l&#8217;ensopiment de l&#8217;\u00e8poca franquista i la transici\u00f3.<br><br>Seguint la llei del p\u00e8ndul, a mitjans dels vuitanta, la&nbsp;<em>movida<\/em>&nbsp;madrilenya va entrar en decad\u00e8ncia i un grup catal\u00e0 va emergir del no res, convertint-se durant deu anys en la formaci\u00f3 musical m\u00e9s destacada de l&#8217;univers musical estatal: El \u00daltimo de la Fila (1985-1995), el projecte impulsat per Manolo Garc\u00eda i Quimi Portet. Tot va comen\u00e7ar a principis del 1980, quan el m\u00fasic d\u2019origen argent\u00ed Sergio Makaroff buscava m\u00fasics per a l\u2019enregistrament d\u2019un LP amb les seves \u00faltimes composicions. Necessitava un guitarrista, un baixista, un teclista i un bateria. Aviat es va trobar amb Manolo, aleshores bateria, i amb Esteban Mart\u00edn, conegut teclista d\u2019origen uruguai\u00e0-alemany establert a Barcelona. Sergio va encarregar a Manolo i Esteban la tasca de buscar la resta de components del grup. I aquests van fitxar Antonio Fidel, m\u00fasic de Cartagena que fins aquell dia mai no havia tocat el baix, i el guitarrista Josep Llu\u00eds P\u00e9rez, un m\u00fasic experimentat que havia abandonat la banda simf\u00f2nica Abedul. Despr\u00e9s de gravar el disc de Makaroff, els m\u00fasics van voler provar sort pel seu compte i van fitxar el bateria Lu\u00eds Visiers, passant Manolo Garc\u00eda a ser el cantant. Sense tenir un nom definit, van treballar intensament donant forma a una vintena de temes propis i van gravar la seva primera maqueta, que van portar a les oficines d\u2019EMI. Amb nom\u00e9s dos mesos d\u2019assajos van obtenir el seu primer contracte discogr\u00e0fic i van batejar la banda amb el nom de Los R\u00e1pidos.<br><\/p>\n\n\n\n<figure class=\"wp-block-image\"><img decoding=\"async\" src=\"https:\/\/dades.naciodigital.cat\/redaccio\/arxius\/imatges\/201904\/1200_155421912515012019-5-burros_1984_foto_toni_coromina.jpg\" alt=\"\"\/><\/figure>\n\n\n\n<p><em>Esquerra: Los Burros a Cardedeu (1984). Dreta: actuaci\u00f3 amb Los Burros. Foto: Toni Coromina<\/em><br>El mateix 1980 van enregistrar&nbsp;<em>Amor biodegradable<\/em>, el seu primer i \u00fanic LP, que va sortir en venda a l\u2019any seg\u00fcent. El disc, del qual se\u2019n van vendre 2.000 c\u00f2pies, contenia dotze can\u00e7ons d\u2019estil pop-rock com&nbsp;<em>Navaja de papel, Televisi\u00f3n desactivada o Ruta del sur<\/em>, amb un so tirant a punk. Malgrat l\u2019escassa repercussi\u00f3 en vendes, van fer prop de trenta concerts, la majoria a Catalunya. El seu directe, molt provocador, estava farcit de pluges d\u2019escuma i explosions de fum, mentre Manolo destrossava televisors a l\u2019escenari a cops de destral. Los R\u00e1pidos van actuar diverses vegades de teloners de La Orquesta Mondrag\u00f3n i Ramones. Tanmateix, tot i les cr\u00edtiques favorables de les revistes especialitzades i el seguiment entusiasta d\u2019un important nucli d&#8217;admiradors, la seva aventura no acabava de funcionar a nivell econ\u00f2mic.<br><br>El 1981, a meitat de la gira, quan tenien a punt el single&nbsp;<em>Ruta del sur<\/em>&nbsp;i havien enregistrat una nova maqueta, la companyia EMI la va rebutjar i va deixar de donar suport al grup. Tanmateix, Los R\u00e1pidos van continuar les seves actuacions fins a finals d\u2019any. Va ser en un d\u2019aquests concerts, el festival Rock de Lluna dels Hostalets de Baleny\u00e0, que Los R\u00e1pidos van coincidir amb el grup vigat\u00e0 Kul de Mandril, liderat per Quimi Portet. I \u00e9s en aquest punt que els camins dels dos fundadors d&#8217;El \u00daltimo de la Fila van trobar-se.<br><br>Aquella nit, Manolo Garc\u00eda i Antonio Fidel es va sorprendre del carisma, l\u2019energia i el talent musical d\u2019en Quimi. A Josep-Llu\u00eds P\u00e9rez li va cridar l\u2019atenci\u00f3 el fet que el guitarrista vigat\u00e0 tragu\u00e9s tan bon partit d\u2019una atrotinada guitarra. Acabada la festa, uns i altres es van donar els respectius n\u00fameros de tel\u00e8fon i una setmana m\u00e9s tard, Manolo es va presentar al bar musical Boira, on actuava Kul de Mandril, per confirmar que el que havia vist a veure als Hostalets no havia estat un miratge. Per\u00f2 no, no havia estat una al\u00b7lucinaci\u00f3, era real. Acabat el concert van tornar a parlar i van concertar una cita. Al cap de pocs dies Manolo i Josep-Llu\u00eds van trobar-se amb en Quimi al bar Zurich, de Barcelona, i li van proposar entrar al grup. El de Vic va contestar que s\u2019ho pensaria, perqu\u00e8 aix\u00f2 significava abandonar el seu quarter general de la Plana. Al cap d\u2019una setmana, Portet, que abans havia tocat a Osona amb&nbsp; Kilimanjaro\u2019s, Dumpers i Kul de Mandril, arribava a Barcelona amb la guitarra a la m\u00e0 i una maleta plena amb les seves escasses pertinences. Manolo, al veure\u2019l, li va dir que semblava un \u201cemigrant iugoslau\u201d. Al final, les ganes d\u2019aventures i la necessitat de canvis havien pesat m\u00e9s a la balan\u00e7a que la buc\u00f2lica tranquil\u00b7litat que es respirava a la Ciutat dels Sants.<br><br><strong>Los Burros.&nbsp;<em>Rebuznos de amor<\/em><\/strong><br><br>Durant uns mesos Los R\u00e1pidos van fer actuacions arreu de Catalunya, d\u2019on van sortir per fer concerts a Saragossa i a Ceuta, amb Quimi de guitarrista. Per\u00f2 veient les dificultats econ\u00f2miques que comportava el projecte, a m\u00e9s de la retirada de suport de la discogr\u00e0fica, Los R\u00e1pidos van decidir dissoldre\u2019s i provar sort en d&#8217;altres projectes.<\/p>\n\n\n\n<p>Esteban Mart\u00edn se\u2019n va anar a tocar amb Gabinete Caligari, Manolo Garc\u00eda va marxar al Pa\u00eds Basc per intentar crear, sense \u00e8xit, una nova formaci\u00f3 musical amb l\u2019ajuda de La Orquesta Mondrag\u00f3n mentre que els altres components, Portet i Fidel, juntament amb el bateria vigat\u00e0 Jordi Vila (que tamb\u00e9 tocava amb el grup Perdidos en el Espacio, l\u2019embri\u00f3 de Los Trogloditas), es van quedar a Barcelona composant noves can\u00e7ons i creant un nou grup que passaria a dir-se Los Burros. Aleshores, Manolo Garc\u00eda va tornar a Barcelona i s\u2019hi va incorporar.<br><br>El 1983, Los Burros van editar&nbsp;<em>Rebuznos de amor<\/em>, un LP per la discogr\u00e0fica Belter, un disc en el qual aquest cronista va tenir l\u2019honor de col\u00b7laborar com a productor associat. Entre les can\u00e7ons m\u00e9s famoses sobresortien&nbsp;<em>Huesos, Disneylandia&nbsp;<\/em>i&nbsp;<em>Mi novia se llamaba Ram\u00f3n<\/em>. Aquest treball va tenir molt bones cr\u00edtiques a la majoria de diaris i revistes especialitzades, i va sonar a bona part de les emissores de r\u00e0dio municipals catalanes, a R\u00e0dio 3, R\u00e0dio 4, R\u00e0dio Barcelona, R\u00e0dio Vic o R\u00e0dio Pica, entre d\u2019altres. Amb tot, les vendes no van passar de les dues mil c\u00f2pies. Entremig, sota el segell de Discos Kriminales (impulsat per Manolo, Quimi i el periodista Jaime Gonzalo), es va editar el single&nbsp;<em>Jam\u00f3n de Mono<\/em>, de Kul de Mandril, i&nbsp;<em>Vaqueros del Espacio,<\/em>&nbsp;de Loquillo y Los Trogloditas.<br><\/p>\n\n\n\n<figure class=\"wp-block-image\"><img decoding=\"async\" src=\"https:\/\/dades.naciodigital.cat\/redaccio\/arxius\/imatges\/201904\/1200_155421904817102013-6._A_Sobremunt_1985_foto_toni_coromina.jpg\" alt=\"\"\/><\/figure>\n\n\n\n<p><em>Manolo i Quimi a Sobremunt, 1985. Foto: Toni Coromina<\/em><br>Aleshores, Vila se\u2019n va anar a tocar amb Los Trogloditas i Quim Vilaplana es va fer c\u00e0rrec de la bateria de Los Burros, que van apar\u00e8ixer en programes televisius i van actuar a Cardedeu, la Garriga, Osca, Folgueroles, Mollerussa, Torell\u00f3 i Vic (en aquesta ciutat coincidint amb el concurs de M\u00fasica Ins\u00f2lita). Els seus concerts tenien una esbojarrada escenografia i una coreografia contundent, amb renovades explosions de pols de talc i guerres de fums de colors. Los Burros, per\u00f2, tenien un inconvenient: molts ajuntaments que els volien contractar no ho feien per culpa del nom del grup, que no gosaven posar al cartell d\u2019actes de la festa major. Abans de dissoldre\u2019s, van tocar a Barcelona durant la revetlla de Sant Joan, compartint escenari amb OMD (Maniobres Orquestrals a l\u2019Obscuritat). Despr\u00e9s van fer un concert a Zeleste, coincidint amb la festa de Cap d\u2019Any, i dos m\u00e9s a la discoteca Boomerang de Girona, una ciutat on Quimi i Manolo sempre han gaudit d\u2019una parr\u00f2quia fidel.<br><br><strong>Naixement d&#8217;El \u00daltimo de la Fila<\/strong><br><br>Manolo i Quimi van decidir emprendre una nova carrera conjunta, sota el nom d\u2019El \u00daltimo de la Fila, una formaci\u00f3 que va editar set discos i amb la que van arribar al gran p\u00fablic i van obtenir un \u00e8xit i un reconeixement nacional i internacional, amb nombrosos premis i milions de discos venuts. Per\u00f2 mai no van renunciar al passat, i en els seus concerts sovint van repescar temes de la seva etapa amb Los R\u00e1pidos i Los Burros. Els dos impulsors del nou projecte van comptar amb la col\u00b7laboraci\u00f3 activa d\u2019Antonio Fidel i Josep Llu\u00eds P\u00e9rez com a m\u00fasics d\u2019estudi i dels directes de la nova formaci\u00f3.<br><br>L\u2019any 1985, assessorats pel productor Rafael Moll (de PDI), El \u00daltimo de la Fila va enregistrar en quinze dies el seu primer treball&nbsp;<em>Cuando la pobreza entra por la puerta, el amor salta por la ventana<\/em>. El canvi de nom del grup el van escollir sense pensar-ho massa: \u201cEra un dels cinc mil noms espantosos que hav\u00edem apuntat. Per\u00f2 com que \u00e9rem els \u00faltims de la fila del rock que es feia al pa\u00eds vam optar per El \u00daltimo de la Fila\u201d, explicaven aleshores Portet i Garc\u00eda, un t\u00e0ndem musical que sempre van compondre les can\u00e7ons a mitges.<br><br>Aquest cronista va ser convidat a fer la foto de la coberta del nou disc i tamb\u00e9 la del segon,&nbsp;<em>Enemigos de lo ajeno<\/em>. A banda de la can\u00e7\u00f3&nbsp;<em>Cuando la pobreza entra por la puerta&#8230;<\/em>, el primer treball d&#8217;El \u00daltimo contenia nou temes m\u00e9s, entre els quals destacaven&nbsp;<em>Dulces sue\u00f1os, A cualquiera puede sucederle, El monte de las \u00c1guilas, El Loco de la calle, Querida Milagros, o Son cuatro d\u00edas.<\/em><br><br>Tal com havia passat amb Los R\u00e1pidos i Los Burros, la cr\u00edtica musical es va aliar amb el nou grup. El disc es va presentar en p\u00fablic al pavell\u00f3 esportiu de Centelles, l\u201911 de maig del 1985, al preu de 600 pessetes l\u2019entrada. El miler d\u2019afortunats espectadors que van poder entrar al pavell\u00f3 \u2013molta gent es va quedar al carrer- van gaudir d\u2019un concert memorable, amb un impressionat tempesta energ\u00e8tica protagonitzada per Manolo (veu), Quimi (guitarra) i la resta de m\u00fasics. L\u2019escenari estava decorat amb unes grans plataformes amb focus d\u2019autom\u00f2bil darrere dels m\u00fasics, enfocant el p\u00fablic. Els m\u00fasics portaven embuts al cap, a manera de barrets, d\u2019on sortien columnes de fum per la xemeneia, mentre agitaven llanternes de ne\u00f3. Les noves can\u00e7ons es van succeir entre crits de joia, aplaudiments i balls fren\u00e8tics del p\u00fablic, enmig d\u2019espectaculars n\u00favols de plomes de gallina i de talc, globus i fumerades de colors.<br><\/p>\n\n\n\n<figure class=\"wp-block-image\"><img decoding=\"async\" src=\"https:\/\/dades.naciodigital.cat\/redaccio\/arxius\/imatges\/201904\/1200_155421924202042019-8-primer_concert_Ultimo_Centelles_1985_foto_toni_Coromina.jpg\" alt=\"\"\/><\/figure>\n\n\n\n<p><em>Primer concert de El \u00daltimo. Centelles, 1985. Foto: Toni Coromina<\/em><br>Uns dies despr\u00e9s van fer un assaig amb p\u00fablic a Girona, a la discoteca Boomerang, i el 15 de juny es va oficialitzar la presentaci\u00f3 en societat del grup i del disc a Barcelona, a la m\u00edtica sala Studio 54 amb un \u00e8xit indescriptible que va tenir ress\u00f2 a la majoria de diaris del pa\u00eds. I a partir d\u2019aqu\u00ed van venir molts concerts a Val\u00e8ncia, Alc\u00fadia, Granada, Arag\u00f3, Sevilla, Ciudad Real&#8230; Una curiosa an\u00e8cdota va popularitzar El \u00daltimo al sud de la pen\u00ednsula: en acabar un concert a Granada, durant el qual Manolo va emetre algun improperi relacionat amb la verge Maria (sense intenci\u00f3 d\u2019ofendre cap congregaci\u00f3 mariana), un oficial de la policia se\u2019l va endur a la comissaria, on va estar tancat algunes hores, mentre Marta Mirabent, aleshores m\u00e0nager del grup, va moure tots els fils possibles i va trucar diversos personatges pretesament influents per aconseguir el seu alliberament. A les vuit del mat\u00ed, Manolo va sortir al carrer. L\u2019endem\u00e0, la premsa es feia ress\u00f2 de la not\u00edcia amb el titular \u201c<em>Cantante catal\u00e1n detenido por blasfemia\u201d.<\/em>&nbsp;A mitjans de setembre d\u2019aquell any, EUDLF va actuar davant unes 100.000 persones congregades a Montju\u00efc durant les festes de la Merc\u00e8, al costat de Roxy Music.<br><br><strong>\u00abEnemigos de lo ajeno\u00bb. A Madrid amb James Brown<\/strong><br><br>Mentre el primer LP d&#8217;EUDLF encara era a les botigues (al final se\u2019n van vendre 30.000), Manolo i Quimi ja estaven treballant al seu local del carrer Pallars, de Barcelona, amb noves can\u00e7ons i una nova maqueta. La primavera de 1986 van entrar als estudis Aprilia i Perpiny\u00e0 per gravar el segon LP&nbsp;<em>Enemigos de lo ajeno<\/em>. La cr\u00edtica va lloar l\u2019obra fins extrems insospitats, qualificant aquest nou treball de \u201cdisc de poetes, impossible de classificar\u201d. Entre les can\u00e7ons destacades hi havia&nbsp;<em>Lejos de las leyes de los hombres, Aviones plateados, Insurrecci\u00f3n o Mi patria en mis zapatos.<\/em><\/p>\n\n\n\n<p>La pr\u00e8via de la presentaci\u00f3 es va fer a la sala Bikini, per\u00f2 l\u2019estrena oficial es va produir a Studio 54. El cr\u00edtic musical Mingus B. Formentor ho resumia dient que EUDLF \u201cva volar a l\u2019al\u00e7ada de les \u00e0guiles reials. Juro solemnement que ni els seus coneguts m\u00e9s vells recordaven una cosa similar, i que consti que parlem d\u2019un grup que arrossega la fama de tenir un dels millors directes que mai s\u2019han vist en aquestes contrades. Va ser una cimera a l\u2019historia de la m\u00fasica popular espanyola de l\u2019\u00faltim quart de segle\u201d.<br><br>A banda de nombroses actuacions a Catalunya, el grup va fer una minigira per Euskadi i Cant\u00e0bria en companyia de Radio Futura, i tamb\u00e9 va visitar el Pa\u00eds Valenci\u00e0 i Arag\u00f3. Despr\u00e9s de moltes actuacions arreu de la geografia peninsular, la presentaci\u00f3 a Madrid no podia esperar. La cita va ser el maig del 1986 al Rock\u00f3dromo durant les festes de San Isidro, compartint cartell amb James Brown, davant 40.000 persones. A comen\u00e7aments de tardor, EUDLF va tenir un \u00e8xit espectacular a la Recta de l\u2019Estadi, a Barcelona, davant 200.000 espectadors. La popularitat de la formaci\u00f3 va comportar que rebessin el primer disc d\u2019or i nombrosos premis.<br><br>La primavera del 1987, van sorprendre tothom posant en circulaci\u00f3 el disc recopilatori&nbsp;<em>Nuevas Mezclas<\/em>, amb can\u00e7ons dels dos anteriors LP,&nbsp; amb algunes pistes corregides, mesclades als estudis Oasis de Londres. D\u2019aquest disc, se\u2019n van acabar venent 300.000 c\u00f2pies. Mentrestant, els concerts d&#8217;EUDLF es van succeir durant tot el 1987: Santiago, Le\u00f3n, Donosti, Vit\u00f2ria, Pamplona, Cadis, Osca, Tarragona, Val\u00e8ncia, Conca, Vilanova i la Geltr\u00fa, Salamanca&#8230; En total van ser prop de seixanta concerts. Quan va acabar la gira, la tropa ambulant estava composta per 17 membres, entre t\u00e8cnics, conductors,&nbsp;<em>road-manager&nbsp;<\/em>i m\u00fasics, a m\u00e9s de dues ballarines.<br><br>Per\u00f2 quan semblava que els dos astres s\u2019agafarien una temporada sab\u00e0tica per preparar un nou treball discogr\u00e0fic, a finals del mateix any van apar\u00e8ixer a la sala barcelonesa KGB, camuflats sota el nom de Las Burras, amb motiu de la festa de la revista Ruta 66. Per una nit El \u00daltimo es va transformar en una estrafol\u00e0ria banda femenina, on els m\u00fasics portaven minifaldilla, sabates de tal\u00f3, suggestives bruses de seda, els llavis pintats, rimel als ulls i esmalts a les ungles.<br><br><strong>\u00abComo la cabeza al sombrero\u00bb<\/strong><br><br>La primavera del 1988 es van instal\u00b7lar durant un mes en un casalot proper als estudis Miraval, a cent quil\u00f2metres de Marsella, el mateix on havien gravat discos Sade, Pink Floyd o The Cure. Manolo i Quimi tenien tot el material a punt per enregistrar el seg\u00fcent treball discogr\u00e0fic, una feina que va coincidir amb la pres\u00e8ncia als estudis del grup The Pogues. Aquells dies es va produir una curiosa an\u00e8cdota, protagonitzada una altra vegada per Manolo. Prop de Miraval, un atracador s\u2019havia emportat 300.000 francs d\u2019un banc i alguns testimonis van descriure el lladre com una persona morena d\u2019\u00e8tnia gitana. L\u2019atzar va fer que la policia confongu\u00e9s l\u2019atracador amb Manolo, que sense tenir-hi res a veure, mentre passejava tranquil\u00b7lament es va veure encanonat per dues pistoles i redu\u00eft en un tres i no res contra un cotxe-patrulla de la Gendarmeria. Feli\u00e7ment, es va demostrar que el m\u00fasic no tenia res a veure amb l\u2019atracament i va rebre totes les disculpes del m\u00f3n per part de la policia gala.<br><\/p>\n\n\n\n<figure class=\"wp-block-image\"><img decoding=\"async\" src=\"https:\/\/dades.naciodigital.cat\/redaccio\/arxius\/imatges\/201904\/1200_155421912907032019-12-al_camerino_de_la_monumental._1988_foto_Toni_Coromina.jpg\" alt=\"\"\/><\/figure>\n\n\n\n<p><em>Al camerino de La Monumental (1988). Foto: Toni Coromina<\/em><br>L\u2019enregistrament del nou LP,&nbsp;<em>Como la cabeza al sombrero<\/em>, va durar 26 dies. Despr\u00e9s, Manolo i Quimi van marxar a Londres per tallar el disc, que contenia, entre d\u2019altres, les can\u00e7ons&nbsp;<em>Dios de la lluvia, Sara, Como la cabeza al sombrero&nbsp;<\/em>o<em>&nbsp;Ya no danzo al son de los tambores.<\/em>&nbsp;El mes de maig, a la tornada d\u2019un viatge promocional a Vene\u00e7uela, es va posar a la venda i un mes despr\u00e9s van iniciar una gira vertiginosa per l\u2019Estat espanyol que els va portar a tocar en 14 camps de futbol, 23 places de braus, 12 pavellons esportius i altres 19 espais a l\u2019aire lliure, omplint sempre tots els aforaments. D\u2019aquest disc, se\u2019n van acabar venent 400.000 c\u00f2pies.<br><br><strong>De la Monumental al Camp Nou<\/strong><br><br>Un dels concerts m\u00e9s esperats d\u2019aquella gira triomfal \u2013i probablement de tota la seva carrera- es va produir el 16 de juny &nbsp;del 1988 a la pla\u00e7a de la Monumental de Barcelona. Contr\u00e0riament al que sol passar, finalment van ser profetes a la seva terra. Perqu\u00e8 una cosa \u00e9s congregar 200.000 persones en un acte gratu\u00eft de festa major, i una altra de molt diferent omplir una pla\u00e7a de braus amb 18.000 \u00e0nimes que han pagat la seva entrada, amb centenars de seguidors a fora, sense poder entrar.<\/p>\n\n\n\n<p>Despr\u00e9s de la Monumental i d\u2019un concert al camp de futbol de la Uni\u00f3 Esportiva de Vic, es van dedicar a completar una gira estiuenca que va congregar una mitjana de 6.000 espectadors per gala, sense comptar els macroconcerts.<br><br>A finals d\u2019estiu, mentre els m\u00fasics reposaven despr\u00e9s d\u2019un concert en un indret de la Mancha anomenat Las Mesas, van rebre una trucada de l\u2019equip directiu d\u2019Amnistia Internacional demanant-los si estarien disposats a actuar el 10 de setembre al Camp Nou en un macroconcert a favor dels Drets Humans, al costat de Sting, Bruce Springsteen, Youssou N\u2019Dour, Peter Gabriel i Tracy Chapman. Evidentment van acceptar la proposta. El dia assenyalat, m\u00e9s de noranta mil persones van omplir el temple del barcelonisme i van al\u00b7lucinar durant m\u00e9s de vuit hores. Al final del macroconcert, tots els m\u00fasics junts van cantar&nbsp;<em>Get up, stand up,<\/em>&nbsp;de Bob Marley, entonant cada vocalista una estrofa diferent. Fora de l\u2019escenari, les relacions entre els protagonistes de la nit van ser molt disteses i cordials, sense que es not\u00e9s en cap moment l\u2019exist\u00e8ncia de categories jer\u00e0rquiques derivades de la fama.<br><br>Aquella gira estiuenca va finalitzar a Barcelona, al Sot del Migdia, davant unes dues-centes mil persones, en un concert gratu\u00eft de les festes de la Merc\u00e8. L\u2019estiu s\u2019havia consumit, per\u00f2 a comen\u00e7aments de desembre EUDLF van tornar a la carretera per tocar en diversos punts que havien quedat fora del circuit estiuenc, com Bilbao, Donosti, Pamplona, A Coru\u00f1a, Oviedo i Madrid. El febrer de 1989 van tancar definitivament la llarga temporada actuant sis dies consecutius al pavell\u00f3 del Real Madrid. Manolo i Quimi van sortir de la capital del regne catapultats a la gl\u00f2ria musical.<br><br>La primavera del 1989, la projecci\u00f3 internacional d&#8217;EUDLF, tot i que discreta, anava en augment. El grup va actuar a Cannes, al MIDEM, una trobada de grups i discogr\u00e0fiques de tot el m\u00f3n. A l\u2019abril va fer un concert a Bourges. Durant l\u2019estiu van realitzar dos v\u00eddeo-clips i van viatjar a Am\u00e8rica per visitar alguns dels pa\u00efsos on s\u2019havien editat els seus anteriors LPs. La gira, de car\u00e0cter promocional, els va portar a M\u00e8xic, Vene\u00e7uela, Col\u00f2mbia, Argentina i els Estat Units (Los \u00c1ngeles). El mes de novembre van actuar al festival Sigma, de Bordeus. I un m\u00e9s despr\u00e9s van pujar a l\u2019escenari de la coneguda sala La Cigale, a Par\u00eds. El mateix any, el disc&nbsp;<em>Como la cabeza al sombrero<\/em>&nbsp;es va editar a Fran\u00e7a, Su\u00e8cia, Noruega, Finl\u00e0ndia, Isl\u00e0ndia i Dinamarca. I la can\u00e7\u00f3&nbsp;<em>Querida Milagros,<\/em>&nbsp;va ser inclosa a l\u2019\u00e0lbum de car\u00e0cter pacifista&nbsp;<em>Stop the Army<\/em>, publicat a Su\u00efssa.<br><\/p>\n\n\n\n<figure class=\"wp-block-image\"><img decoding=\"async\" src=\"https:\/\/dades.naciodigital.cat\/redaccio\/arxius\/imatges\/201904\/1200_155421904916082013-13-monumental88_foto_toni_coromina.jpg\" alt=\"\"\/><\/figure>\n\n\n\n<p><em>Concert a La Monumental, des de l\u2019escenari, 1988. Foto: Toni Coromina<\/em><br>Despr\u00e9s d\u2019abandonar la discogr\u00e0fica PDI, el grup va crear la seva productora pr\u00f2pia que va batejar amb el nom de Perro Records. En realitat era una empresa de car\u00e0cter artesanal i familiar dedicada a controlar la producci\u00f3 dels discos, el disseny de les cobertes, la imatge, les gires, els v\u00eddeos&#8230; A partir d\u2019aquell moment tot va passar a dependre d\u2019ells mateixos en un r\u00e8gim d\u2019autogesti\u00f3. Simult\u00e0niament, van signar un contracte amb la marca EMI, que actuaria nom\u00e9s com a distribu\u00efdora dels seus discos a l\u2019estat espanyol i a l\u2019exterior.<\/p>\n\n\n\n<p><strong>\u00abNuevo peque\u00f1o cat\u00e1logo de seres &nbsp;y estares\u00bb. Suport a Amnistia Internacional, a Greenpeace i a grups ecologistes<\/strong><br><br>Des del maig del 1989 fins al febrer del 1990, Manolo i Quimi es van submergir en l\u2019aventura de compondre i enregistrar&nbsp;<em>Nuevo peque\u00f1o cat\u00e1logo de seres y estares<\/em>, un nou disc que es va gravar a Barcelona, Madrid i Miraval (Fran\u00e7a). Les mescles es van fer a Frankfurt. El nou treball va sortir a la llum a finals de maig i en pocs dies es va convertir en n\u00famero 1 en vendes, que aquesta vegada van arribar a les 500.000 c\u00f2pies. Entre les can\u00e7ons m\u00e9s conegudes van destacar&nbsp;<em>M\u00fasico loco, Del templo a la taberna,&nbsp;<\/em>o&nbsp;<em>Cuando el mar te tenga.<\/em><br><br>A partir d\u2019aqu\u00ed, la corba ascendent de la seva fama va anar en augment i els dos m\u00fasics van decidir aprofitar els excedents de popularitat per donar suport p\u00fablic i material a associacions com Amnistia Internacional, Grenpeace i a una vintena de grups ecologistes d\u2019arreu de l\u2019estat espanyol. Un suport que es va concretar en tots i cada un dels 75 concerts que van oferir el 1990, la primera gira que es pot considerar aut\u00e8nticament professional, amb un escenari molt treballat, un calendari establert, reserva d\u2019hotels feta amb antelaci\u00f3, autob\u00fas amb llits i servei de c\u00e0tering a c\u00e0rrec d\u2019una empresa anglesa. En total m\u00e9s de 750.000 persones van poder gaudir en viu de la m\u00fasica del grup en diferents camps de futbol i places de braus.<br><br>El 6 d\u2019octubre del 1990 es va celebrar a l\u2019Estadi Ol\u00edmpic de Barcelona un concert a favor de la natura, protagonitzat per Tina Turner, El \u00daltimo de la Fila i Sopa de Cabra, davant 55.000 espectadors. Els beneficis de la gala, organitzada per Portet &amp; Garc\u00eda, es van destinar a Greenpeace i als grups ecologistes del pa\u00eds. Abans d\u2019abandonar la carretera, van actuar amb Tina Turner a Saragossa, Bordeus, Pa\u00eds, Zurich, Girona, Vit\u00f2ria, Ciutadella, Huelva, Can\u00e0ries&#8230;<br><br>El maig del 1991 van anar a Montecarlo per participar en la nit d\u2019entrega dels premis The World Music Awards, la versi\u00f3 musical de la concessi\u00f3 de la Pilota d\u2019Or de futbol. El \u00daltimo va rebre el seu premi per haver venut 500.000 c\u00f2pies d\u2019un disc que al final va arribar a les 700.000. El mes de juliol, van fer un breu par\u00e8ntesi en la seva gira peninsular per actuar al Paladium de Nova York, en una vetllada que va congregar 5.000 persones. Aquella nit, la banda catalana va compartir cartell amb Ketama i Camar\u00f3n de la Isla. Amb l\u2019arribada de l\u2019estiu i durant mig any van participar en diversos festivals internacionals a Fran\u00e7a, Alemanya, Vene\u00e7uela, Su\u00efssa, M\u00e8xic, It\u00e0lia i Anglaterra, on van actuar al reputat local Marquee, a Londres.<br><br><strong>Declinen actuar a l\u2019Estadi Ol\u00edmpic en la cerim\u00f2nia dels Jocs Ol\u00edmpics. \u00abAstronom\u00eda raonable\u00bb<\/strong><br><br>&nbsp;El 1992, el dels JJOO de Barcelona, va ser un any de transici\u00f3. EUDLF no va oferir cap concert a l\u2019estat espanyol i es va dedicar a preparar un nou disc,&nbsp;<em>Astronom\u00eda razonable<\/em>, que seria el pen\u00faltim de la carrera del duo. Malgrat els cants de sirena de l\u2019organitzaci\u00f3 dels Jocs, que els van convidar a actuar als actes protocolaris de l\u2019Estadi Ol\u00edmpic, van declinar la invitaci\u00f3 despr\u00e9s de valorar pros i contres. Amb la seva actitud van deixar clar que no volien aprofitar-se de l\u2019evident publicitat gratu\u00efta que els hagu\u00e9s proporcionat la seva aparici\u00f3 a l\u2019escenari i a milions de pantalles de televisi\u00f3 de tot el m\u00f3n.<br><\/p>\n\n\n\n<figure class=\"wp-block-image\"><img decoding=\"async\" src=\"https:\/\/dades.naciodigital.cat\/redaccio\/arxius\/imatges\/201904\/1200_155421905515012019-10-quimi_i_manolo_disc_or_1987-_en_un_concert_foto_toni_coromina.jpg\" alt=\"\"\/><\/figure>\n\n\n\n<p><em>Quimi i Manolo amb un disc d\u2019or (esquerra). Manolo en un concert (1987). Foto: Toni Coromina<\/em><br><em>Astronom\u00eda razonable<\/em>&nbsp;es va gravar a Real Worl Studios, l\u2019estudi de Peter Gabriel, a la regi\u00f3 anglesa de Wiltshire. El disc, produ\u00eft per Quimi Portet i David Tickle (productor de Joe Cocker i U2), va tenir en&nbsp;<em>Mar antiguo, Astronom\u00eda Razonable&nbsp;<\/em>i<em>&nbsp;Como un burro amarrado a las puertas del baile<\/em>&nbsp;les seves can\u00e7ons m\u00e9s famoses. La presentaci\u00f3 oficial es va fer a la nova sala Zeleste de Barcelona durant vuit nits consecutives, a principis de mar\u00e7 del 1993, amb un total de 14.000 espectadors. La segona meitat de mar\u00e7 l\u2019operaci\u00f3 es va repetir a Madrid, amb set concerts a la Carpa Conde Duque, amb una assist\u00e8ncia similar.<br><br>El llan\u00e7ament va constituir un \u00e8xit sense precedents, tot mantenint-se durant deu setmanes seguides en el n\u00famero 1 absolut en vendes. La cr\u00edtica va ser majorit\u00e0riament molt favorable, van guanyar el premi Ondas i en nom\u00e9s quatre setmanes el disc va vendre 240.000 c\u00f2pies (al final se\u2019n van acabar venent prop d\u2019un mili\u00f3). Des de mar\u00e7 fins a octubre, El \u00daltimo va portar el seu espectacle a 99 escenaris de tot l\u2019Estat davant m\u00e9s de 850.000 persones.<br><br>Per la parella art\u00edstica, el 1994 i part del 1995 van significar un per\u00edode sab\u00e0tic sense actuacions. Tanmateix, es van dedicar a pintar (Manolo), llegir, experimentar, a l\u2019estudi, compondre can\u00e7ons i practicar el nomadisme. La primavera del 1995, el duo va comen\u00e7ar la configuraci\u00f3 del seu darrer disc,&nbsp;<em>La rebeli\u00f3n de los hombres rana,&nbsp;<\/em>un treball que es va gravar en uns estudis de l\u2019Empord\u00e0, sota la coordinaci\u00f3 log\u00edstica de la vigatana Llu\u00efsa A. Alb\u00f3, que ja feia de&nbsp;<em>road-manager<\/em>&nbsp;durant les \u00faltimes gires. Al moment de les mescles, EUDLF va tornar comptar amb l\u2019assist\u00e8ncia de David Tickle. D\u2019aquest disc van sobresortir peces com&nbsp;<em>Vestido de hombre rana, El bombero del atardecer<\/em>&nbsp;o&nbsp;<em>Uva de la vieja parra<\/em>. I com era d\u2019esperar, l\u2019\u00e8xit va ser de nou espectacular i es va posar en funcionament la maquin\u00e0ria per rec\u00f3rrer gaireb\u00e9 un centenar d\u2019escenaris. Aquest \u00faltim disc va acabar venent prop d\u2019un mili\u00f3 de c\u00f2pies.<br><br><strong>Manolo en solitari<\/strong>: \u00ab<strong>Arena en los bolsillos\u00bb,<\/strong>&nbsp;\u00ab<strong>Nunca el tiempo es perdido\u00bb, \u00abPara que no se duerman mis sentidos\u00bb<\/strong><br><br>Va arribar un moment que els dos m\u00fasics es van adonar que el projecte com\u00fa s\u2019havia esgotat. Havien assolit totes les fites que s\u2019havien marcat i ja no tenien m\u00e9s al\u00b7licients per evitar la rutina i l\u2019estancament: \u201cVa ser bonic arribar al cim, per\u00f2 les ganes de cada un d\u2019obrir nous camins i realitzar projectes diferents va desembocar en la dissoluci\u00f3 d&#8217;El \u00daltimo. Es va acabar una etapa molt fruct\u00edfera, per\u00f2 ja hav\u00edem donat tot el que pod\u00edem. En aquesta vida, un dia o altre tot s\u2019acaba. De tota manera, la meva amistat amb en Quimi continua intacta\u201d.<br><br>Aix\u00ed veu Manolo el seu pas per Los R\u00e1pidos, Los Burros i El \u00daltimo, i la seva etapa actual en solitari: \u201cEstic molt agra\u00eft a la m\u00fasica des que vaig formar part de Los R\u00e1pidos i vaig trobar-me amb en Quimi. Llavors tenia una fal\u00b7lera per viure de la m\u00fasica i ho vaig intentar, encara que no ho veia massa clar. Quan vaig con\u00e8ixer Antonio Fidel, Lu\u00eds Visiers, i Jos\u00e9 Lu\u00eds P\u00e9rez vaig pensar: \u2018s\u00f3n ells!\u2019 Despr\u00e9s, vaig tenir molt clar que en Quimi tenia un punt que m\u2019agradava i vam fer pinya. Tinc un immillorable record d&#8217;El \u00daltimo, un projecte que em va donar molta vida, il\u00b7lusi\u00f3 i moltes estones de riure; de fet, sempre que es pugui, riure \u00e9s una de les coses mes importants que es poden fer a la vida. Despr\u00e9s, en solitari encara he sigut una mica m\u00e9s lliure. Avui la meva vida va lligada la meva edat actual, a la maduresa humana, a un temps m\u00e9s calmat i m\u00e9s assossegat. Ara practico l\u2019autogesti\u00f3 individual en tots els \u00e0mbits: faig totes les can\u00e7ons, els arranjaments, les lletres, les m\u00fasiques, decideixo si poso una cortina verda a l\u2019escenari, o una de blava&#8230; Tot el temps que vaig compartir opinions i decisions amb Quimi vaig ser molt feli\u00e7 i penso que vam ser bons companys. Tanmateix, crec que el que ha vingut despr\u00e9s encara \u00e9s millor. Amb Los R\u00e1pidos va estar molt b\u00e9, igual que amb Los Burros; i amb El \u00daltimo va ser l\u2019h\u00f2stia. Per\u00f2 ara encara em trobo millor dins la meva pell. Ho explico tal com ho sento\u201d.<br><\/p>\n\n\n\n<figure class=\"wp-block-image\"><img decoding=\"async\" src=\"https:\/\/dades.naciodigital.cat\/redaccio\/arxius\/imatges\/201904\/1200_155421893927122017-20-Foto_Imateg_promocional_(foto_de_Ruben_Martin).jpg\" alt=\"\"\/><\/figure>\n\n\n\n<p><em>Manolo Garc\u00eda en una imatge promocional. Foto: Rub\u00e9n Mart\u00edn<\/em><br>D\u2019en\u00e7\u00e0 de la separaci\u00f3 professional del t\u00e0ndem, Manolo Garc\u00eda es va dedicar a pintar quadres, a fer fotografies i a composar futures can\u00e7ons. I des del 1998 fins avui ha enregistrat set \u00e0lbums:&nbsp;<em>Arena en los bolsillos, Nunca el tiempo es perdido, Para que no se duerman mis sentidos, Saldremos a la lluvia, Los d\u00edas intactos, Todo es ahora&nbsp;<\/em>i&nbsp;<em>Geometr\u00eda del rayo.&nbsp;<\/em><br><br>La seva aventura en solitari es va iniciar amb la publicaci\u00f3 d\u2019<em>Arena en los bolsillos<\/em>&nbsp;(Perro Records \/ BMG, 1998), enregistrat a The Town House. El disc va superar totes les expectatives i va arribar a vendre 700.000 c\u00f2pies en pocs mesos. Aquell any, l\u2019artista va fer m\u00e9s de 90 concerts per tot l&#8217;Estat, i el seu treball va aconseguir el premi Ondas al millor artista en directe, dos premis Amigo al millor solista espanyol i al millor \u00e0lbum, i tres Premis de la M\u00fasica al millor artista pop, millor elap\u00e9 i millor producci\u00f3 art\u00edstica. Per si aix\u00f2 fos poc, la can\u00e7\u00f3&nbsp;<em>P\u00e1jaros de barro<\/em>, probablement una de les m\u00e9s populars de les que ha composat mai l\u2019artista, l\u2019any 2018 va superar les 14 milions de reproduccions a Spotify.<br><br>Amb el segon disc,&nbsp;<em>Nunca el tiempo es perdido<\/em>&nbsp;(Perro Records \/ BMG, 2001), va continuar definint el seu estil en solitari. Publicat al maig de 2001, va ser produ\u00eft per ell mateix, conjuntament amb el virtu\u00f3s de la guitarra espanyola &nbsp;Pedro Javier Gonz\u00e1lez. Enregistrat als estudis Guillaume Tell (Par\u00eds), a Music Lan (Avinyonet de Puigvent\u00f3s) i a Audio Lines (Barcelona), les mescles es van fer a Los \u00c1ngeles. Llavors l\u2019artista va fer una gira de 72 concerts i va ser guardonat en els Premis Amigo com a millor solista mascul\u00ed espanyol i millor \u00e0lbum espanyol. Es calcula que m\u00e9s de mig mili\u00f3 de persones van assistir als concerts de presentaci\u00f3 d\u2019aquell disc. Tanmateix, quan semblava que a gira ja s\u2019havia acabat, el m\u00fasic va prorrogar-la uns mesos en format ac\u00fastic en teatres d\u2019arreu de la pen\u00ednsula.<br><br>El 2004, un quart de segle despr\u00e9s de dedicar-se professionalment a la m\u00fasica, va presentar el seu tercer \u00e0lbum en solitari,&nbsp;<em>Para que no se duerman mis sentidos<\/em>&nbsp;(Perro Records \/ BMG). Aquesta vegada, a m\u00e9s d\u2019enregistrar algunes can\u00e7ons a l\u2019estudi de &nbsp;Music Lan, el disc -que presentava noves textures, aires innovadors i llunyans i una major complexitat en els composicions- es va completar amb enregistraments a Ilha dos Sapos (Salvador de Bah\u00ed, al Brasil), i a Grabaciones Silvestres (Sant Quirze de Safaja). El tema que donava nom al CD, gravat a Salvador de Bahia amb m\u00fasics brasilers, va ser considerat per algun cr\u00edtic \u201cun&nbsp;<em>carpe diem<\/em>, un cant a viure la vida amb els ulls ben oberts per aprofitar-la al m\u00e0xim. I un cant a la paraula i a la necessitat de comunicar-se i d&#8217;intercanviar sentiments\u201d. El disc el va produir el propi Manolo i va comptar amb les coproduccions de Pedro Javier Gonz\u00e1lez i Nacho Lesko en algunes can\u00e7ons. La major part dels temes van ser mesclats per Bob Clearmountain, un personatge que havia treballat amb artistes del nivell de Bruce Springsteen, David Bowie o els Rolling Stones. Finalment, la masteritzaci\u00f3 va anar a c\u00e0rrec d&#8217;un dels grans t\u00e8cnics del m\u00f3n musical, Stephen Marcussen. El mes d\u2019octubre del 2008 va comen\u00e7ar una gira de promoci\u00f3 de m\u00e9s d\u2019un centenar de concerts en teatres i auditoris redu\u00efts, i un any despr\u00e9s el disc es va presentar en estadis, places de toros i espais de gran aforament. La gira va tenir un final apote\u00f2sic amb concerts a Madrid i a Barcelona.&nbsp;<br><br><strong>Els \u00faltims quatre treballs:&nbsp;\u00abSaldremos a la Lluvia\u00bb, \u00abLos D\u00edas Intactos\u00bb, \u00abTodo es ahora\u00bb i \u00abGeometr\u00eda del rayo\u00bb<\/strong><br><br>Despr\u00e9s de quatre llargs anys de rec\u00e9s, el 2008 va publicar el seu quart disc,&nbsp;<em>Saldremos a la lluvia<\/em>&nbsp;(Perro Records \/ BMG). Per no perdre la il\u00b7lusi\u00f3 en el proc\u00e9s de materialitzaci\u00f3 de la nova obra, a banda d\u2019enregistrar algunes peces a Music Lan, durant deu dies va estar gravant els arranjaments de cinc de les seves noves composicions amb m\u00fasics grecs a l\u2019illa de Creta. Despr\u00e9s, les mescles finals les va fer a Kentucky (EUA). El resultat va ser una de les seves obres m\u00e9s ex\u00f2tiques i riques de la seva traject\u00f2ria en la faceta sonora, i tamb\u00e9 un cant a la natura, amb un fort component ecologista. Igual que havia passat amb els discos anteriors, la seva gira arreu de l\u2019Estat va congregar centenars de milers d\u2019espectadors.<br><\/p>\n\n\n\n<figure class=\"wp-block-image\"><img decoding=\"async\" src=\"https:\/\/dades.naciodigital.cat\/redaccio\/arxius\/imatges\/201904\/1200_155421905415012019-19-discos_de_Manolo_garcia.jpg\" alt=\"\"\/><\/figure>\n\n\n\n<p><em>Discs de Manolo Garc\u00eda<\/em><br>L&#8217;octubre de 2011 va publicar el seu cinqu\u00e8 treball:&nbsp;<em>Los D\u00edas Intactos<\/em>&nbsp;(Perro Records \/ Sony), un \u00e0lbum amb catorze can\u00e7ons, gravat als estudis Music Lan d\u2019Avinyonet de Puigvent\u00f3s i a Ocean Way Recording (Hollywood- Los \u00c1ngeles). En aquesta ocasi\u00f3 va treballar amb m\u00fasics nord-americans a Calif\u00f2rnia. El resultat va ser una obra m\u00e9s urbana de l\u2019habitual i un retorn al rock d\u2019alt voltatge el\u00e8ctric que ja havia conreat anys abans. En aquesta ocasi\u00f3 va escollir m\u00fasics dels EUA \u201cper canviar de so, per variar una mica en la manera de cantar i renovar el meu timbre de veu, encara que, finalment, en el vessant estil\u00edstic continuava essent jo mateix. Per\u00f2 vaig tenir clar que si canviava el que m\u2019envoltava, tenia m\u00e9s possibilitats de donar un aire nou al producte final\u201d.<br><br>El 2014 va sortir al mercat el seu sis\u00e8 \u00e0lbum:&nbsp;<em>Todo es ahora&nbsp;<\/em>(Perro Record \/ Sony). A m\u00e9s de treballar algunes can\u00e7ons a Avinyonet, va tornar als EUA, als estudis The Club House de Nova York, on el va gravar alguns temes amb m\u00fasics que havien acompanyat a David Bowie. El resultat va tornar a ser un passeig pel rock &amp; roll, amb un format clarament el\u00e8ctric. Posteriorment, la gira promocional va ser m\u00e9s curta que en ocasions anteriors. De tota manera, tres anys despr\u00e9s, l\u2019octubre del 2017, es va posar a la venda&nbsp;<em>Todo es ahora. En directo<\/em>, un doble ced\u00e9 complementat amb un DVD que va ser el seu primer disc enregistrat en directe despr\u00e9s d&#8217;El \u00daltimo de la Fila.<br><br>L\u2019any passat, el 2018, va enregistrar el seu \u00faltim treball discogr\u00e0fic fins avui,&nbsp;<em>Geometr\u00eda del rayo<\/em>&nbsp;(Perro Records \/ Sony), en els mateixos estudis de Nova York i a Avinyonet. En aquest \u00e0lbum, format per 16 can\u00e7ons, es va centrar liter\u00e0riament en un dels seus temes predilectes, \u201cel temps, un dels tresors m\u00e9s preuats que tenim els mortals. Per mi, la vida ha de ser alguna cosa m\u00e9s que la grisor i la pobresa que ens ofereixen els governants\u201d, reflexiona. El disc es va promocionar en una extensa gira per grans recintes, amb gran \u00e8xit de p\u00fablic i de cr\u00edtica, i amb les entrades exhaurides arreu dies abans dels concerts. A la recta final del seu periple, la seva traject\u00f2ria professional va ser reconeguda abastament amb la concessi\u00f3 al mes de novembre d\u2019un premi Ondas, i dies despr\u00e9s el premi Latin Grammy al millor \u00e0lbum pop rock per&nbsp;<em>Geometr\u00eda del rayo,&nbsp;<\/em>una de les categories m\u00e9s destacades d\u2019aquests guardons que anualment s\u2019atorguen als Estats Units. &nbsp;L\u2019\u00e0lbum va assolir la condici\u00f3 de disc de plat\u00ed a Espanya i, per acabar d\u2019adobar-ho, el mes de novembre van sortir al mercat dues edicions de&nbsp;<em>Geometr\u00eda del Rayo en directo<\/em>, enregistrat al pavell\u00f3 Pr\u00edncipe Felipe, d\u2019Oviedo, en un paquet que, a m\u00e9s, &nbsp;contenia el seu disc d\u2019estudi, dos temes in\u00e8dits, dos ced\u00e9s en directe y un DVD en directe.<br><br><strong>2019: una gira ac\u00fastica amb 55 concerts en teatres i espais redu\u00efts<\/strong><br><br>Dies despr\u00e9s, el cantant va anunciar que a principis d\u2019abril d\u2019enguany iniciaria a una nova gira, aquesta vegada en format ac\u00fastic, en teatres i auditoris redu\u00efts. Despr\u00e9s d\u2019un per\u00edode de relatiu descans, durant el qual l\u2019artista va canviar la m\u00fasica i els escenaris pels pinzells i les teles, a principis de mar\u00e7 d\u2019aquest 2019, en companyia dels seus m\u00fasics habituals, va comen\u00e7ar a Music Lan (Avinyonet) els assajos per adaptar una selecci\u00f3 dels temes que durant m\u00e9s de 20 anys que ha interpretat en versi\u00f3 el\u00e8ctrica.<br><br>En tota la seva carrera, des de Los R\u00e1pidos, Los Burros i El \u00daltimo, Manolo mai no havia fet una gira ac\u00fastica completa: \u201cLes nostres propostes als escenaris sempre s\u2019havien centrat en un estil clarament lligat al rock: baix, guitarres el\u00e8ctriques i bateria. I encara que sempre havia intercalat can\u00e7ons ac\u00fastiques, la majoria s\u2019ajustaven al model del rock el\u00e8ctric. Les meves primeres experi\u00e8ncies esc\u00e8niques amb Los R\u00e1pidos i Los Burros, dos grups \u2018guitarrers\u2019 d\u2019alt voltatge, habitualment tenien un punt surrealista i passat de voltes. En els nostres directes an\u00e0vem de cafres en el bon sentit. Quan vaig comen\u00e7ar la meva carrera en solitari, vaig composar algunes can\u00e7ons molt \u2018canyeres\u2019 i d\u2019altres de m\u00e9s relaxades. De fet, sempre m\u2019ha agradat conrear diversos tipus de m\u00fasica, amb climes canviants, com la vida mateixa. Per\u00f2 al Brasil i a Gr\u00e8cia ja vaig experimentar noves vies i vaig buscar altres estats d\u2019\u00e0nim, altres instrumentistes i&nbsp; maneres d\u2019entendre la m\u00fasica allunyades del pop i del rock. Tot plegat em va portar a cantar i a interpretar d\u2019una altra manera. Encara que el meu g\u00e8nere musical es pugui associar al pop-rock, bec de moltes fonts. En els gustos s\u00f3c molt ecl\u00e8ctic, igual que en el so\u201d.<br><\/p>\n\n\n\n<figure class=\"wp-block-image\"><img decoding=\"async\" src=\"https:\/\/dades.naciodigital.cat\/redaccio\/arxius\/imatges\/201904\/1200_155421919603032019-27-A_lestudi_foto_jordi_sole.jpg\" alt=\"\"\/><\/figure>\n\n\n\n<p><em>A l\u2019estudi de Music Lan. Foto: Jordi Sol\u00e9<\/em><br>La nova gira iniciada a Ciudad Real aquest 5 d\u2019abril, &nbsp;est\u00e0 integrada per 55 concerts en teatres amb butaques i locals redu\u00efts. A banda d\u2019Andorra (Auditori Prat del Roure, Escaldes-Engordany, 30 d\u2019abril), al territori catal\u00e0 actua a Tarragona (Auditori Prat del Roure, 31 de maig), Cervera (Teatre de la Passi\u00f3, 8 de juny), Sant Feliu de Gu\u00edxols (Porta Ferrada, 13 de juliol), Barcelona (Teatre T\u00edvoli 3, 4, 10, 11 de desembre; El Liceu, 14 de desembre; i Palau de la M\u00fasica, 27 i 28 de desembre, tancament de la gira). Cal assenyalar que molts d\u2019aquests concerts ja tenen totes les entrades venudes. En aquesta proposta alternativa en format ac\u00fastic, Manolo est\u00e0 secundat per vuit m\u00fasics que toquen guitarres ac\u00fastiques i espanyoles, un viol\u00ed, dos acordions, un violoncel i percussi\u00f3.<\/p>\n\n\n\n<p>En aquesta proposta alternativa en format ac\u00fastic, Manolo est\u00e0 secundat per Ricardo Mar\u00edn, V\u00edctor Iniesta i Josete Ord\u00f3\u00f1ez (guitarres espanyoles, ac\u00fastiques i lla\u00fct), Juan Carlos Garc\u00eda (piano, percussi\u00f3 i cors), Olvido Lanza (viol\u00ed i violoncel), Charly Sard\u00e0 (percussions) i I\u00f1igo Goldaracena (contrabaix i acordi\u00f3).<\/p>\n\n\n\n<p>Parlant de la difer\u00e8ncia entre tocar en grans estadis o en aforaments redu\u00efts, Manolo apunta que \u201c\u00e9s molt diferent actuar davant de quinze mil persones que fer-ho davant de tres-centes o d&#8217;un miler. L\u2019energia que reps en els grans concerts \u00e9s esgotadora i estressant, et posa contra les cordes i l\u2019has de retornar de bones maneres. De tota manera, he de dir que l\u2019estr\u00e9s art\u00edstic t\u00e9 una part ben\u00e8fica. Si el reconverteixes i transmutes es fant\u00e0stic. En les grans gires sempre dones m\u00e9s de tu f\u00edsicament, per\u00f2 emocionalment no. En espais redu\u00efts la part emotiva \u00e9s la mateixa. Et tots dos casos, si domines la situaci\u00f3 i est\u00e0s en un cam\u00ed que has escollit amb saviesa, saps com sortir-te\u2019n i la cosa funciona\u201d.<br><br>El cantant reconeix que pujar als escenaris sempre fa respecte: \u201cEls primers anys em costava, i de vegades havia tingut una mica de por esc\u00e8nica, una cosa que li passa a tothom quan \u00e9s jove. Per\u00f2 amb els anys t\u2019hi vas acostumant i perds la por a canvi de guanyar un profund sentit de la responsabilitat per no fer el rid\u00edcul. D\u2019altra banda, quan en els grans concerts est\u00e0s rodejat d\u2019una gran estructura sonora de suport, has de ser conscient dels imponderables: tu ets un petit mico que surt darrere d\u2019uns aparells i una xarxa el\u00e8ctrica i depens dels generadors; ets el conductor al volant d\u2019un vehicle, per\u00f2 no controles totes les peces, has de confiar en els mec\u00e0nics; els uns posen oli i altres revisen la carrosseria o posen gasolina. I a l\u2019hora de cantar, depenent dels instruments que et rodegen i t\u2019acompanyen, moltes vegades has de fer-te notar. \u00c9s molt diferent cantar amb un fons de guitarra ac\u00fastica que amb tres guitarres el\u00e8ctriques amplificades a tota pastilla\u201d.<br><br><strong>\u00abAmb el pas dels anys, la lit\u00fargia dels concerts ha canviat\u00bb<\/strong><br><br>Despr\u00e9s de d\u00e8cades pujant als escenaris, el m\u00fasic reflexiona sobre l\u2019evoluci\u00f3 i els canvis que s\u2019han produ\u00eft en la lit\u00fargia dels concerts i en la relaci\u00f3 entre els artistes i el p\u00fablic: \u201cQuan vam comen\u00e7ar, els concerts eren m\u00e9s escassos que avui. Aquelles cerim\u00f2nies eren petits miracles fets amb equips de so molt precaris. A m\u00e9s de la televisi\u00f3, avui tothom t\u00e9 una tableta, un m\u00f2bil o un cotxe amb una pantalla; hi ha quaranta mil aparells que ens donen informaci\u00f3 i ens omplen el cervell d\u2019imatges i de sons. I la gent est\u00e0 molt acostumada a anar als concerts, de vegades un o dos cada mes, ja sigui a Vic, a Barcelona, a Madrid o a Nova York; arreu es fan milers de concerts i festivals, hi ha molta m\u00e9s oferta que abans i la gent ja est\u00e0 acostumada a escoltar guitarres el\u00e8ctriques. Quaranta anys enrere, els concerts eren una&nbsp;<em>flipada,&nbsp;<\/em>tot estava per fer, per\u00f2 avui no hi ha tanta sorpresa. En aquell moment escoltar una guitarra, un cop de bateria i veure quatre peluts tocant era al\u00b7lucinant. Si mirem reportatges de l\u2019\u00e8poca dels Beatles, l\u2019euf\u00f2ria i la reacci\u00f3 hist\u00e8rica del p\u00fablic era sorprenent. Ara la gent no exterioritza l\u2019euf\u00f2ria fins aquells extrems i els concerts s\u00f3n una cosa molt normal, encara que la m\u00fasica continua sent un b\u00e0lsam i un consol terap\u00e8utic, medicinal i sanador; o un exorcisme per treure les males vibracions. Aix\u00f2 no ha variat des de l\u2019edat de pedra, perqu\u00e8 la m\u00fasica \u00e9s una vitamina per l\u2019\u00e0nima. Els pobles primitius ballaven, cantaven i feien ofrenes als d\u00e9us; aix\u00f2 no ha canviat i a la gent se li posa la pell de gallina igual\u201d.<br><br>Sobre la relaci\u00f3 amb el p\u00fablic i la seva resposta, diu que \u201cveure la gent contenta em dona energia i felicitat. Igual que pateixo quan veig una persona que est\u00e0 malament, que t\u00e9 necessitats primordials o t\u00e9 un contratemps, pateixo. Per\u00f2 quan veig el p\u00fablic content, \u00e9s collonut. I si per postres qui provoca aquesta estat de felicitat ets tu, doncs doblement feli\u00e7\u201d.<br><\/p>\n\n\n\n<figure class=\"wp-block-image\"><img decoding=\"async\" src=\"https:\/\/dades.naciodigital.cat\/redaccio\/arxius\/imatges\/201904\/1200_155421893628102008-17-girona_(1)_2008_foto_toni_coromina.jpg\" alt=\"\"\/><\/figure>\n\n\n\n<p><em>Concerta a Girona, 2008 Foto: Toni Coromina<\/em><br>Els espectadors d\u2019un concert o les persones que escolten un disc, habitualment no coneixen el proc\u00e9s que ha acabat materialitzant-se en una can\u00e7\u00f3. Es limiten a gaudir del resultat. En aquest sentit, explica que el seu m\u00e8tode compositiu pot comen\u00e7ar \u201canant en avi\u00f3, passejant per Barcelona, caminant pel Montseny o esmorzant en una cafeteria. Em ve una idea a la ment, i de vegades me l\u2019apunto en un paper o en un tovall\u00f3. Amb el bol\u00edgraf escric quatre frases que potser serviran o no, per\u00f2 que d\u2019entrada em motiven. Les melodies em venen al cap soles, o amb l\u2019ajuda de la guitarra; vaig provant i surten. Sempre he estat un fabricant de melodies. Quan sento una guitarra ja canto a sobre. De fet ja ho feia de jovenet, als 14 anys, quan escoltava un grup de rock angl\u00e8s o americ\u00e0; ja en la introducci\u00f3 del tema, quan el vocalista encara no havia comen\u00e7at a cantar, m\u2019inventava una melodia; i despr\u00e9s pensava que el que jo havia et no estava pas malament, ni tampoc era pitjor que el que feia aquell cantant. Vaig pensar que podia fer can\u00e7ons i en vaig comen\u00e7ar a fer, fins avui\u201d.<br><br><strong>La pintura, complement\u00e0ria de la m\u00fasica. Llibres editats<\/strong><br><br>En totes les gires de la seva carrera, i tamb\u00e9 en els per\u00edodes de descans, Manolo sempre ha conreat la pintura: \u201cA les gires porto un cavallet plegable. Pinto als hotels, o faig dibuixos i apunts des de la finestra de l\u2019autob\u00fas. La gira passada, a cada ciutat -a Girona, Tarragona o all\u00e0 on fos- cada dia feia un dibuix com a m\u00ednim a l\u2019hotel. El temps que passo pintant em fa sentir b\u00e9, \u00e9s un temps viscut i guanyat, igual que l\u2019estona que passo gravant a &nbsp;l\u2019estudi. Quan no vaig de gira, molts dies pinto fins a altes hores de la nit. Per mi \u00e9s una sensaci\u00f3 de plenitud.&nbsp; La meva afici\u00f3 a la pintura ve de lluny; de jovenet ja pintava a l\u2019escola i omplia llibretes i l\u00e0mines amb dibuixos fets amb llapis de colors. Quan tenia matem\u00e0tiques m\u2019ho passava malament, patia molt, per\u00f2 quan hi tocava l\u2019assignatura de dibuix, era feli\u00e7. De m\u00e9s grandet vaig fer de dissenyador gr\u00e0fic, una feina f\u00edsica gens virtual. Vaig cr\u00e9ixer amb la generaci\u00f3 del&nbsp;<em>rotring<\/em>, la taula de dibuix, el c\u00fater, l\u2019olor de la goma d\u2019esborrar, el&nbsp;<em>letraset<\/em>, el comp\u00e0s, el cartab\u00f3 i l\u2019esquadra. \u00c9rem creatius sense ordinadors\u201d.<br><br>Reconeix que en la consolidaci\u00f3 del seu estil pict\u00f2ric sovint ha begut del surrealisme, per\u00f2 tamb\u00e9 d\u2019altres estils: \u201cAls vint anys anava sovint a visitar el Museu d\u2019Art de Catalunya. All\u00e0, un bidell un dia em va dir que volia proposar que em donessin la medalla a l\u2019assistent m\u00e9s assidu al Museu i el que m\u00e9s hores passava davant de&nbsp;<em>La Batalla de Tetu\u00e1n&nbsp;<\/em>o<em>&nbsp;El Condesito<\/em>&nbsp;de Fortuny, un grand\u00edssim pintor universal que dibuixava amb el pinzell; en una \u00e8poca que no hi havia fot\u00f2grafs de premsa, els seus dibuixos del Marroc i de les guerres del Rif eren al\u00b7lucinants; em meravella la seva facilitat de tra\u00e7 i la seva capacitat per trobar les perspectives perfectes, la llum i les ombres; Fortuny estava tocat per un deu molt gener\u00f3s. Aleshores tamb\u00e9 vaig descobrir Rusi\u00f1ol, i els paisatgistes d\u2019Olot, que son magn\u00edfics; o&nbsp; la pintura de Nonell i les seves gitanes, a m\u00e9s de Ramon Casas i el Picasso dels Quatre Gats. Aquells dies jo ja dibuixava. A m\u00e9s del surrealisme, m\u2019inspirava en el naturalisme i l\u2019hiperrealisme. Em fascina la gent que dibuixa b\u00e9\u201d.<br><br>Des de l\u2019any&nbsp; 1992 fins avui, Manolo ha mostrat les seves obres -dibuixos, pintures i tamb\u00e9 moltes fotografies- en m\u00e9s de vuitanta exposicions, en moltes sales i espais d\u2019arreu de la geografia peninsular: Ma\u00f3, Barcelona (en moltes ocasions), Seg\u00f2via, Albacete,&nbsp; C\u00f2rdova, Almeria, Sant Cugat del Vall\u00e8s, Madrid (en diverses ocasions), Mont\u00e1nchez, C\u00e0ceres, Talavera la Real, Tarragona o Bilbao\u2026 Per ell, escriure, pintar o fer can\u00e7ons \u00e9s com seguir camins de recerca de la llibertat: \u00abNo ho faig pas per elevar-me per sobre de la resta dels mortals, sin\u00f3, al contrari, perqu\u00e8 m\u2019acosta i m\u2019iguala amb un grup de persones, m\u00e9s ampli o m\u00e9s redu\u00eft, amb les que puc arribar a sintonitzar, en la necessitat d\u2019apaivagament, d\u2019emoci\u00f3, comunicaci\u00f3 pura i desinteressada que podem compartir. De sagal ja sabia que em dedicaria a pintar i a la m\u00fasica. Va ser una elecci\u00f3 preco\u00e7, instintiva, obstinada i incerta de la qual jo no tenia ni la m\u00e9s remota idea de l\u2019abast de les seves conseq\u00fc\u00e8ncies per a la meva vida de jove escanyolit. Aleshores al meu crani pelut ja niava l\u2019esbojarrada idea que l\u2019important \u00e9s participar, com diu tra\u00efdorament l\u2019atleta derrotat. Des d\u2019aleshores, egos a part, he decidit compartir, conscient que el que rebo tamb\u00e9 \u00e9s molt. Reconec que tinc la sort de convertir la meva tasca creativa en lleure\u201d.<br><\/p>\n\n\n\n<figure class=\"wp-block-image\"><img decoding=\"async\" src=\"https:\/\/dades.naciodigital.cat\/redaccio\/arxius\/imatges\/201904\/1200_155421905215012019-29-_Dues_pinturtes_2015.jpg\" alt=\"\"\/><\/figure>\n\n\n\n<p><em>Dues pintures de Manolo (2015).<\/em><br>Una \u00e0mplia selecci\u00f3 dels seus dibuixos, obres pict\u00f2riques i fotografies, i totes les lletres de les can\u00e7ons que va escriure fins al 2004 es van incloure en el volumin\u00f3s llibre&nbsp;<em>Vacaciones de mi mismo<\/em>&nbsp;(Ediciones Mart\u00ednez Roca). L\u2019any 2011 tamb\u00e9 es va publicar el llibre&nbsp;<em>El fruto de la rama m\u00e1s alta<\/em>&nbsp;(Ediciones Mart\u00ednez Roca2011), un extens volum de m\u00e9s de 300 p\u00e0gines on va abocar el m\u00e9s representatiu de la seva producci\u00f3 liter\u00e0ria i art\u00edstica dels \u00faltims anys, in\u00e8dita fins aleshores.<br><br><strong>Elogi dels pastors i les dones ramaderes. La literatura: Verne,&nbsp; Salgari, Baroja, Pla i Rusi\u00f1ol. La religi\u00f3 i la pol\u00edtica<\/strong><br><br>En el transcurs de la conversa, aparquem les q\u00fcestions m\u00e9s relacionades directament amb l\u2019activitat art\u00edstica per endinsar-nos en la particular filosofia de Manolo, en els seus gustos literaris i musicals, la seva visi\u00f3 de la religi\u00f3 i el seu pensament cr\u00edtic amb els pol\u00edtics.<br><br>Durant molts anys, en les entrevistes que se li han fet, i tamb\u00e9 des del micro dels escenaris, Manolo sempre ha tingut paraules d\u2019elogi i admiraci\u00f3 envers els pagesos i els pastors: \u201cAquest afecte i devoci\u00f3 estan arrelats en la vida dels meus avis. &nbsp;Moltes nits a l\u2019escenari acostumo a homenatjar els agricultors i els petits ramaders que han de sobreviure per no ser engolits per les grans empreses de la ramaderia i l\u2019agricultura industrial que s\u2019ho mengen tot sense entranyes. Canti on canti, a Catalunya, a Castella o a Andalusia, jo els dedico els concerts. Fa poc, a Castella vaig con\u00e8ixer unes dones membres de l\u2019agrupaci\u00f3 Ganaderas en Red, un col\u00b7lectiu que tamb\u00e9 existeix a Catalunya amb el nom de Ramaderes de Catalunya, i a qui faig el meu homenatge especial: es tracta d\u2019unes dones que lluiten aferrissadament per viure amb dignitat dels seus ramats i de la seva feina a la pagesia. Ho faig per amplificar la seva activitat\u201d.<\/p>\n\n\n\n<p>Per\u00f2 a banda del seu suport als moviments ecologistes, a les ramaderes i als pagesos en general, explica que quan li demanen qu\u00e8 li hagu\u00e9s agradat ser en comptes de m\u00fasic, ell sempre diu que pastor: \u201cA la vida he fet amistat amb determinats pastors que m\u2019han emocionat parlant de les seves experi\u00e8ncies. Per aix\u00f2, sempre que vaig amb cotxe i veig un pastor a prop de la carretera, el saludo, toco el cl\u00e0xon, o paro i si vol, petem la xerrada\u201d.<br><br>Una de les seves grans passions \u00e9s la literatura. Els seus inicis com a lector cal situar-los a l\u2019adolesc\u00e8ncia: \u201cUn dia, un professor de literatura de l\u2019Institut Juan de Austria ens va demanar als 35 alumnes de la classe que els diumenges al mat\u00ed an\u00e9ssim al Mercat de Sant Antoni a comprar un llibre de segona m\u00e0 cada un, que aleshores valia un duro. Aix\u00f2 va comportar que els 35 llibres que vam comprar van passar per totes les mans i tots els companys de classe els vam llegir durant el curs. Des de llavors la lectura sempre ha estat present en la meva vida, \u00e9s una activitat que m\u2019abriga, em fa viatjar amb la ment i m\u2019ajuda a sortir de mi. Primer vaig devorar les obres d\u2019autors de literatura juvenil, com Karl May, Jules Verne o Emilio Salgari. Un altre dia, una cosina em va regalar un llibre que em va marcar,&nbsp;<em>Vidas de grandes jefes indios<\/em>, en una \u00e8poca&nbsp; que jo pintava indis a les samarretes, duia els cabells llargs i tenia una decidida inclinaci\u00f3 a &nbsp;la vida salvatge. Un altre llibre que em va colpir va ser&nbsp;<em>Walden, la vida als boscos<\/em>, d\u2019Henry David Thoreau, un home que va construir una cabana amb les seves mans i durant dos anys va viure en la solitud del bosc. De m\u00e9s gran vaig llegir P\u00e9rez Gald\u00f3s i en una gira amb El \u00daltimo vaig empassar-me tots els&nbsp;<em>Episodios Nacionales<\/em>&nbsp;de Pio Baroja. Posteriorment he llegit la majoria de llibres de Josep Pla, un gran escriptor. &nbsp;Tamb\u00e9 m\u2019ho he passat molt b\u00e9 amb la novel\u00b7la&nbsp;<em>L\u2019Auca del Senyor Esteve<\/em>, de Santiago Rusi\u00f1ol, &nbsp;a qui sempre he envejat el viatge que va fer amb carro per Catalunya amb Ramon Casas. Qui pogu\u00e9s fer avui aquest viatge! Amb el pas del temps, m\u2019he empassat molts llibres. La llista seria inacabable\u201d.<br><br>En q\u00fcestions religioses es defineix com \u201cun home d\u2019espiritualitat laica, o un esc\u00e8ptic participatiu. Respecto la gent que t\u00e9 una inclinaci\u00f3 religiosa. Tenir una \u00e8tica de conducta, altres en diuen temor de D\u00e9u, em sembla correcte. Encara que sovint tamb\u00e9 s\u2019associa Deu amb el diner, Internet o el futbol, variants de la religiositat que a mi em fan una mica de por. No tinc res en contra de la religi\u00f3 neta, en el sentit de seguir un cam\u00ed de bondat, generositat i altruisme; o de tenir una moral objectivament correcta. Per\u00f2 si la religi\u00f3 es converteix \u2013com ha passat i encara passa- en una arma de guerra per matar o per provocar por, anem malament. Aquesta vessant no m\u2019interessa gens. M\u2019apunto a les creences que propugnen camins de llibertat, igualtat i fraternitat. No combrego gens amb cap fonamentalisme dogm\u00e0tic. Tot el que sigui repressiu, no m\u2019agrada. El m\u00e9s important \u00e9s que tothom vagi a la seva, sense fer mal a ning\u00fa\u201d.<br><br>De car\u00e0cter ind\u00f2mit i rebel des que era jove, diu que en el m\u00f3n de la pol\u00edtica \u00e9s partidari de \u201cq\u00fcestionar-ho tot. En aquest camp acostumo a ser molt desconfiat i en general procuro no creure tot el que diuen els pol\u00edtics, m&#8217;ho penso molt tot. Tinc un punt d\u2019escepticisme molt pronunciat sobre la manera com la classe pol\u00edtica i els poders sovint han tractat la poblaci\u00f3 amb sup\u00e8rbia. No s\u00e9 si l\u2019Espanya de la pandereta ha passat a millor vida o no, per\u00f2 fa la impressi\u00f3 que a molts pol\u00edtics els ha interessat suposadament deixar la pandereta, apostar per la modernitat i que les coses canvi\u00efn, per\u00f2 nom\u00e9s en benefici propi. \u00c9s una t\u00e0ctica astuta. Jo diria que, malauradament, encara queda un substrat de la proclama absolutista \u00ab\u00a1Vivan las cadenas!\u00bb, inventada per alg\u00fa que no estava b\u00e9 del cap a l\u2019\u00e8poca que Ferran VII va tornar del desterrament. Per\u00f2 s\u00f3c optimista i crec que les noves generacions ja no ho veuen aix\u00ed i al final acabaran subvertint aquesta idea nefasta\u201d.<br><\/p>\n\n\n\n<figure class=\"wp-block-image\"><img decoding=\"async\" src=\"https:\/\/dades.naciodigital.cat\/redaccio\/arxius\/imatges\/201904\/1200_155421920202042019-24-manologarcia_foto_david_ruano_b.jpg\" alt=\"\"\/><\/figure>\n\n\n\n<p><em>Manolo Garc\u00eda en una imatge promocional. Foto: David Ruano<\/em><br>Durant la seva llarga traject\u00f2ria professional, Manolo ha viatjat intensament arreu de l\u2019Estat, per\u00f2 tamb\u00e9 ha estat en molts altres pa\u00efsos. Per\u00f2 si els viatges que fem la majoria tenen una finalitat d\u2019esbargiment, ell gaireb\u00e9 sempre s\u2019ha mogut de lloc per la seva feina: per actuar o per enregistrar discos. Tanmateix, \u201caix\u00f2 no significa que no hagi pogut assaborir l\u2019esperit i els paisatges dels llocs on he viatjat. A m\u00e9s de posar els peus en alguns pa\u00efsos europeus, he estat a Am\u00e8rica del Nord, a Am\u00e8rica Central i a Am\u00e8rica del Sud. Dels EUA m\u2019he enamorat dels paisatges rurals d\u2019Idaho i Montana;&nbsp; en canvi, les ciutats no m\u2019han interessat gaire, ja les veiem a les pel\u00b7l\u00edcules; de fet, amb una vegada que he estat a Nova York, n\u2019he tingut prou. Tamb\u00e9 m\u2019agraden els paisatges d\u2019Argentina, en part gr\u00e0cies a la cultura liter\u00e0ria que he llegit d\u2019aquell pa\u00eds. Tamb\u00e9 m\u2019han encantat les planures d\u2019Uruguai i l\u2019alegria de M\u00e8xic; Vene\u00e7uela, on he estat diverses vegades, \u00e9s un lloc molt especial perqu\u00e8 m\u2019hi trobo una mica com a casa, encara que avui em fa estar molt atent al que hi passa. En una ocasi\u00f3 que vam actuar a Melilla, vaig tenir l\u2019oportunitat de fer una incursi\u00f3 al &nbsp;Marroc, un pa\u00eds que em va fascinar\u201d.<br><br>Tot i viure a Barcelona, \u00e9s un n\u00f2mada impenitent que de vegades s\u2019atura una temporada quan no est\u00e0 de gira per aquests mons de D\u00e9u. Per\u00f2 quan no t\u00e9 concerts, a banda de pintar, tamb\u00e9 gaudeix visitant els diversos racons del pa\u00eds: \u201cCatalunya, l\u2018he recorregut tota, de dalt a baix i d\u2019orient a ponent. &nbsp;Per\u00f2 enyoro la Catalunya de Pla, Fortuny i Rusi\u00f1ol, espectacular i variada. En un territori relativament petit, tenim totes les vegetacions i climes: des\u00e8rtic, continental, mediterrani, pirenaic&#8230;&nbsp; Si hagu\u00e9ssim pogut dissenyar una geografia m\u00e9s diversa, jo hauria apostat menys per la ind\u00fastria i hauria preservat molta m\u00e9s superf\u00edcie per la agricultura i la ramaderia, com la Vall d\u2019en Bas, que era un parad\u00eds abans que hi fessin els t\u00fanels. I enyoro la Costa Brava tal com era abans que la destrossessin; all\u00f2 tamb\u00e9 era un parad\u00eds\u201d.<\/p>\n\n\n\n<p>Un dels seus paisatges preferits de Catalunya \u00e9s el Montseny i les Guilleries, una zona que va descobrir a la meitat dels vuitanta: \u201cPoc despr\u00e9s de con\u00e8ixer en Quimi &nbsp;als Hostalets de Baleny\u00e0, tamb\u00e9 vaig con\u00e8ixer altres joves de Vic, una ciutat que des d\u2019aleshores he freq\u00fcentat tot sovint i on tinc bones amistats. En aquella \u00e8poca vaig al\u00b7lucinar amb les&nbsp;<em>performances<\/em>surrealistes que feien els contraculturals vigatans, que tenien un esperit m\u00e9s pag\u00e8s que els contraculturals de Barcelona i que jo no sabia que existissin. Vaig anar sovint a L\u2019Hangar, un &nbsp;bar que oferia&nbsp; concerts en viu. Tot plegat va ser un ham que em va lligar. Per mi, all\u00f2 era l\u2019alegria de viure, en un m\u00f3n m\u00e9s aviat gris, on flotava una boira de temps resclosits. Despr\u00e9s he tornat regularment a la comarca i he fet moltes excursions al Collsacabra, per\u00f2 sobretot al Montseny i a les Guilleries, un terreny que he recorregut tot a peu. Em va doldre intensament quan aquell paisatge verge, ple de boscos i un aut\u00e8ntic pulm\u00f3, &nbsp;va comen\u00e7ar a ser foradat i van fer Eix Transversal. &nbsp;Van preservar una zona del Parc Natural, per\u00f2 nom\u00e9s va ser l\u2019excusa per matxucar la resta. Malauradament, aix\u00f2 va passar aqu\u00ed i una mica a tot arreu, no \u00fanicament al Montseny\u201d.<br><br>Mentre acompanyo Manolo fins al seu cotxe, abans que surti disparat cap a Figueres i Avinyonet de Puigvent\u00f3s (on \u00e9s a punt d\u2019acabar les sessions d\u2019assajos amb els m\u00fasics que l\u2019acompanyen en la gira ac\u00fastica), comenta que quan va comen\u00e7ar a obrir-se cam\u00ed en el m\u00f3n de la m\u00fasica, persones properes li deien:&nbsp; \u201c<em>Manolo, d\u00e9jalo, tu no tienes padrinos en el mundo del artisteo<\/em>\u201d. Quaranta anys despr\u00e9s diu que li ha costat molt tenir predicament: \u201cNo renego dels meus or\u00edgens humils. M\u2019he passat la vida batallant per aconseguir arribar on volia, un objectiu pel qual he hagut de pagar el peatge de la dificultat per tenir una vida an\u00f2nima. Per\u00f2 estic agra\u00eft a la vida i m\u2019he acabat acostumant a pagar esportivament aquest peatge.\u201d<br><br>&#8212;&#8212;&#8212;&#8212;&#8212;-<br><br><strong>BIBLIOGRAFIA<\/strong><\/p>\n\n\n\n<p><em>&#8211; El que la sigue la persigue(Biografia tolerada de El \u00daltimo de la Fila)<\/em>. Toni Coromina (Editorial Can, Barcelona, 1995).<br>&#8211;\u00a0<em>Manolo Garc\u00eda.<\/em>\u00a0Diversos autors. Cuadernos Efe Eme, (Madrid, 2018).<br>&#8211; Hemeroteques diverses.<\/p>\n\n\n\n<p>Fuente. Toni Coromina &#8211; Osona.com &#8211; <a rel=\"noreferrer noopener\" aria-label=\"ENLACE (abre en una nueva pesta\u00f1a)\" href=\"https:\/\/www.naciodigital.cat\/osona\/noticia\/59958\/manolo\/garcia\/tenacitat\/lluitador\/amb\/40\/anys\/carrera\/musical\" target=\"_blank\">ENLACE<\/a><\/p>\n\n\n\n<p>EN CASTELLANO<\/p>\n\n\n\n<h1 class=\"wp-block-heading\">Manolo Garc\u00eda, la tenacidad de un luchador con 40 a\u00f1os de carrera musical<\/h1>\n\n\n\n<h2 class=\"wp-block-heading\">Este 5 de abril inicia una gira ac\u00fastica de 55 conciertos que le llevar\u00e1 hasta finales de diciembre a cantar en teatros y espacios reducidos de todo el estado, una decena de ellos en Catalu\u00f1a<\/h2>\n\n\n\n<p>\n\nBarcelon\u00e8s del Poblenou, este hijo de una familia de inmigrantes murcianos que en la posguerra cambi\u00f3 la sierra del Segura por una barraca en el Somorrostro, en Barcelona, \u200b\u200blleva cuarenta a\u00f1os subiendo a los escenarios.&nbsp;Orgulloso de su procedencia, antes de probar la miel del \u00e9xito hab\u00eda trabajado mucho tiempo en proyectos musicales sin rentabilidad econ\u00f3mica.&nbsp;Tras foguearse con Los R\u00e1pidos y Los Burros, con mucho esfuerzo y tenacidad lleg\u00f3 a brillar en el firmamento musical junto a Quimi Portet con El \u00daltimo de la Fila.&nbsp;Desde 1998, ha publicado siete discos en solitario, ha llenado pabellones y vende discos por los codos.&nbsp;Pero aunque su faceta m\u00e1s conocida es la de cantante, siempre ha complementado la m\u00fasica con la pintura, un arte que desde 1992 ha mostrado al p\u00fablico en unas ochenta exposiciones.<br><\/p>\n\n\n\n<p>Una tarde primaveral de finales de marzo, aprovechando un peque\u00f1o descanso en los ensayos preparatorios de la gira ac\u00fastica, el popular m\u00fasico afincado en Barcelona se detuvo un par de horas en Vic, despu\u00e9s de hacer una de las frecuentes excursiones que regularmente le llevan a recorrer el Montseny y las Guilleries.<\/p>\n\n\n\n<p>En una agradable conversaci\u00f3n mantenida en la terraza de un bar de la capital de Osona (una comarca donde tiene muchos recuerdos y buenas amistades), Manolo hace un repaso a su trayectoria biogr\u00e1fica y profesional, desde los antecedentes familiares murcianos, la su infancia y adolescencia en el Pueblo Nuevo, pasando por su singladura art\u00edstica (la musical, pero tambi\u00e9n la pict\u00f3rica).&nbsp;Durante la entrevista tambi\u00e9n reflexiona sobre la literatura, el campesinado, los pastores, las mujeres ganaderas, sus m\u00faltiples viajes al continente americano o el desconcierto que le provocan los pol\u00edticos y los poderosos.<\/p>\n\n\n\n<figure><iframe width=\"641\" height=\"60\" allowfullscreen=\"true\"><\/iframe><\/figure>\n\n\n\n<p><strong>Antecedentes en la sierra murciana.&nbsp;Una familia de campesinos pobres<\/strong><br><br>Manolo Garc\u00eda Garc\u00eda naci\u00f3 en Barcelona el 19 de agosto de 1955 a las ocho y media de la ma\u00f1ana.&nbsp;Pero sus antecedentes familiares hay que situarlos en F\u00e9rez, un municipio de la provincia de Albacete que oficialmente hoy forma parte de la actual comunidad aut\u00f3noma de Castilla-La Mancha.&nbsp;Situado en las \u00faltimas estribaciones de la sierra del Segura, y al margen de las oficialidades, Manolo considera que F\u00e9rez \u00abantiguamente hab\u00eda formado parte de la antigua Taifa de Murcia, y m\u00e1s adelante del reino de Murcia\u00bb.&nbsp;A principios de los 50, el pueblo ten\u00eda 2.000 habitantes (hoy tiene poco m\u00e1s de 650).&nbsp;Como curiosidad, hay que se\u00f1alar que el director de cine Jos\u00e9 Luis Cuerda rod\u00f3 en F\u00e9rez muchas escenas de su film&nbsp;<em>Amanece que no es poco.<\/em><br><br>Los abuelos paternos, Basiliso y Mar\u00eda, originarios de F\u00e9rez, eran muy pobres y hac\u00edan de caseros en un&nbsp;<em>cortijo<\/em>&nbsp;.&nbsp;Manolo explica que el abuelo Basiliso \u00abera un hombre de los de antes, serio y de palabra, firme, digno, con mucha \u00e9tica, pundonor y algo de orgullo de clase trabajadora.&nbsp;Aunque hab\u00eda gente que se dejaba aplastar por los dictados del&nbsp;<em>se\u00f1orito,<\/em>otros plantaban un poco la cara, como mi abuelo, que reivindicaba sus derechos frente a los ricos del pueblo.&nbsp;Para una t\u00eda m\u00eda, hace poco me enter\u00e9 que ten\u00eda una voz muy agradable y cantaba bien.&nbsp;Cuando llegaba la hora de segar y trillar, o de recoger las aceitunas, los compa\u00f1eros de fatigas siempre le dec\u00edan: \u00abBasiliso, canta para alegrarnos\u00bb.&nbsp;Y \u00e9l entonaba canciones populares de antes de la guerra y de la posguerra.&nbsp;Era el patriarca de la tribu y ten\u00eda una incuestionable autoridad moral.&nbsp;Las personas mayores siempre decid\u00edan qu\u00e9 hacer y no hab\u00eda lugar a la posibilidad de r\u00e9plica.<br><br>Tambi\u00e9n conoci\u00f3 la abuela Mar\u00eda: \u00abElla y sus hijas se ocupaban, entre otras tareas del hogar, de atender a los animales y hacer el pan para toda la semana.&nbsp;A\u00fan conservo la patera de encina donde amasaban la harina.&nbsp;La familia sembraba y cosechaba trigo, el pon\u00edan en 12 o 15 sacos y el llevaban con el burro al molinero del pueblo.&nbsp;Una decena de sacos eran para el due\u00f1o de la finca, el molinero se quedaba dos y la familia, tres.&nbsp;Con esa harina la familia pod\u00eda tirar cinco meses \u00ab.<br><\/p>\n\n\n\n<figure class=\"wp-block-image\"><img decoding=\"async\" src=\"https:\/\/dades.naciodigital.cat\/redaccio\/arxius\/imatges\/201904\/1200_155421912715012019-1-bateig_carmen._Amb_els_avis_materns.jpg\" alt=\"\"\/><\/figure>\n\n\n\n<p><em>Izquierda: Al bautizo de su hermana Carmen.&nbsp;Derecha: Con los abuelos maternos Foto: Archivo Galea<\/em><br>Su abuelo materno, Juli\u00e1n, tambi\u00e9n era de F\u00e9rez, mientras que la abuela materna, Mar\u00eda, proven\u00eda del Sabinar, a 30 kil\u00f3metros.&nbsp;La casa donde viv\u00edan, conocida como&nbsp;<em>Los Herreros<\/em>, Estaba situada en el barrio m\u00e1s pobre del pueblo, llamado El Egido, una palabra que significa \u00abel lugar donde se vierten la basura\u00bb.&nbsp;All\u00ed, Manolo pas\u00f3 algunos veranos.&nbsp;Hoy explica que \u00abtambi\u00e9n eran campesinos muy pobres, \u00e9l hac\u00eda trabajos muy duros, como ir a monte comunal a recoger tomillo y lavanda, que luego llevaba a un calderero que hac\u00eda esencias.&nbsp;Para la carga de un burro, el calderero le daba 300 pesetas por el trabajo de un d\u00eda y medio de trabajo, solo en la monta\u00f1a, con un zurr\u00f3n con un poco de pan y queso.&nbsp;La familia materna ten\u00eda una econom\u00eda de subsistencia, con tres cabritas que orde\u00f1aban y daban la leche a los seis hijos, cuatro de los cuales murieron: tres de hambre y una cuarta de un empacho a resultas del exceso de comida que le dio con buena fe una t\u00eda mientras los padres estaban fuera \u00ab.<br><br>El padre de Manolo, que tambi\u00e9n se llamaba Manuel, se cri\u00f3 en F\u00e9rez y trabaj\u00f3 mucho tiempo en&nbsp;<em>cortjo<\/em>&nbsp;de un&nbsp;<em>se\u00f1orito.&nbsp;<\/em>Ten\u00eda dos hermanos m\u00e1s, pero \u00e9l era el que m\u00e1s faenaba en el campo: \u00abEra un campesino completo que hab\u00eda empezado a trabajar a los ocho a\u00f1os.&nbsp;De m\u00e1s mayor, se levantaba a las cuatro de la madrugada y daba el pienso a las vacas de labrar que \u00e9l mismo domaba y que despu\u00e9s arrastraban los arados.&nbsp;A las seis, iba a labrar unos bancales muy peque\u00f1as;&nbsp;sacar alg\u00fan producto en aquella situaci\u00f3n era muy complicado, porque no hab\u00eda tractores y los accesos eran dif\u00edciles.&nbsp;Todav\u00eda conservo el arado romano que utilizaba \u00ab.<br><br>La madre de Manolo, Carmen, una chica de pocos estudios, antes de casarse con su padre, ayudaba en las tareas dom\u00e9sticas a sus progenitores, Juli\u00e1n y Mar\u00eda: \u00abEra una \u00e9poca de mucha miseria y ella se cuidaba de las cabras , las gallinas y el cerdo, y desde muy peque\u00f1a tambi\u00e9n ayudaba en la cocina.&nbsp;Con mi padre se conocieron en F\u00e9rez cuando eran adolescentes.&nbsp;El padre me explic\u00f3 que, poco antes de casarse, como que su econom\u00eda era muy precaria, le pidi\u00f3 al&nbsp;<em>se\u00f1orito<\/em>&nbsp;si le pod\u00eda dejar dos bancales para cultivar tomates y patatas, y poder tener cuatro gallinas.&nbsp;Pero el due\u00f1o le dijo que no: \u00abT\u00fa trabajas para m\u00ed y punto!\u00bb.&nbsp;Entonces el padre le dijo: &#8216;Aqu\u00ed se queda usted con su finca \u00ab.&nbsp;<br><br><strong>Las barracas del Somorrostro.&nbsp;Abriendo zanjas a pico y pala.&nbsp;La f\u00e1brica de Macosa.<\/strong><br><br>Poco despu\u00e9s, sus padres se casaron y \u00abfueron a buscarse la vida en Barcelona.&nbsp;Subieron al tren&nbsp;<em>sevillano<\/em>, Donde cargaron la cama, la mesita de noche y cuatro sillas de esparto que mi padre hab\u00eda hecho a medias con el carpintero del pueblo.&nbsp;En la capital catalana no ten\u00edan piso y se fueron a vivir en una barraca en el Somorrostro, como las primeras remesas de murcianos a principios de los cincuenta, que subsist\u00edan en campamentos, en condiciones paup\u00e9rrimas.&nbsp;De hecho, antes, en primera l\u00ednea de mar ya se hab\u00edan instalado unos t\u00edos, en unas condiciones similares a los actuales campamentos de los refugiados sirios instalados en el L\u00edbano.&nbsp;Ellos, pero eran refugiados econ\u00f3micos en el contexto de una dictadura militar.&nbsp;Me contaban que cuando hab\u00eda temporal en las playas del Campo de la Bota y el Somorrostro, la gente se ve\u00eda obligada a entrar unos metros tierra adentro, para que las barracas quedaban destruidas y ten\u00edan que volver a empezar \u00ab.<br><br>Sus padres lograron uno de los barracones a unos doscientos metros del mar, cerca de la estaci\u00f3n del Poblenou: \u00abCoincidiendo con el m\u00edtico&nbsp;<em>Plan de Desarrollo<\/em>&nbsp;, paulatinamente fueron arreglando aquella vivienda.&nbsp;Pero como no ten\u00eda agua corriente, ten\u00edan que llevarla de la fuente;&nbsp;yo, que me cri\u00e9 all\u00ed, muchas veces ten\u00eda que ir a hacer cola y llevar el agua para cocinar y para lavarnos.&nbsp;Recuerdo que dentro de la barraca, llena de goteras, a menudo llov\u00eda \u00ab.<br><\/p>\n\n\n\n<figure class=\"wp-block-image\"><img decoding=\"async\" src=\"https:\/\/dades.naciodigital.cat\/redaccio\/arxius\/imatges\/201904\/1200_155421894026112018-2-amb_la_mare_i_la_germana_carmen.jpg\" alt=\"\"\/><\/figure>\n\n\n\n<p><em>Con la madre y la hermana.&nbsp;Foto: Archivo Galea<\/em><br>El padre, lo primero que hizo al llegar Barcelona fue \u00abtrabajar con camiseta abriendo zanjas a pico y pala en el mercado de pescado del Born.&nbsp;All\u00ed, a veces se derrumbaba un tramo y hab\u00eda gente herida.&nbsp;Pero \u00e9l no estaba por obleas, ten\u00eda que trabajar, pero estaba contento, porque en F\u00e9rez ten\u00eda un&nbsp;<em>se\u00f1orito<\/em>&nbsp;que la humillaba;&nbsp;en cambio, en Barcelona se defend\u00eda solo y ten\u00eda fiesta el domingo, un d\u00eda que aprovechaba para pasear e ir a hacer un&nbsp;<em>chato<\/em>de vino con los amigos;&nbsp;pero a diferencia del pueblo donde hab\u00eda mucho control y pasaban lista, no ten\u00eda que ir a misa.&nbsp;M\u00e1s adelante hizo otros trabajos, pero por encima de todo se dej\u00f3 la piel muchos a\u00f1os en Macosa, una f\u00e1brica del ramo del metal donde constru\u00edan ra\u00edles, v\u00edas de tren y componentes ferroviarios.&nbsp;Cuando yo ten\u00eda siete u ocho a\u00f1os le llevaba la fiambrera.&nbsp;Aquellos d\u00edas los obreros hac\u00edan turnos muy duros.&nbsp;Curiosamente, las mismas sirenas que durante la guerra hab\u00edan avisado del bombardeos de los aviones italianos, a Macosa sonaban para marcar los cambios de turno \u00ab.<br><br>Mientras tanto, la madre hac\u00eda de ama de casa.&nbsp;Cuando tuvo los hijos -Manolo y su hermana Carmen, seis a\u00f1os m\u00e1s joven que \u00e9l-, los tuvo que criar, pero cuando ya fueron algo agambats, para ayudar a la econom\u00eda dom\u00e9stica, \u00abse fue a trabajar en el telar de una f\u00e1brica textil junto al Mercado del Poblenou.&nbsp;Cuando llov\u00eda, yo la iba a buscar con paraguas en las diez de la noche, cuando se acababa el turno de noche de las mujeres \u00ab.<br><br>Manolo Garc\u00eda creci\u00f3 en Poblenou, un barrio barcelon\u00e9s que se llen\u00f3 de extreme\u00f1os, murcianos y andaluces en pleno fulgor del r\u00e9gimen franquista.&nbsp;En aquella \u00e9poca se populariz\u00f3 del rock &amp; roll en Estados Unidos, aunque en Espa\u00f1a la banda sonora era otra.&nbsp;Aqu\u00ed sonaba Antonio Mach\u00edn, un cantante que se hab\u00eda convertido en el \u00eddolo de las masas, mientras el torero Chamaco hac\u00eda las delicias de la afici\u00f3n y TVE iniciaba sus primeras emisiones.&nbsp;Pero la milagrosa y m\u00edtica&nbsp;<em>caja tonta,<\/em>&nbsp;objeto de devota adoraci\u00f3n por parte de las familias espa\u00f1olas, no lleg\u00f3 a casa del futuro m\u00fasico.<br><br>De peque\u00f1o, jugaba con \u00abpaquetes de detergentes y mu\u00f1ecos de pl\u00e1stico, indios y soldados estadounidenses.&nbsp;Yo montaba fortines con cartones y restos de maderas que ped\u00edamos al carpintero del barrio.&nbsp;Con cuatro o cinco amigos, jug\u00e1bamos a la calle sin asfaltar y qued\u00e1bamos bien embarrados;&nbsp;tambi\u00e9n constru\u00edamos patinetes con cojinetes y maderas, y jug\u00e1bamos a guerra con arcos y flechas y horquillas.&nbsp;Con ello \u00e9ramos felices.&nbsp;En cambio, el f\u00fatbol no me interes\u00f3 nunca.&nbsp;Nuestro \u00e1mbito de correr\u00edas era por los alrededores de la estaci\u00f3n del tren del Poblenou, que entonces era un lodazal donde cientos de camiones cada d\u00eda vert\u00edan basura.&nbsp;En algunos lugares del barrio, la arena era negra debido a las chimeneas de las industrias.&nbsp;Yo viv\u00eda en la Calle Ram\u00f3n Turr\u00f3, cerca de la calle Llull,<br><br>Su primera trayectoria escolar transcurri\u00f3 en el colegio nacional Lope de Vega, al lado de casa.&nbsp;Su expediente acad\u00e9mico refleja algunas turbulencias.&nbsp;Como hac\u00eda de monaguillo en la parroquia de Santa Mar\u00eda del Tejado, sacaba un 9 de Religi\u00f3n, y tambi\u00e9n sobresal\u00eda en dibujo, pero sol\u00eda suspender en Gimnasia: \u00abEra un&nbsp;<em>paquete, p<\/em>&nbsp;ero el peor eran las matem\u00e1ticas, pues la profesora m &#8216;expulsaba de clase con cierta frecuencia, me daba constantes avisos y calabazas, me pon\u00eda orejas de burro, me castigaba y me aplicaba todo tipo de severos correctivos, para alborotar y hacer el payaso&#8217;.&nbsp;Despu\u00e9s estudi\u00f3 secundaria en el Instituto Juan de Austria, en la Verneda.<br><br>Refiri\u00e9ndose a su etapa de monaguillo en Santa Mar\u00eda del Taulat, recuerda que \u00abaunque en casa no eran demasiado cat\u00f3licos, all\u00ed ayudaba a las misas, bodas y entierros y tambi\u00e9n tocaba las campanillas.&nbsp;Todo el mundo dec\u00eda que yo era un buen monaguillo, el m\u00e1s serio, y que nunca hac\u00eda campana.&nbsp;Seg\u00fan el rector, yo ejerc\u00eda mi tarea con una fe y una voluntad fuera de lo com\u00fan.&nbsp;En realidad, sin entrar en temas teol\u00f3gicos, aquello para m\u00ed era un juego que me fascinaba.&nbsp;Curiosamente, hace pocos a\u00f1os, en un reportaje televisivo del Canal 33 apareci\u00f3 el cura de la parroquia, de quien no tengo ning\u00fan mal recuerdo, sobre todo ahora que tanto se habla de los abusos.&nbsp;Era un buen hombre que nos animaba a cargar furgonetas con sacos de arroz, garbanzos y lentejas, y todo tipo de material para llevar a las misiones de \u00c1frica.&nbsp;En el reportaje que vi me enter\u00e9 que en la \u00e9poca que yo hac\u00eda de monaguillo aquel hombre hab\u00eda acogido refugiados antifranquistas y comunistas, y tambi\u00e9n hac\u00eda de puente de personas perseguidas que quer\u00edan huir de Espa\u00f1a.&nbsp;\u00abResulta que mi padre era un &#8216;cura obrero&#8217;. Y me alegr\u00e9 mucho\u00bb.<br><\/p>\n\n\n\n<figure class=\"wp-block-image\"><img decoding=\"async\" src=\"https:\/\/dades.naciodigital.cat\/redaccio\/arxius\/imatges\/201904\/1200_155421924102032019-31_A_Vic._Foto_toni_coromina_2019_(2).jpg\" alt=\"\"\/><\/figure>\n\n\n\n<p><em>Manolo Garc\u00eda.&nbsp;Foto: Toni Coromina<\/em><br>En la misma \u00e9poca, debut\u00f3 como vocalista en el coraz\u00f3n del Centro Cultural y Moral del barrio, llegando a desmayarse en plena interpretaci\u00f3n del himno mariano&nbsp;<em>El Virolai:<\/em>&nbsp;\u00abMe desplom\u00e9, como un p\u00e1jaro ca\u00eddo del \u00e1rbol.&nbsp;Supongo que me emocion\u00e9 demasiado \u00ab, recuerda.&nbsp;Pero su infancia tambi\u00e9n asociada a las formidables pel\u00edculas de rasgos que ve\u00eda a los cines del barrio, donde la acompa\u00f1aba su madrina, una buena mujer que estaba convencida de que aquel ni\u00f1o inquieto y circunspecto alg\u00fan d\u00eda ser\u00eda cantante.&nbsp;La buena se\u00f1ora, a tal efecto, somet\u00eda el peque\u00f1o Manolo a curiosos rituales para conjurar alguna supuesta furia y le cortaba las u\u00f1as detr\u00e1s de una puerta, como un hechizo.&nbsp;Pero el cine tambi\u00e9n exhib\u00edan pel\u00edculas musicales, y en alguna de ellas lleg\u00f3 a descubrir a su \u00eddolo predilecto, Antonio Molina, y tambi\u00e9n a Raphael o Peret.&nbsp;Pasado los a\u00f1os, dice que \u00abir al cine era fant\u00e1stico porque hac\u00edan sesiones continuas, y si te gustaban las dos pel\u00edculas pod\u00edas repetir.&nbsp;Adem\u00e1s, entre medio hac\u00edan el Nodo,&nbsp;el noticiario franquista que mir\u00e1bamos sin saber el contexto pol\u00edtico del pa\u00eds porque \u00e9ramos muy peque\u00f1os.&nbsp;Pers suerte, en mi barrio hab\u00eda muchos cines: el resbalan, el Ideal, el California, el Pere Quart &#8230; Era una delicia para los ni\u00f1os;&nbsp;y un entretenimiento muy barato: una peseta.&nbsp;Sin olvidar las pipas y los altramuces, pero no hab\u00eda palomitas ni coca-colas, beb\u00edamos Mirinda \u00ab.<br><br><strong>Entre el gris de la Barcelona industrial y los veranos en el pueblo de F\u00e9rez.&nbsp;La radio y los tebeos.&nbsp;Las excursiones.<\/strong><br><br>Hasta los 14 a\u00f1os pas\u00f3 las vacaciones de verano en F\u00e9rez.&nbsp;Pero el contraste con el ajetreo y el bullicio de la gran ciudad era patente.&nbsp;En el pueblo, en un ambiente absolutamente rural, los chicos de su edad llevaban una vida muy diferente, aunque \u00e9l, que no era aficionado jugar al f\u00fatbol, \u200b\u200biba a su aire: \u00abYo sol\u00eda disfrutar de la libertad ya pasear en solitario .&nbsp;Era bastante individualista y a\u00fan lo soy, aunque nunca he rechazado una convocatoria social.&nbsp;A veces iba con el burro en el huerto del abuelo Basiliso, donde pasaba muchas horas cuidando las patatas y los tomates;&nbsp;otros, iba al r\u00edo a cazar ranas.&nbsp;Siempre me ha admirado la vibraci\u00f3n de la naturaleza, los \u00e1rboles y las monta\u00f1as.&nbsp;Recuerdo que cuando llegaba al pueblo a principios de verano, lo hac\u00eda desde la condici\u00f3n de catal\u00e1n, pero cuando volv\u00eda a Barcelona era murciano.&nbsp;Me encontraba en terreno de nadie, todo era relativo.&nbsp;El regreso a Barcelona ya la disciplina escolar sol\u00eda ser dura, porque el reencuentro con un mundo industrial, muy gris, no me interesaba, lo rechazaba.&nbsp;Tras pasar unos meses en un ambiente mundo buc\u00f3lico y pastoral, ba\u00f1\u00e1ndome en las balsas o al r\u00edo Segura, volver al Poblenou, un barrio con las calles llenas de barro negro era dif\u00edcil \u00ab.<br><br>Como en casa no ten\u00edan tocadiscos ni televisi\u00f3n, el cord\u00f3n umbilical que la un\u00eda con el mundo et\u00e9reo y virtual era la radio: \u00abSiempre que pod\u00eda escuchaba cuentos y los seriales radiof\u00f3nicos&nbsp;<em>Cascabel<\/em>&nbsp;y&nbsp;<em>Tambor<\/em>&nbsp;;&nbsp;tambi\u00e9n era un seguidor impenitente del&nbsp;<em>Consultorio sentimental de Helena Francis<\/em>&nbsp;, una se\u00f1ora que daba la impresi\u00f3n de saberlo todo en el campo del amor y los sentimientos;&nbsp;a\u00f1os despu\u00e9s, me enter\u00e9 que bajo el misterioso seud\u00f3nimo de&nbsp;<em>Se\u00f1ora Francis<\/em>, Se escond\u00eda un gallardo guionista de sexo masculino.&nbsp;Pero la radio tambi\u00e9n me permiti\u00f3 aprenderme de memoria las canciones de Juanito Valderrama y, por supuesto, las de Antonio Molina.&nbsp;M\u00e1s adelante me voy a familiarizarse con la cantilena de Los Bravos, Los Brincos y M\u00f3dulos.&nbsp;Recuerdo que la m\u00fasica del peludos de los Beatles en la Espa\u00f1a franquista se recibi\u00f3 de mala gana hasta que la realidad se impuso.&nbsp;Aquellos d\u00edas yo me paraba a menudo en una peque\u00f1a librer\u00eda del barrio donde a veces pon\u00edan los&nbsp;<em>singles<\/em>&nbsp;de moda en un tocadiscos.&nbsp;As\u00ed descubr\u00ed alg\u00fan grupo de rock, como Led Zeppelin o Creedence Clearwater Revival \u00ab.&nbsp;<br><br>Como la mayor\u00eda de chicos de su \u00e9poca, para salir del tedio escolar Manolo tambi\u00e9n le\u00eda&nbsp;<em>Haza\u00f1as b\u00e9licas<\/em>&nbsp;, el&nbsp;<em>TBO<\/em>&nbsp;, o<em>El Capit\u00e1n Trueno<\/em>&nbsp;, un h\u00e9roe que de mayor se reencarnar a Makoki, o en el Teniente Blueberry.&nbsp;En el campo de la lectura juvenil devoraba las novelas de Julio Verne, Mark Twain y Emilio Salgari.<br><br>Hoy se\u00f1ala que de peque\u00f1o no era demasiado consciente de vivir en una dictadura, ni tampoco de la singularidad especial de Catalu\u00f1a: \u00abYo s\u00f3lo conoc\u00eda las cuatro calles del barrio donde jug\u00e1bamos.&nbsp;No sab\u00eda nada m\u00e1s, ni tampoco conoc\u00eda el centro de Barcelona.&nbsp;De hecho, si alguna vez iba en tranv\u00eda con la madre, ella dec\u00eda &#8216;vamos a Barcelona&#8217;.&nbsp;Hasta los 14 o 15 a\u00f1os siempre habl\u00e9 en castellano porque era la lengua que todo el mundo hablaba en el barrio;&nbsp;el catal\u00e1n, apenas lo sent\u00eda.&nbsp;Seguramente pasaba lo mismo que hoy en Santa Coloma de Gramenet, donde hay algunas calles donde todo el mundo habla \u00e1rabe o chino.&nbsp;En mi infancia y adolescencia, el Poblenou era un gueto.&nbsp;No fue hasta que sal\u00ed del barrio que empec\u00e9 a descubrir el catal\u00e1n, un idioma hasta entonces desconocido \u00ab.<br><br>Ya bien entrada la adolescencia, Manolo empez\u00f3 a lucir una notable cabellera, lo que unido a su piel morena, le vali\u00f3 el apelativo del Indio.&nbsp;Contrariamente a la t\u00f3nica general del momento, no form\u00f3 nunca parte de ninguna organizaci\u00f3n juvenil, ya fuera la falangista OJE, los aspirantes de Acci\u00f3n Cat\u00f3lica, o los&nbsp;<em>boy scouts<\/em>.&nbsp;Hasta que comenz\u00f3 a frecuentar un grupo de chicos relacionados con el Centro Excursionista del Poblenou y algunos fines de semana se iba de excursi\u00f3n en la Garriga con ellos, \u00abcargados con la mochila, una bota de vino y algunas dosis de morcilla .&nbsp;Los s\u00e1bados por la tarde, cog\u00edamos el tren e \u00edbamos a los riscos del Bert\u00ed, encima Centelles, un viaje que para nosotros era como ir a China.&nbsp;Cuando lleg\u00e1bamos a la estaci\u00f3n sub\u00edamos monta\u00f1a arriba y nos instal\u00e1bamos en un prado de hierba, donde dorm\u00edamos en tiendas de campa\u00f1a y saco de dormir, y cocin\u00e1bamos cualquier cosa con un hornillo de butano.&nbsp;Ten\u00edamos entre 15 y 17 a\u00f1os y \u00e9ramos felices \u00ab.&nbsp;<br><br><strong>La primera bater\u00eda.&nbsp;Amenizando bodas y fiestas de discoteca.&nbsp;El rock y los hippies.&nbsp;El Zeleste.<\/strong><br><br>Con las 500 pesetas que su madre le dio a escondidas de su padre, Manolo compr\u00f3 su primera bater\u00eda.&nbsp;Se trataba de un cacharro antiqu\u00edsimo: \u00abUna&nbsp;<em>jazz band<\/em>&nbsp;de madera compuesta de bombo, caja y platillos.&nbsp;Empec\u00e9 a golpear aquel instrumento al ritmo de&nbsp;<em>Los Ejes de mi carreta<\/em>.&nbsp;Poco a poco pas\u00e9 a copiar con entusiasmo todo el repertorio de Creedence Clearwater Revival.&nbsp;Hasta que un d\u00eda que consegu\u00ed calcar el solo de bater\u00eda de&nbsp;<em>In-A-Gadda-Da-Vida<\/em>&nbsp;, de Iron Buterfly, consider\u00e9 que mi toque era demoledor y que de all\u00ed ya pod\u00eda ir a Hollywood \u00ab.<br><\/p>\n\n\n\n<figure class=\"wp-block-image\"><img decoding=\"async\" src=\"https:\/\/dades.naciodigital.cat\/redaccio\/arxius\/imatges\/201904\/1200_155421912615012019-3-bateria_amb_materia_gris,1975_(Arxiu_galea)._A_la_mili,_1976_(arxiu_Galea).jpg\" alt=\"\"\/><\/figure>\n\n\n\n<p><em>Izquierda: De bater\u00eda con Materia Gris, 1975.&nbsp;Derecha: En la mili, 1976 Foto: Archivo Galea<\/em><br>Convencido de que pod\u00eda comerse el mundo, entr\u00f3 a formar parte de su primer grupo, Materia Gris, que concurs\u00f3 discretamente en cert\u00e1menes de j\u00f3venes promesas y actu\u00f3 en las discotecas del Poblenou y del barrio de Verdum.&nbsp;Con esa formaci\u00f3n durante tres temporadas se dedic\u00f3 a amenizar los bailes populares de un centenar de poblaciones catalanas.<br><br>En la primera mitad de los 70 se hicieron famosas las sesiones vespertinas rockeras del barcelon\u00e9s Sal\u00f3n Price, un local de dudosa reputaci\u00f3n, dedicado habitualmente a ofrecer veladas de boxeo y lucha libre.&nbsp;Cada domingo por la tarde, despu\u00e9s del debut de alg\u00fan grupo telonero, interven\u00edan artistas consagrados del nivel de Los Canarios o Lone Star.&nbsp;Aquellas sesiones estaban organizadas, entre otros, por el inefable periodista Jos\u00e9 Mar\u00eda Pallard\u00f3, per\u00ednclit experto musical que, seg\u00fan Manolo, \u00aben aquella \u00e9poca, ayud\u00f3 mucho a los grupos rockeros locales, desde su plataforma&nbsp;<em>El Clan de la Una<\/em>&nbsp;y&nbsp;<em>Al mil por mil<\/em>&nbsp;, en Radio Juventud, cuando la televisi\u00f3n todav\u00eda no hac\u00eda estragos generacionales \u00ab.<br><br>Por enfermedad del bater\u00eda de un grupo de artistas noveles, Manolo tuvo la oportunidad de actuar como telonero de Lone Star en una de las matinales.&nbsp;El tr\u00edo de p\u00faberes aguant\u00f3 estoicamente una espectacular lluvia de objetos de todo tipo, incluida alguna botella, hasta que el guitarrista y el bajista optaron por retirarse;&nbsp;pero Manolo no.&nbsp;\u00abMe di cuenta de que ten\u00eda una oportunidad de oro para hacer ruido.&nbsp;El granizado de objetos variados continu\u00f3 cayendo, pero aguant\u00e9 el tipo.&nbsp;Desde las bambalinas, Pedro Gen\u00e9, cantante de Lone Star, contemplaba alucinado la escena surrealista del intr\u00e9pido e imberbe jovencito (un servidor), desafiando irresponsablemente la parroquia;&nbsp;todav\u00eda lo recuerdo mirando con cara de pato y parti\u00e9ndose de risa.&nbsp;Cuando termin\u00e9, me felicit\u00f3 efusivamente \u00ab.<br><br>Toc\u00f3 la bater\u00eda dos a\u00f1os m\u00e1s con Materia Gris, una formaci\u00f3n que se dedicaba a amenizar banquetes y fiestas&nbsp;<em>discotequeras<\/em>&nbsp;, con temas de ayer y de siempre:&nbsp;<em>La bamba, El reloj<\/em>y otros por el estilo.&nbsp;Aunque tambi\u00e9n aprovechaban cualquier ocasi\u00f3n para interpretar versiones de los rockeros m\u00e1s emblem\u00e1ticos del panorama internacional.&nbsp;El grupo tuvo un cierto predicamento en el Sal\u00f3n Kyoto, de Igualada, donde durante un a\u00f1o entero actuaron dos domingos al mes.&nbsp;Aquellos d\u00edas, para ir de Barcelona a Igualada, la furgoneta del grupo tardaba dos horas y media, era toda una odisea;&nbsp;hoy, este trayecto se realiza en s\u00f3lo 20 minutos.&nbsp;Y un detalle anecd\u00f3tico: una vez pagados los gastos, cada m\u00fasico se llevaba a casa la desorbitada cantidad de 150 pesetas.&nbsp;Antes de desaparecer, Materia Gris cambi\u00f3 su nombre por un patron\u00edmico m\u00e1s bien&nbsp;<em>heavy<\/em>&nbsp;: Sat\u00e1n.<br><br>El movimiento musical catal\u00e1n no se entender\u00eda sin los macroconciertos de rock que se celebraron a mediados de los a\u00f1os 70. Y Manolo fue uno de los j\u00f3venes que asisti\u00f3 al primer Canet Rock con un zurr\u00f3n y un saco de dormir: \u00abAquello me parec\u00eda tan importante como el festival de Woodstock.&nbsp;Fui solo, pero estaba all\u00ed.&nbsp;No tomaba drogas, pero me sent\u00eda feliz de poder compartir la fiesta con los hippies.&nbsp;Y decid\u00ed que quer\u00eda ser m\u00fasico s\u00ed o s\u00ed \u00ab.&nbsp;<br><br>Mientras tanto, durante la semana trabajaba en una carpinter\u00eda y se com\u00eda con ganas los bocadillos de tortilla que con mucho amor le preparaba su sacrificada madre.&nbsp;En cambio, su padre, que no ve\u00eda nada claro que el hijo pudiera vivir de la m\u00fasica, siempre le re\u00f1\u00eda por la cabellera y por su supuesta tendencia al hippismo: \u00abEl hombre s\u00f3lo quer\u00eda que su hijo dejara de hacer<em>India<\/em>&nbsp;y que entrara a trabajar de delineante a Macosa.&nbsp;Pero lo m\u00e1ximo que consigui\u00f3 fue que yo participara en un concurso de dibujo organizado por la empresa metal\u00fargica en la que obtuve el segundo premio, que me report\u00f3 una pluma estilogr\u00e1fica y un \u00e1lbum de cromos de futbolistas que no me interesaban en absoluto \u00ab.<br><\/p>\n\n\n\n<figure class=\"wp-block-image\"><img decoding=\"async\" src=\"https:\/\/dades.naciodigital.cat\/redaccio\/arxius\/imatges\/201904\/1200_155421913007032019-4-amb_Silmay_Su_Conjunto._1978_Arxiu_Galea.jpg\" alt=\"\"\/><\/figure>\n\n\n\n<p><em>Manolo con Sima y super Conjunto, 1978 Foto: Archivo Galea<\/em><br>A los 17 a\u00f1os, la siguiente etapa fue Silma y sume Conjunto, \u00abuna banda capitaneada por una encantadora se\u00f1orita del barrio de Sants, de Barcelona, que ten\u00eda incre\u00edbles dotes vocales y era muy guapa.&nbsp;Sus versiones de&nbsp;<em>El emigrante<\/em>&nbsp;y&nbsp;<em>El ruise\u00f1or<\/em>&nbsp;llegaban al alma del p\u00fablico.&nbsp;Adem\u00e1s de tocar en discotecas y fiestas mayores, tambi\u00e9n lo hac\u00edan en el restaurante&nbsp;<em>Los tres molinos<\/em>&nbsp;, un local de la carretera de Esplugues especializado en bodas al por mayor.&nbsp;A veces, Silma dejaba que Manolo cantara alg\u00fan tema moderno &#8211;&nbsp;<em>Feelings<\/em>ten\u00eda mucho \u00e9xito- o alguna versi\u00f3n de los hits del rock &amp; roll: \u00abLos m\u00fasicos cobr\u00e1bamos una media de 3.000 pesetas por bolo.&nbsp;Si el padre de la novia solicitaba una canci\u00f3n concreta, me sacaba una propina de 4.000 pesetas extras para cantar, por ejemplo,&nbsp;<em>Un rayo de sol \u00ab<\/em>&nbsp;.&nbsp;Viendo que sus primeros trinos en p\u00fablico le sal\u00edan muy bien afinados, por el m\u00f3dico precio de 5.000 pesetas Manolo se compr\u00f3 un&nbsp;<em>Shure,<\/em>&nbsp;un micr\u00f3fono de calidad contrastada, que hoy todav\u00eda conserva.&nbsp;<br><br>Durante los ratos de ocio, comenz\u00f3 a frecuentar el Zeleste, el m\u00edtico local barcelon\u00e9s de la calle Plater\u00eda, \u00abuna especie de Tibidabo musical, un aut\u00e9ntico parque de atracciones donde actuaban Pau Riba &#8211;&nbsp;<em>Dioptria<\/em>fue uno de los mejores discos de la m\u00fasica en catal\u00e1n de todos los tiempos-, Sisa, Oriol Tramvia, La Voss del Tr\u00f3pico, el Gato P\u00e9rez y la Orquesta Plater\u00eda.&nbsp;Una de las escenas que m\u00e1s me impresion\u00f3 fue la actuaci\u00f3n de Joseph Manel, el cantante de la Plater\u00eda, que apareci\u00f3 en el escenario tocando las congas, vestido con un delantal de carnicero.&nbsp;Aquella generaci\u00f3n ten\u00eda mucho sentido del humor, algo que ahora quiz\u00e1 se echa de menos.&nbsp;Adem\u00e1s del pop-rock catal\u00e1n, entonces llamado onda laietana &#8216;, sus preferencias musicales pasaban por King Crimson, Blondie, Ultravox &#8230;, o la ca\u00f1a andaluza de Triana, Gualberto, Smash y Lole y Manuel.&nbsp;Hacia la segunda mitad de los setenta frecuent\u00f3 el Palacio de Deportes de Barcelona, \u200b\u200bun incomparable marco donde actu\u00f3 Carlos Santana o los Queen de Freddy Mercury.&nbsp;Mientras tanto, por la radio,<br><br>A pesar de trabajar como carpintero, descargador de muebles, delineante o publicitario, Manolo idealizaba y admiraba los hippies, \u00abunos individuos que me parec\u00edan cojonudos, porque cre\u00eda que eran felices sin dar golpe.&nbsp;En realidad, es muy posible que muchos jeta igual que yo, que me ten\u00eda por un&nbsp;<em>capullo<\/em>&nbsp;.&nbsp;Pero descubr\u00ed que algunos hippies de tendencia libertaria eran partidarios de la autogesti\u00f3n.&nbsp;Viendo la dureza con que la vida hab\u00eda tratado a mi padre, pens\u00e9 que no me apetec\u00eda trabajar exclusivamente en beneficio de terceros que te roban, te esclaviza y te tienen a su merced.&nbsp;Por ello, admiraba la gente que formaba un com\u00fan.&nbsp;Curiosamente, con el paso de los a\u00f1os, pude poner en pr\u00e1ctica la autogesti\u00f3n, sobre todo cuando con Quimi Portet creamos El \u00daltimo de la Fila \u00ab. &nbsp;<br><br><strong><em>La Movida<\/em><\/strong><strong>&nbsp;madrile\u00f1a.&nbsp;Los R\u00e1pidos.&nbsp;<\/strong><br><br>Antes de la eclosi\u00f3n de la<em>&nbsp;movida<\/em>&nbsp;madrile\u00f1a, durante la d\u00e9cada de los setenta Barcelona hab\u00eda convertido en la capital cultural peninsular gracias a una potente industria editorial, el despertar del ecologismo, la expansi\u00f3n de los movimientos alternativos y la ebullici\u00f3n de la m\u00fasica laietana , que tuvo su catedral particular en Zeleste y supuso una alternativa a la m\u00fasica de los cantautores de la Nova Can\u00e7\u00f3, capitaneados por los Setze Jutges.<br><br>A finales de los setenta, despu\u00e9s de las primeras elecciones municipales y auton\u00f3micas de la \u00abdemocracia\u00bb, Barcelona dej\u00f3 de ser el motor cultural del pa\u00eds y cedi\u00f3 el protagonismo en Madrid, que experiment\u00f3 una \u00e9poca dorada musical con nombres tan relevantes como Alaska , Aviador Dro, Derribos Arias, Ejecutivos agresivos, Kaka de Luxe, Los elegantes, Radio Futura, Gabinete Caligari, Glutamato Ye-y\u00e9, Hombres G, Mecano, Nacha Pop o Los Secretos, por citar algunos.&nbsp;Coincidiendo con la victoria del PSOE y el mandato del alcalde socialista Enrique Tierno Galv\u00e1n en Madrid, en la capital del reino se consagr\u00f3 definitivamente la&nbsp;<em>movida<\/em>madrile\u00f1a, un fen\u00f3meno social, cultural y l\u00fadico desarrollado entre 1977 y 1984, con su punto \u00e1lgido entre 1981 y 1982. En este periodo, un amplio grupo de artistas cre\u00f3 un movimiento caracterizado por las ganas de divertirse y acabar con el sopor de la \u00e9poca franquista y la transici\u00f3n.&nbsp;<br><br>Siguiendo la ley del p\u00e9ndulo, a mediados de los ochenta, la&nbsp;<em>movida<\/em>madrile\u00f1a entr\u00f3 en decadencia y un grupo catal\u00e1n emergi\u00f3 de la nada, convirti\u00e9ndose durante diez a\u00f1os en la formaci\u00f3n musical m\u00e1s destacada del universo musical estatal: El \u00daltimo de la Fila (1985-1995), el proyecto impulsado por Manolo Garc\u00eda y Quimi Portet.&nbsp;Todo comenz\u00f3 a principios de 1980, cuando el m\u00fasico de origen argentino Sergio Makaroff buscaba m\u00fasicos para la grabaci\u00f3n de un LP con sus \u00faltimas composiciones.&nbsp;Necesitaba un guitarrista, un bajista, un teclista y un bater\u00eda.&nbsp;Pronto se encontr\u00f3 con Manolo, entonces bater\u00eda, y con Esteban Mart\u00edn, conocido teclista de origen uruguayo-alem\u00e1n establecido en Barcelona.&nbsp;Sergio encarg\u00f3 a Manolo y Esteban la tarea de buscar el resto de componentes del grupo.&nbsp;Y estos ficharon Antonio Fidel, m\u00fasico de Cartagena que hasta ese d\u00eda nunca hab\u00eda tocado el bajo,&nbsp;y el guitarrista Jos\u00e9 Luis P\u00e9rez, un m\u00fasico experimentado que hab\u00eda abandonado la banda sinf\u00f3nica Abedul.&nbsp;Despu\u00e9s de grabar el disco de Makaroff, los m\u00fasicos quisieron probar suerte por su cuenta y ficharon el bater\u00eda Lu\u00eds Visiers, pasando Manolo Garc\u00eda a ser el cantante.&nbsp;Sin tener un nombre definido, trabajaron intensamente dando forma a una veintena de temas propios y grabaron su primera maqueta, que llevaron a las oficinas de EMI.&nbsp;Con s\u00f3lo dos meses de ensayos obtuvieron su primer contrato discogr\u00e1fico y bautizaron la banda con el nombre de Los R\u00e1pidos.&nbsp;trabajaron intensamente dando forma a una veintena de temas propios y grabaron su primera maqueta, que llevaron a las oficinas de EMI.&nbsp;Con s\u00f3lo dos meses de ensayos obtuvieron su primer contrato discogr\u00e1fico y bautizaron la banda con el nombre de Los R\u00e1pidos.&nbsp;trabajaron intensamente dando forma a una veintena de temas propios y grabaron su primera maqueta, que llevaron a las oficinas de EMI.&nbsp;Con s\u00f3lo dos meses de ensayos obtuvieron su primer contrato discogr\u00e1fico y bautizaron la banda con el nombre de Los R\u00e1pidos.<br><\/p>\n\n\n\n<figure class=\"wp-block-image\"><img decoding=\"async\" src=\"https:\/\/dades.naciodigital.cat\/redaccio\/arxius\/imatges\/201904\/1200_155421912515012019-5-burros_1984_foto_toni_coromina.jpg\" alt=\"\"\/><\/figure>\n\n\n\n<p><em>Izquierda: Los Burros en Cardedeu (1984).&nbsp;Derecha: actuaci\u00f3n con Los Burros.&nbsp;Foto: Toni Coromina<\/em><br>El mismo 1980 registraron&nbsp;<em>Amor biodegradable<\/em>&nbsp;, su primer y \u00fanico LP, que sali\u00f3 a la venta al a\u00f1o siguiente.&nbsp;El disco, del que se vendieron 2.000 copias, conten\u00eda doce canciones de estilo pop-rock como&nbsp;<em>Navaja de papel, Televisi\u00f3n desactivada o Ruta del sur<\/em>, Con un sonido tirando a punk.&nbsp;A pesar de la escasa repercusi\u00f3n en ventas, hicieron cerca de treinta conciertos, la mayor\u00eda en Catalu\u00f1a.&nbsp;Su directo, muy provocador, estaba relleno de lluvias de espuma y explosiones de humo, mientras Manolo destrozaba televisores en el escenario a hachazos.&nbsp;Los R\u00e1pidos actuaron varias veces de teloneros de Orquesta Mondrag\u00f3n y Ramones.&nbsp;Sin embargo, a pesar de las cr\u00edticas favorables de las revistas especializadas y el seguimiento entusiasta de un importante n\u00facleo de admiradores, su aventura no acababa de funcionar a nivel econ\u00f3mico.&nbsp;<br><br>En 1981, a mitad de la gira, cuando ten\u00edan a punto el single&nbsp;<em>Ruta del sur<\/em>y hab\u00edan grabado una nueva maqueta, la compa\u00f1\u00eda EMI la rechaz\u00f3 y dej\u00f3 de apoyar al grupo.&nbsp;Sin embargo, Los R\u00e1pidos continuaron sus actuaciones hasta finales de a\u00f1o.&nbsp;Fue en uno de estos conciertos, el festival Rock de Luna de Hostalets de Baleny\u00e0, que Los R\u00e1pidos coincidieron con el grupo Vic Kul de Mandril, liderado por Quimi Portet.&nbsp;Y es en este punto que los caminos de los dos fundadores de El \u00daltimo de la Fila se encontraron.<br><br>Esa noche, Manolo Garc\u00eda y Antonio Fidel se sorprendi\u00f3 del carisma, la energ\u00eda y el talento musical de Quimi.&nbsp;A Josep Llu\u00eds P\u00e9rez le llam\u00f3 la atenci\u00f3n el hecho de que el guitarrista Vic sacara tan buen partido de una destartalada guitarra.&nbsp;Terminada la fiesta, unos y otros se dieron los respectivos n\u00fameros de tel\u00e9fono y una semana m\u00e1s tarde, Manolo se present\u00f3 en el bar musical Niebla, donde actuaba Kul de Mandril, para confirmar que lo que hab\u00eda visto a ver a Hostalets no hab\u00eda sido un espejismo.&nbsp;Pero no, no hab\u00eda sido una alucinaci\u00f3n, era real.&nbsp;Terminado el concierto volvieron a hablar y concertar una cita.&nbsp;A los pocos d\u00edas Manolo y Josep Llu\u00eds encontraron con Quimi el bar Zurich, de Barcelona, \u200b\u200by le propusieron entrar en el grupo.&nbsp;El de Vic contest\u00f3 que lo pensar\u00eda, porque esto significaba abandonar su cuartel general de la Plana.&nbsp;Al cabo de una semana, Portet, que antes hab\u00eda tocado en Osona con Kilimanjaro s, Dumpers y Kul de Mandril, llegaba a Barcelona con la guitarra en la mano y una maleta llena con sus escasas pertenencias.&nbsp;Manolo, al verlo, le dijo que parec\u00eda un \u00abemigrante yugoslavo\u00bb.&nbsp;Al final, las ganas de aventuras y la necesidad de cambios hab\u00edan pesado m\u00e1s en la balanza que la buc\u00f3lica tranquilidad que se respiraba en la Ciudad de los Santos.<br><br><strong>Los Burros.&nbsp;<em>Rebuznos de amor<\/em><\/strong><br><br>Durante unos meses Los R\u00e1pidos hicieron actuaciones por Catalu\u00f1a, de donde salieron para hacer conciertos en Zaragoza y Ceuta, con Quimi de guitarrista.&nbsp;Pero viendo las dificultades econ\u00f3micas que comportaba el proyecto, adem\u00e1s de la retirada de apoyo de la discogr\u00e1fica, Los R\u00e1pidos decidieron disolverse y probar suerte en otros proyectos.<\/p>\n\n\n\n<p>Esteban Mart\u00edn se fue a tocar con Gabinete Caligari, Manolo Garc\u00eda se march\u00f3 al Pa\u00eds Vasco para intentar crear, sin \u00e9xito, una nueva formaci\u00f3n musical con la ayuda de La Orquesta Mondrag\u00f3n mientras que los otros componentes, Portet y Fidel, junto con el bater\u00eda Vic Jordi Vila (que tambi\u00e9n tocaba con el grupo Perdidos en el Espacio, el embri\u00f3n de Los Trogloditas), se quedaron en Barcelona componiendo nuevas canciones y creando un nuevo grupo que pasar\u00eda a llamarse Los Burros.&nbsp;Entonces, Manolo Garc\u00eda volvi\u00f3 a Barcelona y se incorpor\u00f3.&nbsp;<br><br>En 1983, Los Burros editaron&nbsp;<em>Rebuznos de amor<\/em>&nbsp;, un LP por la discogr\u00e1fica Belter, un disco en el que este cronista tuvo el honor de colaborar como productor asociado.&nbsp;Entre las canciones m\u00e1s famosas sobresal\u00edan&nbsp;<em>Huesos, Disneylandia<\/em>y&nbsp;<em>Mi novia se llamaba Ram\u00f3n<\/em>&nbsp;.&nbsp;Este trabajo tuvo muy buenas cr\u00edticas en la mayor\u00eda de peri\u00f3dicos y revistas especializadas, y son\u00f3 a buena parte de las emisoras de radio municipales catalanas, en Radio 3, Radio 4, Radio Barcelona, Radio Vic o Radio Pica, entre otros .&nbsp;Con todo, las ventas no pasaron de las dos mil copias.&nbsp;En medio, bajo el sello de Discos Kriminal (impulsado por Manolo, Quimi y el periodista Jaime Gonzalo), se edit\u00f3 el single&nbsp;<em>Jam\u00f3n de Mono<\/em>&nbsp;, de Kul de Mandril, y&nbsp;<em>Vaqueros del Espacio,<\/em>&nbsp;de Loquillo y Los Trogloditas.<br><\/p>\n\n\n\n<figure class=\"wp-block-image\"><img decoding=\"async\" src=\"https:\/\/dades.naciodigital.cat\/redaccio\/arxius\/imatges\/201904\/1200_155421904817102013-6._A_Sobremunt_1985_foto_toni_coromina.jpg\" alt=\"\"\/><\/figure>\n\n\n\n<p><em>Manolo y Quimi en Sobremunt, 1985. Foto: Toni Coromina<\/em><br>Entonces, Villa se fue a tocar con Los Trogloditas y Quim Vilaplana se hizo cargo de la bater\u00eda de Los Burros, que aparecieron en programas televisivos y actuaron en Cardedeu, la Garriga, Huesca, Folgueroles, Mollerussa, Torell\u00f3 y Vic (en esta ciudad coincidiendo con el concurso de M\u00fasica Ins\u00f3lita).&nbsp;Sus conciertos ten\u00edan una alocada escenograf\u00eda y una coreograf\u00eda contundente, con renovadas explosiones de polvo de talco y guerras de humos de colores.&nbsp;Los Burros, sin embargo, ten\u00edan un inconveniente: muchos ayuntamientos que los quer\u00edan contratar no lo hac\u00edan por culpa del nombre del grupo, que no osaban poner el cartel de actos de la fiesta mayor.&nbsp;Antes de disolverse, tocaron en Barcelona durante la verbena de San Juan, compartiendo escenario con OMD (Maniobras Orquestales en la Oscuridad).&nbsp;Despu\u00e9s hicieron un concierto en Zeleste,<br><br><strong>Nacimiento de El \u00daltimo de la Fila<\/strong><br><br>Manolo y Quimi decidieron emprender una nueva carrera conjunta, bajo el nombre de El \u00daltimo de la Fila, una formaci\u00f3n que edit\u00f3 siete discos y con la que llegaron al gran p\u00fablico y obtuvieron un \u00e9xito y un reconocimiento nacional e internacional, con numerosos premios y millones de discos vendidos.&nbsp;Pero nunca renunciar al pasado, y en sus conciertos a menudo van repescar temas de su etapa con Los R\u00e1pidos y Los Burros.&nbsp;Los dos impulsores del nuevo proyecto contaron con la colaboraci\u00f3n activa de Antonio Fidel y Jos\u00e9 Luis P\u00e9rez como m\u00fasicos de estudio y de los directos de la nueva formaci\u00f3n.&nbsp;<br><br>En 1985, asesorados por el productor Rafael Moll (de PDI), El \u00daltimo de la Fila registr\u00f3 en quince d\u00edas su primer trabajo<em>Cuando la pobreza entra por la puerta, el amor salta por la ventana<\/em>&nbsp;.&nbsp;El cambio de nombre del grupo lo eligieron sin pensarlo demasiado: \u00abEra uno de los cinco mil nombres espantosos que hab\u00edamos apuntado.&nbsp;Pero como \u00e9ramos los \u00faltimos de la fila del rock que se hac\u00eda en el pa\u00eds optamos por El \u00daltimo de la Fila \u00ab, explicaban entonces Portet y Garc\u00eda, un t\u00e1ndem musical que siempre compusieron las canciones a medias.&nbsp;<br><br>Este cronista fue invitado a hacer la foto de la cubierta del nuevo disco y tambi\u00e9n la del segundo,&nbsp;<em>Enemigos de lo ajeno<\/em>&nbsp;.&nbsp;Aparte de la canci\u00f3n&nbsp;<em>Cuando la pobreza entra por la puerta &#8230;<\/em>&nbsp;, el primer trabajo de El \u00daltimo conten\u00eda nueve temas m\u00e1s, entre los que destacaban<em>Dulces sue\u00f1os, A cualquiera Reducir texto &lt;br&gt; sucederle, El monte de las \u00c1guilas, El Loco de la calle, Querida Milagros, o Son cuatro d\u00edas.<\/em><br><br>Tal y como hab\u00eda pasado con Los R\u00e1pidos y Los Burros, la cr\u00edtica musical se ali\u00f3 con el nuevo grupo.&nbsp;El disco se present\u00f3 en p\u00fablico en el pabell\u00f3n deportivo de Centelles, el 11 de mayo de 1985, al precio de 600 pesetas la entrada.&nbsp;El millar de afortunados espectadores que pudieron entrar en el pabell\u00f3n -mucha gente se qued\u00f3 en la calle- disfrutaron de un concierto memorable, con un impresionado tormenta energ\u00e9tica protagonizada por Manolo (voz), Quimi (guitarra) y el resto de m\u00fasicos .&nbsp;El escenario estaba decorado con unas grandes plataformas con focos de autom\u00f3vil detr\u00e1s de los m\u00fasicos, enfocando el p\u00fablico.&nbsp;Los m\u00fasicos llevaban embudos en la cabeza, a modo de sombreros, de donde sal\u00edan columnas de humo por la chimenea, mientras agitaban linternas de ne\u00f3n.&nbsp;Las nuevas canciones se sucedieron entre v\u00edtores, aplausos y bailes fren\u00e9ticos del p\u00fablico,<br><\/p>\n\n\n\n<figure class=\"wp-block-image\"><img decoding=\"async\" src=\"https:\/\/dades.naciodigital.cat\/redaccio\/arxius\/imatges\/201904\/1200_155421924202042019-8-primer_concert_Ultimo_Centelles_1985_foto_toni_Coromina.jpg\" alt=\"\"\/><\/figure>\n\n\n\n<p><em>Primer concierto de El \u00daltimo.&nbsp;Centelles, 1985. Foto: Toni Coromina<\/em><br>Unos d\u00edas despu\u00e9s hicieron un ensayo con p\u00fablico en Girona, en la discoteca Boomerang, y el 15 de junio se oficializ\u00f3 la presentaci\u00f3n en sociedad del grupo y del disco en Barcelona, \u200b\u200ben la m\u00edtica sala Studio 54 con un \u00e9xito indescriptible que tuvo eco en la mayor\u00eda de peri\u00f3dicos del pa\u00eds.&nbsp;Y a partir de ah\u00ed vinieron muchos conciertos en Valencia, Alcudia, Granada, Arag\u00f3n, Sevilla, Ciudad Real &#8230; Una curiosa an\u00e9cdota populariz\u00f3 El \u00daltimo al sur de la pen\u00ednsula: al terminar un concierto en Granada, durante el cual Manolo emiti\u00f3 alg\u00fan improperio relacionado con la virgen Mar\u00eda (sin intenci\u00f3n de ofender ninguna congregaci\u00f3n mariana), un oficial de la polic\u00eda se lo llev\u00f3 a la comisar\u00eda, donde estuvo cerrado algunas horas, mientras Marta Mirabent, entonces manager del grupo,&nbsp;movi\u00f3 todos los hilos posibles y llam\u00f3 diversos personajes pretendidamente influyentes para conseguir su liberaci\u00f3n.&nbsp;A las ocho de la ma\u00f1ana, Manolo sali\u00f3 a la calle.&nbsp;Al d\u00eda siguiente, la prensa se hac\u00eda eco de la noticia con el titular \u00ab<em>Cantante catal\u00e1n detenida por blasfemia \u00ab.&nbsp;<\/em>A mediados de septiembre de aquel a\u00f1o, EUDLF actu\u00f3 ante unas 100.000 personas congregadas en Montju\u00efc durante las fiestas de la Merc\u00e8, junto a Roxy Music.&nbsp;<br><br><strong>\u00abEnemigos de lo ajeno\u00bb.&nbsp;En Madrid con James Brown<\/strong><br><br>Mientras el primer LP de EUDLF todav\u00eda estaba en las tiendas (al final se vendieron 30.000), Manolo y Quimi ya estaban trabajando en su local de la calle Pallars, de Barcelona, con nuevas canciones y una nueva maqueta.&nbsp;La primavera de 1986 entraron a los estudios Aprilia y Perpi\u00f1\u00e1n para grabar el segundo LP&nbsp;<em>Enemigos de lo ajeno<\/em>&nbsp;.&nbsp;La cr\u00edtica alab\u00f3 la obra hasta extremos insospechados, calificando este nuevo trabajo de \u00abdisco de poetas, imposible de clasificar\u00bb.&nbsp;Entre las canciones destacadas hab\u00eda<em>Lejos de las leyes de los hombres, Aviones plateados, Insurrecci\u00f3n o Mi patria en mis zapatos.&nbsp;<\/em><\/p>\n\n\n\n<p>La previa de la presentaci\u00f3n se hizo en la sala Bikini, pero el estreno oficial se produjo en Studio 54. El cr\u00edtico musical Mingus B. Formentor lo resum\u00eda diciendo que EUDLF \u00abvol\u00f3 a la altura de las \u00e1guilas reales.&nbsp;Juro solemnemente que ni sus conocidos m\u00e1s viejos recordaban algo similar, y que conste que hablamos de un grupo que arrastra la fama de tener uno de los mejores directos que nunca se han visto en esta regi\u00f3n.&nbsp;Fue una cumbre en la historia de la m\u00fasica popular espa\u00f1ola del \u00faltimo cuarto de siglo \u00ab.<br><br>Aparte de numerosas actuaciones en Catalu\u00f1a, el grupo hizo una mini gira por Euskadi y Cantabria en compa\u00f1\u00eda de Radio Futura, y tambi\u00e9n visit\u00f3 el Valencia y Arag\u00f3n.&nbsp;Despu\u00e9s de muchas actuaciones por toda la geograf\u00eda peninsular, la presentaci\u00f3n en Madrid no pod\u00eda esperar.&nbsp;La cita fue en mayo de 1986 a Rock\u00f3dromo durante las fiestas de San Isidro, compartiendo cartel con James Brown, ante 40.000 personas.&nbsp;A comienzos de oto\u00f1o, EUDLF tuvo un \u00e9xito espectacular en la Recta del Estadio, en Barcelona, ante 200.000 espectadores.&nbsp;La popularidad de la formaci\u00f3n comport\u00f3 que recibieran el primer disco de oro y numerosos premios.&nbsp;<br><br>En la primavera de 1987, sorprendi\u00f3 a todos poniendo en circulaci\u00f3n el disco recopilatorio&nbsp;<em>Nuevas Mezclas<\/em>, Con canciones de los dos anteriores LP, con algunas pistas corregidas, mezcladas en los estudios Oasis de Londres.&nbsp;De este disco, se acabaron vendiendo 300.000 copias.&nbsp;Mientras tanto, los conciertos de EUDLF se sucedieron durante todo el 1987: Santiago, Le\u00f3n, Donosti, Vitoria, Pamplona, C\u00e1diz, Huesca, Tarragona, Valencia, Cuenca, Vilanova y la Geltr\u00fa, Salamanca &#8230; En total fueron cerca de sesenta conciertos.&nbsp;Cuando acab\u00f3 la gira, la tropa ambulante estaba compuesta por 17 miembros, entre t\u00e9cnicos, conductores,&nbsp;<em>road-manager<\/em>&nbsp;y m\u00fasicos, adem\u00e1s de dos bailarinas.<br><br>Pero cuando parec\u00eda que los dos astros se coger\u00edan una temporada sab\u00e1tica para preparar un nuevo trabajo discogr\u00e1fico, a finales del mismo a\u00f1o aparecieron en la sala barcelonesa KGB, camuflados bajo el nombre de Las Burras, con motivo de la fiesta de la revista Ruta 66. Para una noche El \u00daltimo se transform\u00f3 en una estrafalaria banda femenina, donde los m\u00fasicos llevaban minifalda, zapatos de tac\u00f3n, sugestivas blusas de seda, los labios pintados, rimel en los ojos y esmaltes a las u\u00f1as.&nbsp;<br><br><strong>\u00abComo la cabeza al sombrero\u00bb<\/strong><br><br>La primavera de 1988 se instalaron durante un mes en un caser\u00f3n cercano a los estudios Miraval, a cien kil\u00f3metros de Marsella, el mismo donde hab\u00edan grabado discos Sade, Pink Floyd o The Cure.&nbsp;Manolo y Quimi ten\u00edan todo el material listo para grabar el siguiente trabajo discogr\u00e1fico, un trabajo que coincidi\u00f3 con la presencia en los estudios del grupo The Pogues.&nbsp;Aquellos d\u00edas se produjo una curiosa an\u00e9cdota, protagonizada de nuevo por Manolo.&nbsp;Cerca de Miraval, un atracador hab\u00eda llevado 300.000 francos de un banco y algunos testigos describieron al ladr\u00f3n como una persona morena de etnia gitana.&nbsp;El azar hizo que la polic\u00eda confundiera el atracador con Manolo, que sin tener nada que ver, mientras paseaba tranquilamente se vio enca\u00f1onado por dos pistolas y reducido en un santiam\u00e9n contra un coche-patrulla de la Gendarmer\u00eda.<br><\/p>\n\n\n\n<figure class=\"wp-block-image\"><img decoding=\"async\" src=\"https:\/\/dades.naciodigital.cat\/redaccio\/arxius\/imatges\/201904\/1200_155421912907032019-12-al_camerino_de_la_monumental._1988_foto_Toni_Coromina.jpg\" alt=\"\"\/><\/figure>\n\n\n\n<p><em>En el camerino de La Monumental (1988).&nbsp;Foto: Toni Coromina<\/em><br>La grabaci\u00f3n del nuevo LP,&nbsp;<em>Como la cabeza al sombrero<\/em>&nbsp;, dur\u00f3 26 d\u00edas.&nbsp;Despu\u00e9s, Manolo y Quimi marcharon en Londres para cortar el disco, que conten\u00eda, entre otras, las canciones&nbsp;<em>Dios de la lluvia, Sara, Como la cabeza al sombrero<\/em>&nbsp;o&nbsp;<em>Ya no Danzo al sonido de los tambores.&nbsp;<\/em>El mes de mayo, a la vuelta de un viaje promocional a Venezuela, se puso a la venta y un mes despu\u00e9s iniciaron una gira vertiginosa por el Estado espa\u00f1ol que les llev\u00f3 a tocar en 14 campos de f\u00fatbol, 23 plazas de toros, 12 pabellones deportivos y otros 19 espacios al aire libre, llenando siempre todos los aforos.&nbsp;De este disco, se acabaron vendiendo 400.000 copias.&nbsp;<br><br><strong>De la Monumental en el Camp Nou<\/strong><br><br>Uno de los conciertos m\u00e1s esperados de aquella gira triunfal -y probablemente de toda su carrera- se produjo el 16 de junio de 1988 en la plaza de la Monumental de Barcelona.&nbsp;Contrariamente a lo que suele pasar, finalmente fueron profetas en su tierra.&nbsp;Porque una cosa es congregar 200.000 personas en un acto gratuito de fiesta mayor, y otra muy diferente llenar una plaza de toros con 18.000 almas que han pagado su entrada, con cientos de seguidores fuera, sin poder entrar.&nbsp;<\/p>\n\n\n\n<p>Despu\u00e9s de la Monumental y de un concierto en el campo de f\u00fatbol de la Uni\u00f3n Deportiva de Vic, se dedicaron a completar una gira veraniega que congreg\u00f3 una media de 6.000 espectadores por gala, sin contar los macroconciertos.<br><br>A finales de verano, mientras los m\u00fasicos reposaban despu\u00e9s de un concierto en un lugar de la Mancha llamado Las Mesas, recibieron una llamada del equipo directivo de Amnist\u00eda Internacional pidi\u00e9ndoles si estar\u00edan dispuestos a actuar el 10 de septiembre en el Camp Nou en un macroconcierto en favor de los Derechos Humanos, junto a Sting, Bruce Springsteen, Youssou N&#8217;Dour, Peter Gabriel y Tracy Chapman.&nbsp;Evidentemente aceptaron la propuesta.&nbsp;El d\u00eda se\u00f1alado, m\u00e1s de noventa mil personas llenaron el templo del barcelonismo y alucinaron durante m\u00e1s de ocho horas.&nbsp;Al final del macroconcierto, todos los m\u00fasicos juntos cantaron&nbsp;<em>Get up, stand up,<\/em>de Bob Marley, entonando cada vocalista una estrofa diferente.&nbsp;Fuera del escenario, las relaciones entre los protagonistas de la noche fueron muy distendidas y cordiales, sin que se notara en ning\u00fan momento la existencia de categor\u00edas jer\u00e1rquicas derivadas de la fama.<br><br>Aquella gira veraniega finaliz\u00f3 en Barcelona, \u200b\u200bel Sot del Migdia, ante unas doscientas mil personas, en un concierto gratuito de las fiestas de la Merc\u00e8.&nbsp;El verano se hab\u00eda consumido, pero a comienzos de diciembre EUDLF volvieron a la carretera para tocar en varios puntos que hab\u00edan quedado fuera del circuito veraniego, como Bilbao, Donosti, Pamplona, \u200b\u200bA Coru\u00f1a, Oviedo y Madrid.&nbsp;En febrero de 1989 cerraron definitivamente la larga temporada actuando seis d\u00edas consecutivos en el pabell\u00f3n del Real Madrid.&nbsp;Manolo y Quimi salieron de la capital del reino catapultados a la gloria musical.<br><br>En la primavera de 1989, la proyecci\u00f3n internacional de EUDLF, aunque discreta, iba en aumento.&nbsp;El grupo actu\u00f3 en Cannes, en el MIDEM, un encuentro de grupos y discogr\u00e1ficas de todo el mundo.&nbsp;En abril hizo un concierto en Bourges.&nbsp;Durante el verano realizaron dos video-clips y viajaron a Am\u00e9rica para visitar algunos de los pa\u00edses donde se hab\u00edan editado sus anteriores LPs.&nbsp;La gira, de car\u00e1cter promocional, los llev\u00f3 a M\u00e9xico, Venezuela, Colombia, Argentina y los Estados Unidos (Los \u00c1ngeles).&nbsp;En noviembre actuaron en el festival Sigma, de Burdeos.&nbsp;Y un mes despu\u00e9s subieron al escenario de la conocida sala La Cigale, en Par\u00eds.&nbsp;El mismo a\u00f1o, el disco&nbsp;<em>Como la cabeza al sombrero<\/em>&nbsp;se edit\u00f3 en Francia, Suecia, Noruega, Finlandia, Islandia y Dinamarca.&nbsp;Y la canci\u00f3n&nbsp;<em>Querida Milagros,<\/em>fue incluida en el \u00e1lbum de car\u00e1cter pacifista&nbsp;<em>Stop the Army<\/em>&nbsp;, publicado en Suiza.<br><\/p>\n\n\n\n<figure class=\"wp-block-image\"><img decoding=\"async\" src=\"https:\/\/dades.naciodigital.cat\/redaccio\/arxius\/imatges\/201904\/1200_155421904916082013-13-monumental88_foto_toni_coromina.jpg\" alt=\"\"\/><\/figure>\n\n\n\n<p><em>Concierto en La Monumental, desde el escenario, 1988. Foto: Toni Coromina<\/em><br>Tras abandonar la discogr\u00e1fica PDI, el grupo cre\u00f3 su productora propia que bautiz\u00f3 con el nombre de Perro Records.&nbsp;En realidad era una empresa de car\u00e1cter artesanal y familiar dedicada a controlar la producci\u00f3n de los discos, el dise\u00f1o de las cubiertas, la imagen, las giras, los v\u00eddeos &#8230; A partir de ese momento todo pas\u00f3 a depender de ellos mismos en un r\u00e9gimen de autogesti\u00f3n.&nbsp;Simult\u00e1neamente, firmaron un contrato con la marca EMI, que actuar\u00eda s\u00f3lo como distribuidora de sus discos en Espa\u00f1a y en el exterior.&nbsp;<strong>\u00abNuevo peque\u00f1o cat\u00e1logo de Seres y estares\u00bb.&nbsp;<\/strong><strong>Apoyo a Amnist\u00eda Internacional, Greenpeace y grupos ecologistas<\/strong>&nbsp;Desde mayo de 1989 hasta febrero de 1990, Manolo y Quimi se sumergieron en la aventura de componer y grabar<\/p>\n\n\n\n<p><strong><\/strong><br><br><em>Nuevo peque\u00f1o cat\u00e1logo de Seres y estares<\/em>&nbsp;, un nuevo disco que se grab\u00f3 en Barcelona, Madrid y Miraval (Francia).&nbsp;Las mezclas se hicieron en Frankfurt.&nbsp;El nuevo trabajo sali\u00f3 a la luz a finales de mayo y en pocos d\u00edas se convirti\u00f3 en n\u00famero 1 en ventas, que esta vez llegaron a las 500.000 copias.&nbsp;Entre las canciones m\u00e1s conocidas destacaron&nbsp;<em>M\u00fasico loco, Del templo a la taberna,<\/em>&nbsp;o&nbsp;<em>Cuando el mar te entienda.<\/em><br><br>A partir de aqu\u00ed, la curva ascendente de su fama fue en aumento y los dos m\u00fasicos decidieron aprovechar los excedentes de popularidad para apoyar p\u00fablico y material a asociaciones como Amnist\u00eda Internacional, Grenpeace ya una veintena de grupos ecologistas de todo del estado espa\u00f1ol.&nbsp;Un apoyo que se concret\u00f3 en todos y cada uno de los 75 conciertos que ofrecieron en 1990, la primera gira que se puede considerar aut\u00e9nticamente profesional, con un escenario muy trabajado, un calendario establecido, reserva de hoteles hecha con antelaci\u00f3n, autob\u00fas con camas y servicio de catering a cargo de una empresa inglesa.&nbsp;En total m\u00e1s de 750.000 personas pudieron disfrutar en vivo de la m\u00fasica del grupo en diferentes campos de f\u00fatbol y plazas de toros.<br><br>El 6 de octubre de 1990 se celebr\u00f3 en el Estadio Ol\u00edmpico de Barcelona un concierto a favor de la naturaleza, protagonizado por Tina Turner, El \u00daltimo de la Fila y Sopa de Cabra, ante 55.000 espectadores.&nbsp;Los beneficios de la gala, organizada por Portet &amp; Garc\u00eda, se destinaron a Greenpeace y los grupos ecologistas del pa\u00eds.&nbsp;Antes de abandonar la carretera, actuaron con Tina Turner en Zaragoza, Burdeos, Pa\u00eds, Zurich, Girona, Vitoria, Ciutadella, Huelva, Canarias &#8230;<br><br>En mayo de 1991 fueron a Montecarlo para participar en la noche de entrega de los premios The World Music Awards, la versi\u00f3n musical de la concesi\u00f3n del Bal\u00f3n de Oro de f\u00fatbol.&nbsp;El \u00daltimo recibi\u00f3 su premio por haber vendido 500.000 copias de un disco que al final lleg\u00f3 a las 700.000.&nbsp;El mes de julio, hicieron un breve par\u00e9ntesis en su gira peninsular para actuar en el Paladium de Nueva York, en una velada que congreg\u00f3 5.000 personas.&nbsp;Esa noche, la banda catalana comparti\u00f3 cartel con Ketama y Camar\u00f3n de la Isla.&nbsp;Con la llegada del verano y durante medio a\u00f1o participaron en varios festivales internacionales en Francia, Alemania, Venezuela, Suiza, M\u00e9xico, Italia e Inglaterra, donde actuaron al reputado local Marquee, en Londres.&nbsp;<br><br><strong>Declinan actuar en el Estadio Ol\u00edmpico en la ceremonia de los Juegos Ol\u00edmpicos.&nbsp;\u00abAstronom\u00eda razonable\u00bb<\/strong><br><br>&nbsp;En 1992, el de los JJOO de Barcelona, fue un a\u00f1o de transici\u00f3n.&nbsp;EUDLF no ofreci\u00f3 concierto en Espa\u00f1a y se dedic\u00f3 a preparar un nuevo disco,&nbsp;<em>Astronom\u00eda RAZONABLE<\/em>&nbsp;, que ser\u00eda el pen\u00faltimo de la carrera del d\u00fao.&nbsp;A pesar de los cantos de sirena de la organizaci\u00f3n de los Juegos, que les invitaron a actuar en los actos protocolarios del Estadio Ol\u00edmpico, declinaron la invitaci\u00f3n tras valorar pros y contras.&nbsp;Con su actitud dejaron claro que no quer\u00edan aprovecharse de la evidente publicidad gratuita que les hubiera proporcionado su aparici\u00f3n en el escenario y millones de pantallas de televisi\u00f3n de todo el mundo.<br><\/p>\n\n\n\n<figure class=\"wp-block-image\"><img decoding=\"async\" src=\"https:\/\/dades.naciodigital.cat\/redaccio\/arxius\/imatges\/201904\/1200_155421905515012019-10-quimi_i_manolo_disc_or_1987-_en_un_concert_foto_toni_coromina.jpg\" alt=\"\"\/><\/figure>\n\n\n\n<p><em>Quimi y Manolo con un disco de oro (izquierda).&nbsp;Manolo en un concierto (1987).&nbsp;Foto: Toni Coromina<\/em><br><em>Astronom\u00eda RAZONABLE<\/em>&nbsp;se grab\u00f3 Real Worl Studios, el estudio de Peter Gabriel, en la regi\u00f3n inglesa de Wiltshire.&nbsp;El disco, producido por Quimi Portet y David Tickle (productor de Joe Cocker y U2), tuvo en&nbsp;<em>Mar antiguo, Astronom\u00eda RAZONABLE<\/em>&nbsp;y&nbsp;<em>Como un burro amarrado a las puertas del baile<\/em>&nbsp;sus canciones m\u00e1s famosas.&nbsp;La presentaci\u00f3n oficial se realiz\u00f3 en la nueva sala Zeleste de Barcelona durante ocho noches consecutivas, a principios de marzo del 1993, con un total de 14.000 espectadores.&nbsp;La segunda mitad de marzo la operaci\u00f3n se repiti\u00f3 en Madrid, con siete conciertos en la Carpa Conde Duque, con una asistencia similar.<br><br>El lanzamiento constituy\u00f3 un \u00e9xito sin precedentes, manteni\u00e9ndose durante diez semanas seguidas en el n\u00famero 1 absoluto en ventas.&nbsp;La cr\u00edtica fue mayoritariamente muy favorable, ganaron el premio Ondas y en s\u00f3lo cuatro semanas el disco vendi\u00f3 240.000 copias (al final se acabaron vendiendo cerca de un mill\u00f3n).&nbsp;Desde marzo hasta octubre, El \u00daltimo llev\u00f3 su espect\u00e1culo a 99 escenarios de todo el Estado ante m\u00e1s de 850.000 personas.&nbsp;<br><br>Para la pareja art\u00edstica, en 1994 y parte de 1995 significaron un per\u00edodo sab\u00e1tico sin actuaciones.&nbsp;Sin embargo, se dedicaron a pintar (Manolo), leer, experimentar, al estudio, componer canciones y practicar el nomadismo.&nbsp;En la primavera de 1995, el d\u00fao comenz\u00f3 la configuraci\u00f3n de su \u00faltimo disco,&nbsp;<em>La rebeli\u00f3n de los hombres rana,<\/em>un trabajo que se grab\u00f3 en unos estudios del Empord\u00e0, bajo la coordinaci\u00f3n log\u00edstica de la vigatana Luisa A. Alb\u00f3, que ya hac\u00eda de&nbsp;<em>road-manager<\/em>&nbsp;durante las \u00faltimas giras.&nbsp;Al momento de las mezclas, EUDLF volvi\u00f3 con asistencia de David Tickle.&nbsp;De este disco sobresalieron piezas como&nbsp;<em>Vestido de hombre rana, El bombero del atardecer<\/em>&nbsp;o&nbsp;<em>Uva de la vieja parra<\/em>&nbsp;.&nbsp;Y como era de esperar, el \u00e9xito fue de nuevo espectacular y se puso en funcionamiento la maquinaria para recorrer casi un centenar de escenarios.&nbsp;Este \u00faltimo disco acab\u00f3 vendiendo cerca de un mill\u00f3n de copias.&nbsp;<br><br><strong>Manolo en solitario<\/strong>&nbsp;: \u00bb&nbsp;<strong>Arena en los bolsillos\u00bb,<\/strong>&nbsp;&nbsp;\u00bb&nbsp;<strong>Nunca el tiempo se perdido\u00bb, \u00abPara que no se duerman mis sentidos\u00bb<\/strong><br><br>Lleg\u00f3 un momento que los dos m\u00fasicos se dieron cuenta que el proyecto com\u00fan se hab\u00eda agotado.&nbsp;Hab\u00edan alcanzado todas las metas que se hab\u00edan marcado y ya no ten\u00edan m\u00e1s alicientes para evitar la rutina y el estancamiento: \u00abFue bonito llegar a la cima, pero las ganas de cada uno de abrir nuevos caminos y realizar proyectos diferentes desemboc\u00f3 en la disoluci\u00f3n de El \u00daltimo.&nbsp;Se termin\u00f3 una etapa muy fruct\u00edfera, pero ya hab\u00edamos dado todo lo que pod\u00edamos.&nbsp;En esta vida, un d\u00eda u otro todo se acaba.&nbsp;De todos modos, mi amistad con Quimi contin\u00faa intacta \u00ab.<br><br>As\u00ed ve Manolo su paso por Los R\u00e1pidos, Los Burros y El \u00daltimo, y su etapa actual en solitario: \u00abEstoy muy agradecido a la m\u00fasica desde que form\u00e9 parte de Los R\u00e1pidos y me encontr\u00e9 con Quimi.&nbsp;Entonces ten\u00eda una obsesi\u00f3n por vivir de la m\u00fasica y lo intent\u00e9, aunque no lo ve\u00eda muy claro.&nbsp;Cuando conoc\u00ed Antonio Fidel, Lu\u00eds Visiers, y Jos\u00e9 Lu\u00eds P\u00e9rez pens\u00e9: &#8216;son ellos!&#8217;&nbsp;Despu\u00e9s, tuve muy claro que Quimi ten\u00eda un punto que me gustaba y hicimos pi\u00f1a.&nbsp;Tengo un inmejorable recuerdo de El \u00daltimo, un proyecto que me dio mucha vida, ilusi\u00f3n y muchos ratos de risa;&nbsp;de hecho, siempre que se pueda, risa es una de las cosas m\u00e1s importantes que se pueden hacer en la vida.&nbsp;Despu\u00e9s, en solitario aunque he sido un poco m\u00e1s libre.&nbsp;Hoy mi vida va ligada mi edad actual, a la madurez humana,&nbsp;a un tiempo m\u00e1s calmado y m\u00e1s sosegado.&nbsp;Ahora practico la autogesti\u00f3n individual en todos los \u00e1mbitos: hago todas las canciones, los arreglos, las letras, las m\u00fasicas, decido si pongo una cortina verde en el escenario, o una azul &#8230; Todo el tiempo que compart\u00ed opiniones y decisiones con Quimi fui muy feliz y pienso que fuimos buenos compa\u00f1eros.&nbsp;Sin embargo, creo que lo que ha venido despu\u00e9s a\u00fan es mejor.&nbsp;Con Los R\u00e1pidos estuvo muy bien, al igual que con Los Burros;&nbsp;y con El \u00daltimo fue la hostia.&nbsp;Pero ahora todav\u00eda me encuentro mejor en mi piel.&nbsp;Lo cuento tal como lo siento \u00ab.&nbsp;Todo el tiempo que compart\u00ed opiniones y decisiones con Quimi fui muy feliz y pienso que fuimos buenos compa\u00f1eros.&nbsp;Sin embargo, creo que lo que ha venido despu\u00e9s a\u00fan es mejor.&nbsp;Con Los R\u00e1pidos estuvo muy bien, al igual que con Los Burros;&nbsp;y con El \u00daltimo fue la hostia.&nbsp;Pero ahora todav\u00eda me encuentro mejor en mi piel.&nbsp;Lo cuento tal como lo siento \u00ab.&nbsp;Todo el tiempo que compart\u00ed opiniones y decisiones con Quimi fui muy feliz y pienso que fuimos buenos compa\u00f1eros.&nbsp;Sin embargo, creo que lo que ha venido despu\u00e9s a\u00fan es mejor.&nbsp;Con Los R\u00e1pidos estuvo muy bien, al igual que con Los Burros;&nbsp;y con El \u00daltimo fue la hostia.&nbsp;Pero ahora todav\u00eda me encuentro mejor en mi piel.&nbsp;Lo cuento tal como lo siento \u00ab.<br><\/p>\n\n\n\n<figure class=\"wp-block-image\"><img decoding=\"async\" src=\"https:\/\/dades.naciodigital.cat\/redaccio\/arxius\/imatges\/201904\/1200_155421893927122017-20-Foto_Imateg_promocional_(foto_de_Ruben_Martin).jpg\" alt=\"\"\/><\/figure>\n\n\n\n<p><em>Manolo Garc\u00eda en una imagen promocional.&nbsp;Foto: Rub\u00e9n Mart\u00edn<\/em><br>Desde la separaci\u00f3n profesional del t\u00e1ndem, Manolo Garc\u00eda se dedic\u00f3 a pintar cuadros, a hacer fotograf\u00edas ya componer futuras canciones.&nbsp;Y desde 1998 hasta la fecha ha grabado siete \u00e1lbumes:&nbsp;<em>Arena en los bolsillos, Nunca el tiempo se perdido, Para que no se duerman mis sentidos, Saldremos a la lluvia, Los d\u00edas intactos, Todo es ahora<\/em>&nbsp;y&nbsp;<em>Geometr\u00eda del rayo.&nbsp;<\/em><br><br>Su aventura en solitario se inici\u00f3 con la publicaci\u00f3n de&nbsp;<em>Arena en los bolsillos<\/em>(Perro Records \/ BMG, 1998), grabado en The Town House.&nbsp;El disco super\u00f3 todas las expectativas y lleg\u00f3 a vender 700.000 copias en pocos meses.&nbsp;Aquel a\u00f1o, el artista hizo m\u00e1s de 90 conciertos por todo el Estado, y su trabajo consigui\u00f3 el premio Ondas al mejor artista en directo, dos Premios Amigo al mejor solista espa\u00f1ol y al mejor \u00e1lbum, y tres Premios de la m\u00fasica al mejor artista pop, mejor elep\u00e9 y mejor producci\u00f3n art\u00edstica.&nbsp;Por si fuera poco, la canci\u00f3n&nbsp;<em>P\u00e1jaros de barro<\/em>&nbsp;, probablemente una de las m\u00e1s populares de las que ha compuesto nunca el artista, en 2018 super\u00f3 las 14 millones de reproducciones en Spotify.&nbsp;<br><br>Con el segundo disco,&nbsp;<em>Nunca el tiempo se perdido<\/em>(Perro Records \/ BMG, 2001), continu\u00f3 definiendo su estilo en solitario.&nbsp;Publicado en mayo de 2001, fue producido por \u00e9l mismo, conjuntamente con el virtuoso de la guitarra espa\u00f1ola Pedro Javier Gonz\u00e1lez.&nbsp;Grabado en los estudios Guillermo Tell (Par\u00eds), en Music Lan (Avinyonet de Puigvent\u00f3s) y Audio Lines (Barcelona), las mezclas se hicieron en Los \u00c1ngeles.&nbsp;Entonces el artista hizo una gira de 72 conciertos y fue galardonado en los Premios Amigo como mejor solista masculino espa\u00f1ol y mejor \u00e1lbum espa\u00f1ol.&nbsp;Se calcula que m\u00e1s de medio mill\u00f3n de personas asistieron a los conciertos de presentaci\u00f3n de aquel disco.&nbsp;Sin embargo, cuando parec\u00eda que en gira ya se hab\u00eda terminado, el m\u00fasico prorrogarla unos meses en formato ac\u00fastico en teatros de toda la pen\u00ednsula.<br><br>En 2004, un cuarto de siglo despu\u00e9s de dedicarse profesionalmente a la m\u00fasica, present\u00f3 su tercer \u00e1lbum en solitario,&nbsp;<em>Para que no se duerman mis sentidos<\/em>&nbsp;(Perro Records \/ BMG).&nbsp;Esta vez, adem\u00e1s de grabar algunas canciones en el estudio de Music Lan, el disco -que presentaba nuevas texturas, aires innovadores y lejanos y una mayor complejidad en los composiciones- se complet\u00f3 con grabaciones en Ilha dos Sapos (Salvador de Bah\u00ed, en Brasil), y en Grabaciones Silvestres (Sant Quirze de Safaja).&nbsp;El tema que daba nombre al CD, grabado en Salvador de Bah\u00eda con m\u00fasicos brasile\u00f1os, fue considerado por alg\u00fan cr\u00edtico \u00abun&nbsp;<em>carpe diem<\/em>, Un canto a vivir la vida con los ojos bien abiertos para aprovecharla al m\u00e1ximo.&nbsp;Y un canto a la palabra ya la necesidad de comunicarse y de intercambiar sentimientos \u00ab.&nbsp;El disco lo produjo el propio Manolo y cont\u00f3 con las coproducciones de Pedro Javier Gonz\u00e1lez y Nacho Lesko en algunas canciones.&nbsp;La mayor parte de los temas fueron mezclados por Bob Clearmountain, un personaje que hab\u00eda trabajado con artistas del nivel de Bruce Springsteen, David Bowie o los Rolling Stones.&nbsp;Finalmente, la masterizaci\u00f3n estuvo a cargo de uno de los grandes t\u00e9cnicos del mundo musical, Stephen Marcussen.&nbsp;En octubre de 2008 comenz\u00f3 una gira de promoci\u00f3n de m\u00e1s de un centenar de conciertos en teatros y auditorios reducidos, y un a\u00f1o despu\u00e9s el disco se present\u00f3 en estadios, plazas de toros y espacios de gran aforo.&nbsp;<br><br><strong>Los \u00faltimos cuatro trabajos: \u00abSaldremos a la Lluvia\u00bb, \u00abLos d\u00edas intactos\u00bb, \u00abTodo es ahora\u00bb y \u00abGeometr\u00eda del rayo\u00bb<\/strong><br><br>Despu\u00e9s de cuatro largos a\u00f1os de retiro, en 2008 public\u00f3 su cuarto disco,&nbsp;<em>Saldremos a la lluvia<\/em>(Perro Records \/ BMG).&nbsp;Para no perder la ilusi\u00f3n en el proceso de materializaci\u00f3n de la nueva obra, adem\u00e1s de grabar algunas piezas en Music Lan, durante diez d\u00edas estuvo grabando los arreglos de cinco de sus nuevas composiciones con m\u00fasicos griegos en la isla de Creta.&nbsp;Despu\u00e9s, las mezclas finales las hizo en Kentucky (EE.UU.).&nbsp;El resultado fue una de sus obras m\u00e1s ex\u00f3ticas y ricas de su trayectoria en la faceta sonora, y tambi\u00e9n un canto a la naturaleza, con un fuerte componente ecologista.&nbsp;Al igual que hab\u00eda pasado con los discos anteriores, su gira por todo el Estado congreg\u00f3 cientos de miles de espectadores.<br><\/p>\n\n\n\n<figure class=\"wp-block-image\"><img decoding=\"async\" src=\"https:\/\/dades.naciodigital.cat\/redaccio\/arxius\/imatges\/201904\/1200_155421905415012019-19-discos_de_Manolo_garcia.jpg\" alt=\"\"\/><\/figure>\n\n\n\n<p><em>Discos de Manolo Garc\u00eda<\/em><br>En octubre de 2011 public\u00f3 su quinto trabajo:&nbsp;<em>Los d\u00edas intactos<\/em>&nbsp;(Perro Records \/ Sony), un \u00e1lbum con catorce canciones, grabado en los estudios Music Lan de Avinyonet de Puigvent\u00f3s y Ocean Way Recording (Hollywood- Los \u00c1ngeles).&nbsp;En esta ocasi\u00f3n trabaj\u00f3 con m\u00fasicos estadounidenses en California.&nbsp;El resultado fue una obra m\u00e1s urbana de lo habitual y un regreso al rock de alto voltaje el\u00e9ctrico que ya hab\u00eda cultivado a\u00f1os antes.&nbsp;En esta ocasi\u00f3n escogi\u00f3 m\u00fasicos de EE.UU. \u00abpara cambiar de sonido, para variar un poco en la manera de cantar y renovar mi timbre de voz, aunque, finalmente, en la vertiente estil\u00edstico segu\u00eda siendo yo mismo.&nbsp;Pero tuve claro que si cambiaba lo que me rodeaba, ten\u00eda m\u00e1s posibilidades de dar un aire nuevo al producto final \u00ab.<br><br>En 2014 sali\u00f3 al mercado su sexto \u00e1lbum:&nbsp;<em>Todo es ahora<\/em>&nbsp;(Perro Record \/ Sony).&nbsp;Adem\u00e1s de trabajar algunas canciones en Avinyonet, regres\u00f3 a EEUU, los estudios The Club House de Nueva York, donde el grab\u00f3 algunos temas con m\u00fasicos que hab\u00edan acompa\u00f1ado a David Bowie.&nbsp;El resultado volvi\u00f3 a ser un paseo por el rock &amp; roll, con un formato claramente el\u00e9ctrico.&nbsp;Posteriormente, la gira promocional fue m\u00e1s corta que en ocasiones anteriores.&nbsp;De todos modos, tres a\u00f1os despu\u00e9s, en octubre de 2017, se puso a la venta&nbsp;<em>Todo es ahora.&nbsp;En directo<\/em>&nbsp;, un doble ced\u00e9 complementado con un DVD que fue su primer disco grabado en directo despu\u00e9s de El \u00daltimo de la Fila.&nbsp;<br><br>El a\u00f1o pasado, en 2018, grab\u00f3 su \u00faltimo trabajo discogr\u00e1fico hasta la fecha,&nbsp;<em>Geometr\u00eda del rayo<\/em>(Perro Records \/ Sony), en los mismos estudios de Nueva York y en Avinyonet.&nbsp;En este \u00e1lbum, formado por 16 canciones, se centr\u00f3 literariamente en uno de sus temas predilectos, \u00abel tiempo, uno de los tesoros m\u00e1s preciados que tenemos los mortales.&nbsp;Para m\u00ed, la vida debe ser algo m\u00e1s que la mediocridad y la pobreza que nos ofrecen los gobernantes \u00ab, reflexiona.&nbsp;El disco se promocion\u00f3 en una extensa gira por grandes recintos, con gran \u00e9xito de p\u00fablico y de cr\u00edtica, y con las entradas agotadas en todo d\u00edas antes de los conciertos.&nbsp;En la recta final de su periplo, su trayectoria profesional fue reconocida abastecimiento con la concesi\u00f3n en el mes de noviembre de un premio Ondas, y d\u00edas despu\u00e9s el premio Latin Grammy al mejor \u00e1lbum pop rock para&nbsp;<em>Geometr\u00eda del rayo,<\/em>una de las categor\u00edas m\u00e1s destacadas de estos galardones que anualmente se otorgan a los Estados Unidos.&nbsp;El \u00e1lbum alcanz\u00f3 la condici\u00f3n de disco de platino en Espa\u00f1a y, para acabar de rematarlo, el mes de noviembre salieron al mercado dos ediciones de&nbsp;<em>Geometr\u00eda del Rayo en directo<\/em>&nbsp;, grabado en el pabell\u00f3n Pr\u00edncipe Felipe, de Oviedo, en un paquete que, adem\u00e1s, conten\u00eda su disco de estudio, dos temas in\u00e9ditos, dos ced\u00e9s en directo y un DVD en directo.&nbsp;<br><br><strong>2019: una gira ac\u00fastica con 55 conciertos en teatros y espacios reducidos<\/strong><br><br>D\u00edas despu\u00e9s, el cantante anunci\u00f3 que a principios de abril de este a\u00f1o iniciar\u00eda una nueva gira, esta vez en formato ac\u00fastico, en teatros y auditorios reducidos.&nbsp;Despu\u00e9s de un periodo de relativo descanso, durante el cual el artista cambi\u00f3 la m\u00fasica y los escenarios por los pinceles y las telas, a principios de marzo de este 2019, en compa\u00f1\u00eda de sus m\u00fasicos habituales, comenz\u00f3 a Music Lan ( Avinyonet) los ensayos para adaptar una selecci\u00f3n de los temas que durante m\u00e1s de 20 a\u00f1os que ha interpretado en versi\u00f3n el\u00e9ctrica.<br><br>En toda su carrera, desde Los R\u00e1pidos, Los Burros y El \u00daltimo, Manolo nunca hab\u00eda hecho una gira ac\u00fastica completa: \u00abNuestras propuestas en los escenarios siempre se hab\u00edan centrado en un estilo claramente ligado al rock: bajo, guitarras el\u00e9ctricas y bater\u00eda.&nbsp;Y aunque siempre hab\u00eda intercalado canciones ac\u00fasticas, la mayor\u00eda se ajustaban al modelo del rock el\u00e9ctrico.&nbsp;Mis primeras experiencias esc\u00e9nicas con Los R\u00e1pidos y Los Burros, dos grupos &#8216;guitarreros&#8217; de alto voltaje, habitualmente ten\u00edan un punto surrealista y pasado de vueltas.&nbsp;En nuestros directos \u00edbamos de cafres en el buen sentido.&nbsp;Cuando empec\u00e9 mi carrera en solitario, compuse algunas canciones muy &#8216;ca\u00f1eras&#8217; y otras m\u00e1s relajadas.&nbsp;De hecho, siempre me ha gustado cultivar varios tipos de m\u00fasica, con climas cambiantes, como la vida misma.&nbsp;Pero en Brasil y Grecia ya experiment\u00e9 nuevas v\u00edas y busqu\u00e9 otros estados de \u00e1nimo, otros instrumentistas y maneras de entender la m\u00fasica alejadas del pop y del rock.&nbsp;Todo ello me llev\u00f3 a cantar ya interpretar de otro modo.&nbsp;Aunque mi g\u00e9nero musical pueda asociarse al pop-rock, pico de muchas fuentes.&nbsp;En los gustos soy muy ecl\u00e9ctico, al igual que en el sonido \u00ab.<br><\/p>\n\n\n\n<figure class=\"wp-block-image\"><img decoding=\"async\" src=\"https:\/\/dades.naciodigital.cat\/redaccio\/arxius\/imatges\/201904\/1200_155421919603032019-27-A_lestudi_foto_jordi_sole.jpg\" alt=\"\"\/><\/figure>\n\n\n\n<p><em>En el estudio de Music Lan.&nbsp;Foto: Jordi Sol\u00e9<\/em><br>La nueva gira iniciada en Ciudad Real este 5 de abril, est\u00e1 integrada por 55 conciertos en teatros con butacas y locales reducidos.&nbsp;Aparte de Andorra (Auditorio Prat del Roure, Escaldes-Engordany, 30 de abril), en el territorio catal\u00e1n act\u00faa en Tarragona (Auditorio Prat del Roure, 31 de mayo), Cervera (Teatro de la Pasi\u00f3n, 8 de junio), Sant Feliu de Gu\u00edxols (Porta Ferrada, 13 de julio), Barcelona (Teatro T\u00edvoli 3, 4, 10, 11 de diciembre; El Liceo, 14 de diciembre, y Palau de la M\u00fasica, 27 y 28 de diciembre, cierre de la gira ).&nbsp;Cabe se\u00f1alar que muchos de estos conciertos ya tienen todas las entradas vendidas.&nbsp;En esta propuesta alternativa en formato ac\u00fastico, Manolo est\u00e1 secundado por ocho m\u00fasicos que tocan guitarras ac\u00fasticas y espa\u00f1olas, un viol\u00edn, dos acordeones, un violonchelo y percusi\u00f3n.<\/p>\n\n\n\n<p>En esta propuesta alternativa en formato ac\u00fastico, Manolo est\u00e1 secundado por Ricardo Mar\u00edn, V\u00edctor Iniesta y Josete Ord\u00f3\u00f1ez (guitarras espa\u00f1olas, ac\u00fasticas y la\u00fad), Juan Carlos Garc\u00eda (piano, percusi\u00f3n y coros), Olvido Lanza (viol\u00edn y violonchelo), Charly Sard\u00e0 (percusiones) y I\u00f1igo Goldaracena (contrabajo y acorde\u00f3n).<\/p>\n\n\n\n<p>Hablando de la diferencia entre tocar en grandes estadios o en aforos reducidos, Manolo apunta que \u00abes muy diferente actuar ante quince mil personas que hacerlo delante de trescientas o de un millar.&nbsp;La energ\u00eda que recibes en los grandes conciertos es agotadora y estresante, te pone contra las cuerdas y lo tienes que devolver de buenas maneras.&nbsp;De todos modos, tengo que decir que el estr\u00e9s art\u00edstico tiene una parte ben\u00e9fica.&nbsp;Si el reconvierte y transmutar se fant\u00e1stico.&nbsp;En las grandes giras siempre mujeres m\u00e1s de ti f\u00edsicamente, pero emocionalmente no.&nbsp;En espacios reducidos la parte emotiva es la misma.&nbsp;Te ambos casos, si dominas la situaci\u00f3n y est\u00e1s en un camino que has elegido con sabidur\u00eda, sabes como desenvolverte y la cosa funciona \u00ab.<br><br>El cantante reconoce que subir a los escenarios siempre hace respecto: \u00abLos primeros a\u00f1os me costaba, ya veces hab\u00eda tenido un poco de miedo esc\u00e9nico, algo que le pasa a todo el mundo cuando es joven.&nbsp;Pero con los a\u00f1os te vas acostumbrando y pierdes el miedo a cambio de ganar un profundo sentido de la responsabilidad para no hacer el rid\u00edculo.&nbsp;Por otra parte, cuando en los grandes conciertos est\u00e1s rodeado de una gran estructura sonora de apoyo, tienes que ser consciente de los imponderables: t\u00fa eres un peque\u00f1o mono que sale detr\u00e1s de unos aparatos y una red el\u00e9ctrica y dependes de los generadores;&nbsp;eres el conductor al volante de un veh\u00edculo, pero no controlas todas las piezas, tienes que confiar en los mec\u00e1nicos;&nbsp;unos ponen aceite y otros revisan la carrocer\u00eda o ponen gasolina.&nbsp;Y a la hora de cantar, dependiendo de los instrumentos que te rodean y te acompa\u00f1an, muchas veces tienes que hacerte notar.<br><br><strong>\u00abCon el paso de los a\u00f1os, la liturgia de los conciertos ha cambiado\u00bb<\/strong><br><br>Tras d\u00e9cadas subiendo a los escenarios, el m\u00fasico reflexiona sobre la evoluci\u00f3n y los cambios que se han producido en la liturgia de los conciertos y en la relaci\u00f3n entre los artistas y el p\u00fablico: \u00abCuando empezamos, los conciertos eran m\u00e1s escasos que hoy .&nbsp;Aquellas ceremonias eran peque\u00f1os milagros hechos con equipos de sonido muy precarios.&nbsp;Adem\u00e1s de la televisi\u00f3n, hoy todo el mundo tiene una tableta, un m\u00f3vil o un coche con una pantalla;&nbsp;hay cuarenta mil aparatos que nos dan informaci\u00f3n y nos llenan el cerebro de im\u00e1genes y de sonidos.&nbsp;Y la gente est\u00e1 muy acostumbrada a ir a los conciertos, a veces uno o dos cada mes, ya sea en Vic, en Barcelona, \u200b\u200ben Madrid o Nueva York;&nbsp;partes se hacen miles de conciertos y festivales, hay mucha m\u00e1s oferta que antes y la gente ya est\u00e1 acostumbrada a escuchar guitarras el\u00e9ctricas.&nbsp;Cuarenta a\u00f1os atr\u00e1s, los conciertos eran una<em>flipada,<\/em>&nbsp;todo estaba por hacer, pero hoy no hay tanta sorpresa.&nbsp;En ese momento escuchar una guitarra, un golpe de bater\u00eda y ver cuatro peludos tocando era alucinante.&nbsp;Si miramos reportajes de la \u00e9poca de los Beatles, la euforia y la reacci\u00f3n hist\u00e9rica del p\u00fablico era sorprendente.&nbsp;Ahora la gente no exterioriza la euforia hasta aquellos extremos y los conciertos son algo muy normal, aunque la m\u00fasica sigue siendo un b\u00e1lsamo y un consuelo terap\u00e9utico, medicinal y sanador;&nbsp;o un exorcismo para sacar las malas vibraciones.&nbsp;Esto no ha variado desde la edad de piedra, porque la m\u00fasica es una vitamina para el alma.&nbsp;Los pueblos primitivos bailaban, cantaban y hac\u00edan ofrendas a los dioses;&nbsp;esto no ha cambiado ya la gente se le pone la piel de gallina igual \u00ab.<br><br>Sobre la relaci\u00f3n con el p\u00fablico y su respuesta, dice que \u00abver a la gente contenta me da energ\u00eda y felicidad.&nbsp;Al igual que sufro cuando veo una persona que est\u00e1 mal, que tiene necesidades primordiales o tiene un contratiempo, sufro.&nbsp;Pero cuando veo el p\u00fablico contento, es cojonudo.&nbsp;Y si de postre que provoca esta estado de felicidad eres t\u00fa, pues doblemente feliz \u00ab.<br><\/p>\n\n\n\n<figure class=\"wp-block-image\"><img decoding=\"async\" src=\"https:\/\/dades.naciodigital.cat\/redaccio\/arxius\/imatges\/201904\/1200_155421893628102008-17-girona_(1)_2008_foto_toni_coromina.jpg\" alt=\"\"\/><\/figure>\n\n\n\n<p><em>Concierta en Girona, 2008 Foto: Toni Coromina<\/em><br>Los espectadores de un concierto o las personas que escuchan un disco, habitualmente no conocen el proceso que ha acabado materializ\u00e1ndose en una canci\u00f3n.&nbsp;Se limitan a disfrutar del resultado.&nbsp;En este sentido, explica que su m\u00e9todo compositivo puede comenzar \u00abyendo en avi\u00f3n, paseando por Barcelona, \u200b\u200bcaminando por el Montseny o desayunando en una cafeter\u00eda.&nbsp;Me viene una idea a la mente, ya veces me la apunto en un papel o en una servilleta.&nbsp;Con el bol\u00edgrafo escribo cuatro frases que puedan servir o no, pero que de entrada me motivan.&nbsp;Las melod\u00edas me vienen a la cabeza solas, o con la ayuda de la guitarra;&nbsp;voy probando y salen.&nbsp;Siempre he sido un fabricante de melod\u00edas.&nbsp;Cuando siento una guitarra ya canto encima.&nbsp;De hecho ya lo hac\u00eda de joven, a los 14 a\u00f1os, cuando escuchaba un grupo de rock ingl\u00e9s o americano;&nbsp;ya en la introducci\u00f3n del tema,&nbsp;cuando el vocalista a\u00fan no hab\u00eda comenzado a cantar, me inventaba una melod\u00eda;&nbsp;y luego pensaba que lo que yo hab\u00eda te no estaba mal, ni tampoco era peor que lo que hac\u00eda aquel cantante.&nbsp;Pens\u00e9 que pod\u00eda hacer canciones y en empec\u00e9 a hacer, hasta la fecha \u00ab.<br><br><strong>La pintura, complementaria de la m\u00fasica.&nbsp;libros editados<\/strong><br><br>En todas las giras de su carrera, y tambi\u00e9n en los per\u00edodos de descanso, Manolo siempre ha cultivado la pintura: \u00abEn las giras llevo un caballete plegable.&nbsp;Pinto los hoteles, o hago dibujos y apuntes desde la ventana del autob\u00fas.&nbsp;La gira pasada, en cada ciudad -a Girona, Tarragona o donde fuera- cada d\u00eda hac\u00eda un dibujo como m\u00ednimo en el hotel.&nbsp;El tiempo que paso pintando me hace sentir bien, es un tiempo vivido y ganado, al igual que el tiempo que paso grabando en el estudio.&nbsp;Cuando no voy de gira, muchos d\u00edas pinto hasta altas horas de la noche.&nbsp;Para m\u00ed es una sensaci\u00f3n de plenitud.&nbsp;Mi afici\u00f3n a la pintura viene de lejos;&nbsp;de jovencito ya pintaba en la escuela y llenaba libretas y l\u00e1minas con dibujos hechos con l\u00e1pices de colores.&nbsp;Cuando ten\u00eda matem\u00e1ticas lo pasaba mal, sufr\u00eda mucho, pero cuando tocaba la asignatura de dibujo, era feliz.&nbsp;Adem\u00e1s mayorcito hice de dise\u00f1ador gr\u00e1fico, un trabajo f\u00edsico nada virtual.&nbsp;Crec\u00ed con la generaci\u00f3n del<em>rotring<\/em>&nbsp;, la mesa de dibujo, el c\u00fater, el olor de la goma de borrar, el&nbsp;<em>letraset<\/em>&nbsp;, el comp\u00e1s, el cartab\u00f3n y la escuadra.&nbsp;\u00c9ramos creativos sin ordenadores \u00ab.&nbsp;<br><br>Reconoce que en la consolidaci\u00f3n de su estilo pict\u00f3rico menudo ha bebido del surrealismo, pero tambi\u00e9n de otros estilos: \u00abA los veinte a\u00f1os iba a menudo a visitar el Museo de Arte de Catalu\u00f1a.&nbsp;All\u00ed, un bedel un d\u00eda me dijo que quer\u00eda proponer que me dieran la medalla al asistente m\u00e1s asiduo en el Museo y el que m\u00e1s horas pasaba ante&nbsp;<em>La Batalla de Tetu\u00e1n<\/em>&nbsp;o&nbsp;<em>El Condesito<\/em>de Fortuny, un grand\u00edsimo pintor universal que dibujaba con el pincel;&nbsp;en una \u00e9poca que no hab\u00eda fot\u00f3grafos de prensa, sus dibujos de Marruecos y de las guerras del Rif eran alucinantes;&nbsp;me maravilla su facilidad de trazo y su capacidad para encontrar las perspectivas perfectas, la luz y las sombras;&nbsp;Fortuny estaba tocado por un diez muy generoso.&nbsp;Entonces tambi\u00e9n descubr\u00ed Rusi\u00f1ol, y los paisajistas de Olot, que son magn\u00edficos;&nbsp;o la pintura de Nonell y sus gitanas, adem\u00e1s de Ramon Casas y el Picasso de los Cuatro Gatos.&nbsp;Aquellos d\u00edas yo ya dibujaba.&nbsp;Adem\u00e1s del surrealismo, me inspiraba en el naturalismo y el hiperrealismo.&nbsp;Me fascina la gente que dibuja bien \u00ab.<br><br>Fue una elecci\u00f3n precoz, instintiva, obstinada e incierta de la que yo no ten\u00eda ni la m\u00e1s remota idea del alcance de sus consecuencias para mi vida de joven escu\u00e1lido.&nbsp;Entonces a mi cr\u00e1neo peludo ya anidaba la alocada idea de que lo importante es participar, como dice traidoramente el atleta derrotado.&nbsp;Desde entonces, egos aparte, he decidido compartir, consciente de que lo que recibo tambi\u00e9n es mucho.&nbsp;Reconozco que tengo la suerte de convertir mi labor creativa en ocio \u00ab.&nbsp;consciente de que lo que recibo tambi\u00e9n es mucho.&nbsp;Reconozco que tengo la suerte de convertir mi labor creativa en ocio \u00ab.&nbsp;consciente de que lo que recibo tambi\u00e9n es mucho.&nbsp;Reconozco que tengo la suerte de convertir mi labor creativa en ocio \u00ab.<br><\/p>\n\n\n\n<figure class=\"wp-block-image\"><img decoding=\"async\" src=\"https:\/\/dades.naciodigital.cat\/redaccio\/arxius\/imatges\/201904\/1200_155421905215012019-29-_Dues_pinturtes_2015.jpg\" alt=\"\"\/><\/figure>\n\n\n\n<p><em>Dos pinturas de Manolo (2015).<\/em><br>Una amplia selecci\u00f3n de sus dibujos, obras pict\u00f3ricas y fotograf\u00edas, y todas las letras de las canciones que escribi\u00f3 hasta el 2004 se incluyeron en el voluminoso libro&nbsp;<em>Vacaciones de m\u00ed mismo<\/em>&nbsp;(Ediciones Mart\u00ednez Roca).&nbsp;En 2011 tambi\u00e9n se public\u00f3 el libro&nbsp;<em>El fruto de la rama m\u00e1s alta<\/em>&nbsp;(Ediciones Mart\u00ednez Roca2011), un extenso volumen de m\u00e1s de 300 p\u00e1ginas donde verti\u00f3 el m\u00e1s representativo de su producci\u00f3n literaria y art\u00edstica de los \u00faltimos a\u00f1os, in\u00e9dita hasta entonces.&nbsp;<br><br><strong>Elogio de los pastores y las mujeres ganaderas.&nbsp;La literatura: Verne, Salgari, Baroja, Pla y Rusi\u00f1ol.&nbsp;La religi\u00f3n y la pol\u00edtica<\/strong><br><br>En el transcurso de la conversaci\u00f3n, aparcamos las cuestiones m\u00e1s relacionadas directamente con la actividad art\u00edstica para adentrarnos en la particular filosof\u00eda de Manolo, en sus gustos literarios y musicales, su visi\u00f3n de la religi\u00f3n y su pensamiento cr\u00edtico con los pol\u00edticos.<br><br>Durante muchos a\u00f1os, en las entrevistas que se le han hecho, y tambi\u00e9n desde el micro de los escenarios, Manolo siempre ha tenido palabras de elogio y admiraci\u00f3n hacia los agricultores y los pastores: \u00abEste afecto y devoci\u00f3n est\u00e1n arraigados en la vida de mis abuelos.&nbsp;Muchas noches en el escenario suelo homenajear los agricultores y los peque\u00f1os ganaderos que tienen que sobrevivir para no ser tragados por las grandes empresas de la ganader\u00eda y la agricultura industrial que se lo comen todo sin entra\u00f1as.&nbsp;Cante donde cante, en Catalu\u00f1a, en Castilla o Andaluc\u00eda, yo les dedico los conciertos.&nbsp;Hace poco, en Castilla conoc\u00ed unas mujeres miembros de la agrupaci\u00f3n Ganaderas en Red, un colectivo que tambi\u00e9n existe en Catalu\u00f1a con el nombre de Ganaderas de Catalu\u00f1a, y al que hago mi homenaje especial:&nbsp;se trata de unas mujeres que luchan encarnizadamente para vivir con dignidad de sus reba\u00f1os y de su trabajo en la agricultura.&nbsp;Lo hago para amplificar su actividad \u00ab.<\/p>\n\n\n\n<p>Pero aparte de su apoyo a los movimientos ecologistas, a las ganaderas y los agricultores en general, explica que cuando le piden que le hubiera gustado ser en vez de m\u00fasico, \u00e9l siempre dice que pastor: \u00abEn la vida he hecho amistad con determinados pastores que me han emocionado hablando de sus experiencias.&nbsp;Por eso, siempre que voy en coche y veo un pastor cerca de la carretera, el saludo, toco el claxon, o paro y si quiere, re\u00edr a la charla \u00ab.<br><br>Una de sus grandes pasiones es la literatura.&nbsp;Sus inicios como lector hay que situarlos en la adolescencia: \u00abUn d\u00eda, un profesor de literatura del Instituto Juan de Austria nos pidi\u00f3 a los 35 alumnos de la clase que los domingos por la ma\u00f1ana fu\u00e9ramos al Mercado de Sant Antoni a comprar un libro de segunda mano cada uno, que entonces val\u00eda un duro.&nbsp;Esto conllev\u00f3 que los 35 libros que compramos pasaron por todas las manos y todos los compa\u00f1eros de clase los le\u00edmos durante el curso.&nbsp;Desde entonces la lectura siempre ha estado presente en mi vida, es una actividad que m&#8217;abriga, me hace viajar con la mente y me ayuda a salir de m\u00ed.&nbsp;Primero devor\u00e9 las obras de autores de literatura juvenil, como Karl May, Julio Verne o Emilio Salgari.&nbsp;Otro d\u00eda, una prima me regal\u00f3 un libro que me marc\u00f3,<em>Vidas de grandes jefes indios<\/em>&nbsp;, en una \u00e9poca que yo pintaba indios en las camisetas, llevaba el pelo largo y ten\u00eda una decidida inclinaci\u00f3n a la vida salvaje.&nbsp;Otro libro que me impresion\u00f3 fue&nbsp;<em>Walden, la vida en los bosques<\/em>&nbsp;, de Henry David Thoreau, un hombre que construy\u00f3 una caba\u00f1a con sus manos y durante dos a\u00f1os vivi\u00f3 en la soledad del bosque.&nbsp;De mayor le\u00ed P\u00e9rez Gald\u00f3s y en una gira con El \u00daltimo voy tragarme todos los&nbsp;<em>Episodios Nacionales<\/em>&nbsp;de Pio Baroja.&nbsp;Posteriormente he le\u00eddo la mayor\u00eda de libros de Josep Pla, un gran escritor.&nbsp;Tambi\u00e9n me lo he pasado muy bien con la novela&nbsp;<em>L&#8217;Auca del Senyor Esteve<\/em>, De Santiago Rusi\u00f1ol, a quien siempre he envidiado el viaje que hizo en carro por Catalu\u00f1a con Ramon Casas.&nbsp;Qui\u00e9n pudiera hacer hoy este viaje!&nbsp;Con el paso del tiempo, me he tragado muchos libros.&nbsp;La lista ser\u00eda interminable \u00ab.<br><br>En cuestiones religiosas se define como \u00abun hombre de espiritualidad laica, o un esc\u00e9ptico participativo.&nbsp;Respeto la gente que tiene una inclinaci\u00f3n religiosa.&nbsp;Tener una \u00e9tica de conducta, otros lo llaman temor de Dios, me parece correcto.&nbsp;Aunque a menudo tambi\u00e9n se asocia Diez con el dinero, Internet o el f\u00fatbol, \u200b\u200bvariantes de la religiosidad que a m\u00ed me dan un poco de miedo.&nbsp;No tengo nada en contra de la religi\u00f3n limpia, en el sentido de seguir un camino de bondad, generosidad y altruismo;&nbsp;o de tener una moral objetivamente correcta.&nbsp;Pero si la religi\u00f3n se convierte -como ha pasado y a\u00fan pasa- en un arma de guerra para matar o para provocar miedo, vamos mal.&nbsp;Esta vertiente no me interesa nada.&nbsp;Me apunto a las creencias que propugnan caminos de libertad, igualdad y fraternidad.&nbsp;No comulgo nada con ning\u00fan fundamentalismo dogm\u00e1tico.&nbsp;Todo lo que sea represivo,&nbsp;no me gusta.&nbsp;Lo m\u00e1s importante es que todo el mundo vaya a la suya, sin hacer da\u00f1o a nadie \u00ab.<br><br>De car\u00e1cter ind\u00f3mito y rebelde desde que era joven, dice que en el mundo de la pol\u00edtica es partidario de \u00abcuestionarlo todo.&nbsp;En este campo suelo ser muy desconfiado y en general trato de no creer todo lo que dicen los pol\u00edticos, me lo pienso mucho todo.&nbsp;Tengo un punto de escepticismo muy pronunciado sobre la forma en que la clase pol\u00edtica y los poderes a menudo han tratado la poblaci\u00f3n con soberbia.&nbsp;No s\u00e9 si la Espa\u00f1a de la pandereta ha pasado a mejor vida o no, pero da la impresi\u00f3n de que a muchos pol\u00edticos les ha interesado supuestamente dejar la pandereta, apostar por la modernidad y que las cosas cambien, pero s\u00f3lo en beneficio propio.&nbsp;Es una t\u00e1ctica astuta.&nbsp;Yo dir\u00eda que, desgraciadamente, todav\u00eda queda un sustrato de la proclama absolutista \u00ab\u00a1Vivan las cadenas!\u00bb,&nbsp;inventada por alguien que no estaba bien de la cabeza a la \u00e9poca que Fernando VII volvi\u00f3 del destierro.&nbsp;Pero soy optimista y creo que las nuevas generaciones ya no lo ven as\u00ed y al final acabar\u00e1n subvirtiendo esta idea nefasta \u00ab.<br><\/p>\n\n\n\n<figure class=\"wp-block-image\"><img decoding=\"async\" src=\"https:\/\/dades.naciodigital.cat\/redaccio\/arxius\/imatges\/201904\/1200_155421920202042019-24-manologarcia_foto_david_ruano_b.jpg\" alt=\"\"\/><\/figure>\n\n\n\n<p><em>Manolo Garc\u00eda en una imagen promocional.&nbsp;Foto: David Ruano<\/em><br>Durante su larga trayectoria profesional, Manolo ha viajado intensamente en todo el Estado, pero tambi\u00e9n ha sido en muchos otros pa\u00edses.&nbsp;Pero si los viajes que hacemos la mayor\u00eda tienen una finalidad de esparcimiento, \u00e9l casi siempre se ha movido de lugar por su trabajo: para actuar o para grabar discos.&nbsp;Sin embargo, \u00abesto no significa que no haya podido saborear el esp\u00edritu y los paisajes de los lugares donde he viajado.&nbsp;Adem\u00e1s de poner los pies en algunos pa\u00edses europeos, he estado en Am\u00e9rica del Norte, en Am\u00e9rica Central y Am\u00e9rica del Sur.&nbsp;De EE.UU. me he enamorado de los paisajes rurales de Idaho y Montana;&nbsp;en cambio, las ciudades no me han interesado mucho, ya las vemos en las pel\u00edculas;&nbsp;de hecho, con una vez que he estado en Nueva York, ha sido suficiente.&nbsp;Tambi\u00e9n me gustan los paisajes de Argentina,&nbsp;en parte gracias a la cultura literaria que he le\u00eddo de ese pa\u00eds.&nbsp;Tambi\u00e9n me han encantado las llanuras de Uruguay y la alegr\u00eda de M\u00e9xico;&nbsp;Venezuela, donde he estado varias veces, es un lugar muy especial porque me encuentro un poco como en casa, aunque hoy me hace estar muy atento a lo que pasa.&nbsp;En una ocasi\u00f3n que actuamos en Melilla, tuve la oportunidad de hacer una incursi\u00f3n en Marruecos, un pa\u00eds que me fascin\u00f3 \u00ab.<br><br>A pesar de vivir en Barcelona, \u200b\u200bes un n\u00f3mada impenitente que a veces se para una temporada cuando no est\u00e1 de gira por estos mundos de Dios.&nbsp;Pero cuando no tiene conciertos, adem\u00e1s de pintar, tambi\u00e9n disfruta visitando los diversos rincones del pa\u00eds: \u00abCatalu\u00f1a, la he recorrido toda, de arriba a abajo y de oriente a poniente.&nbsp;Pero a\u00f1oro la Catalu\u00f1a de Plan, Fortuny y Rusi\u00f1ol, espectacular y variada.&nbsp;En un territorio relativamente peque\u00f1o, tenemos todas las vegetaciones y climas: des\u00e9rtico, continental, mediterr\u00e1neo, pirenaico &#8230; Si hubi\u00e9ramos podido dise\u00f1ar una geograf\u00eda m\u00e1s diversa, yo habr\u00eda apostado menos por la industria y habr\u00eda preservado mucha m\u00e1s superficie para la agricultura y la ganader\u00eda, como la Vall d&#8217;en Bas, que era un para\u00edso antes de que hicieran los t\u00faneles.&nbsp;Y a\u00f1oro la Costa Brava tal como era antes de que la destrozaran;&nbsp;aquello tambi\u00e9n era un para\u00edso \u00ab.<\/p>\n\n\n\n<p>Uno de sus paisajes favoritos de Catalu\u00f1a es el Montseny y las Guilleries, una zona que descubri\u00f3 a mediados de los ochenta: \u00abPoco despu\u00e9s de conocer Quimi en Hostalets de Baleny\u00e0, tambi\u00e9n conoc\u00ed otros j\u00f3venes de Vic, una ciudad que desde entonces he frecuentado a menudo y donde tengo buenas amistades.&nbsp;En aquella \u00e9poca alucin\u00e9 con las&nbsp;<em>performances<\/em>surrealistas que hac\u00edan los contraculturales Vic, que ten\u00edan un esp\u00edritu m\u00e1s labrador que los contraculturales de Barcelona y que yo no sab\u00eda que existieran.&nbsp;Fui a menudo a El Hangar, un bar que ofrec\u00eda conciertos en vivo.&nbsp;Todo fue un anzuelo que me at\u00f3.&nbsp;Para m\u00ed, aquello era la alegr\u00eda de vivir, en un mundo m\u00e1s bien gris, donde flotaba una niebla de tiempo enrarecidos.&nbsp;Despu\u00e9s he vuelto regularmente a la comarca y he hecho muchas excursiones en el Collsacabra, pero sobre todo en el Montseny y las Guilleries, un terreno que he recorrido todo a pie.&nbsp;Me doli\u00f3 intensamente cuando aquel paisaje virgen, lleno de bosques y un aut\u00e9ntico pulm\u00f3n, comenz\u00f3 a ser taladrado y hicieron Eje Transversal.&nbsp;Van preservar una zona del Parque Natural, pero s\u00f3lo fue la excusa para machacar el resto.&nbsp;Desafortunadamente, esto pas\u00f3 aqu\u00ed y un poco en todas partes,<br><br>Mientras acompa\u00f1o Manolo hasta su coche, antes de que salga disparado hacia Figueres y Avinyonet de Puigvent\u00f3s (donde est\u00e1 a punto de terminar las sesiones de ensayos con los m\u00fasicos que lo acompa\u00f1an en la gira ac\u00fastica), comenta que cuando comenz\u00f3 a abrirse camino en el mundo de la m\u00fasica, personas cercanas le dec\u00edan: \u00bb&nbsp;<em>Manolo, D\u00c9JALO, t\u00fa no tienes padrinos en el mundo del artista<\/em>&nbsp;\u00ab.&nbsp;Cuarenta a\u00f1os despu\u00e9s dice que le ha costado mucho tener predicamento: \u00abNo reniego de mis or\u00edgenes humildes.&nbsp;Me he pasado la vida batallando para conseguir llegar donde quer\u00eda, algo por lo que he tenido que pagar el peaje de la dificultad para tener una vida an\u00f3nima.&nbsp;Pero estoy agradecido a la vida y me he acabado acostumbrando a pagar deportivamente este peaje. \u00bb&nbsp;<br><br>&#8212;&#8212;&#8212;&#8212;&#8212;-&nbsp;<br><br><strong>BIBLIOGRAF\u00cdA<\/strong><\/p>\n\n\n\n<p><em>&#8211; Lo que la Sigue la persigue&nbsp;<\/em><em>(Biograf\u00eda tolerada de El \u00daltimo de la Fila)<\/em>&nbsp;.&nbsp;Toni Coromina (Editorial Can, Barcelona, 1995).&nbsp;<br>&#8211;&nbsp;<em>Manolo Garc\u00eda.&nbsp;<\/em>Varios autores.&nbsp;Cuadernos Efe Eme, (Madrid, 2018).&nbsp;<br>&#8211; Hemerotecas diversas.&nbsp;<br><\/p>\n","protected":false},"excerpt":{"rendered":"<p>Aquest 5 d\u2019abril inicia una gira ac\u00fastica de 55 concerts que el portar\u00e0 fins a finals de desembre a cantar en teatres i espais redu\u00efts d\u2019arreu de l\u2019estat, una desena dels quals a Catalunya Barcelon\u00e8s del Poblenou, aquest fill d\u2019una fam\u00edlia d\u2019immigrants murcians que a la postguerra va canviar la serra del Segura per una<a class=\"moretag\" href=\"https:\/\/www.manologarciaycia.com\/?p=19258\" title=\"Manolo Garc\u00eda, la tenacitat d&#8217;un lluitador amb 40 anys de carrera musical \/\/ la tenacidad de un luchador con 40 a\u00f1os de carrera musical\" target=\"_self\" rel=\"follow\"> <font face=arial size=2>[Leer m\u00e1s]<\/font> <\/a><\/p>\n","protected":false},"author":2,"featured_media":19261,"comment_status":"closed","ping_status":"closed","sticky":false,"template":"","format":"standard","meta":{"footnotes":""},"categories":[1],"tags":[],"class_list":["post-19258","post","type-post","status-publish","format-standard","has-post-thumbnail","hentry","category-manolo-garcia"],"_links":{"self":[{"href":"https:\/\/www.manologarciaycia.com\/index.php?rest_route=\/wp\/v2\/posts\/19258","targetHints":{"allow":["GET"]}}],"collection":[{"href":"https:\/\/www.manologarciaycia.com\/index.php?rest_route=\/wp\/v2\/posts"}],"about":[{"href":"https:\/\/www.manologarciaycia.com\/index.php?rest_route=\/wp\/v2\/types\/post"}],"author":[{"embeddable":true,"href":"https:\/\/www.manologarciaycia.com\/index.php?rest_route=\/wp\/v2\/users\/2"}],"replies":[{"embeddable":true,"href":"https:\/\/www.manologarciaycia.com\/index.php?rest_route=%2Fwp%2Fv2%2Fcomments&post=19258"}],"version-history":[{"count":2,"href":"https:\/\/www.manologarciaycia.com\/index.php?rest_route=\/wp\/v2\/posts\/19258\/revisions"}],"predecessor-version":[{"id":19260,"href":"https:\/\/www.manologarciaycia.com\/index.php?rest_route=\/wp\/v2\/posts\/19258\/revisions\/19260"}],"wp:featuredmedia":[{"embeddable":true,"href":"https:\/\/www.manologarciaycia.com\/index.php?rest_route=\/wp\/v2\/media\/19261"}],"wp:attachment":[{"href":"https:\/\/www.manologarciaycia.com\/index.php?rest_route=%2Fwp%2Fv2%2Fmedia&parent=19258"}],"wp:term":[{"taxonomy":"category","embeddable":true,"href":"https:\/\/www.manologarciaycia.com\/index.php?rest_route=%2Fwp%2Fv2%2Fcategories&post=19258"},{"taxonomy":"post_tag","embeddable":true,"href":"https:\/\/www.manologarciaycia.com\/index.php?rest_route=%2Fwp%2Fv2%2Ftags&post=19258"}],"curies":[{"name":"wp","href":"https:\/\/api.w.org\/{rel}","templated":true}]}}