{"id":19253,"date":"2019-04-03T09:18:19","date_gmt":"2019-04-03T07:18:19","guid":{"rendered":"https:\/\/www.manologarciaycia.com\/?p=19253"},"modified":"2019-04-03T09:22:56","modified_gmt":"2019-04-03T07:22:56","slug":"la-venta-de-musica-crecio-en-espana-por-quinto-ano-consecutivo-esta-vez-un-23","status":"publish","type":"post","link":"https:\/\/www.manologarciaycia.com\/?p=19253","title":{"rendered":"La venta de m\u00fasica creci\u00f3 en Espa\u00f1a por quinto a\u00f1o consecutivo, esta vez un 2,3%"},"content":{"rendered":"\n<p>El mercado musical espa\u00f1ol cerr\u00f3 el ejercicio de 2018 con unos ingresos totales de 237,2 millones de euros, una cifra que supone una mejor\u00eda de 2,4 puntos porcentuales respecto a los 231,7 millones contabilizados el a\u00f1o inmediatamente anterior. La escucha digital en&nbsp;<em>streaming<\/em>&nbsp;(a trav\u00e9s de Internet, sin necesidad de descarga) apuntala m\u00e1s que nunca su condici\u00f3n de f\u00f3rmula predilecta para el consumo musical entre los aficionados espa\u00f1oles. La balanza entre el mercado f\u00edsico y el digital se desequilibr\u00f3 en 2014, primer ejercicio en que los ingresos del primero fueron inferiores a los del segundo. La diferencia, cuatro a\u00f1os m\u00e1s tarde, confirma los nuevos h\u00e1bitos de acceso a la m\u00fasica en el siglo XXI.&nbsp;De los 237 millones recaudados en 2018, el 71,2 por ciento (169 millones) corresponde al \u00e1rea digital, mientras los formatos tradicionales se han de conformar con el 28,8 por ciento restante (68,2 millones).<\/p>\n\n\n\n<div class=\"wp-block-image\"><figure class=\"aligncenter\"><a href=\"http:\/\/blog.elportaldemusica.es\/wp-content\/uploads\/2019\/04\/Captura-de-pantalla-2019-04-02-a-las-10.56.47.png\"><img decoding=\"async\" src=\"http:\/\/blog.elportaldemusica.es\/wp-content\/uploads\/2019\/04\/Captura-de-pantalla-2019-04-02-a-las-10.56.47-1024x525.png\" alt=\"\" class=\"wp-image-3535\"\/><\/a><\/figure><\/div>\n\n\n\n<p>A nivel mundial, el mercado de la m\u00fasica grabada creci\u00f3 un 9,7% logrando unos ingresos totales de 19.100 millones de d\u00f3lares para el sector. Como en el caso espa\u00f1ol, cerca de la mitad proviene del&nbsp;<em>streaming&nbsp;<\/em>(un 47%) gracias a un crecimiento del 32,9% de las suscripciones de pago<em>.&nbsp;<\/em>A finales de 2018 el n\u00famero de suscritos a estos servicios ascend\u00eda a&nbsp; 255 millones en todo el mundo<em>.&nbsp;<\/em>Todos estos datos aparecen en el&nbsp;<em>Global Music Report&nbsp;<\/em>(<em>Informe de la m\u00fasica en el mundo)<\/em>, el estudio anual que elabora la Federaci\u00f3n Internacional de la Industria Fonogr\u00e1fica (IFPI, por sus siglas inglesas) en una nueva entrega presentada hoy en Londres y que&nbsp;<a href=\"https:\/\/www.ifpi.org\/\">ya est\u00e1 disponible para consulta en su p\u00e1gina web<\/a>.<\/p>\n\n\n\n<p><strong>Hacia un consumo mayor de&nbsp;<em>streaming&nbsp;<\/em>de pago<\/strong><\/p>\n\n\n\n<p>En Espa\u00f1a, en lo que se refiere al mercado digital, las suscripciones&nbsp;<em>premium&nbsp;<\/em>o de pago han crecido un 37 por ciento interanual, impulsados por el constante incremento de nuevos abonados a servicios como Amazon Music Unlimited, Apple Music, Deezer, Spotify, YouTube Music o Tidal, que cuentan ya con m\u00e1s de 2,3 millones de suscriptores en nuestro pa\u00eds y le suponen al sector 115,3 millones, casi la mitad de sus ingresos \u00edntegros. En paralelo, el&nbsp;<em>streaming&nbsp;<\/em>de audio financiado por publicidad se retrae m\u00e1s de 43 puntos porcentuales (de 29,9 a 17 millones) y el&nbsp;<em>streaming<\/em>&nbsp;de v\u00eddeo, tambi\u00e9n financiado por publicidad, se estanca a pesar de que sigue creciendo el consumo y las canciones destacadas del a\u00f1o baten records de visualizaciones (se mantienen los mismos ingresos de un a\u00f1o para otro, solo &nbsp;24 millones). Se espera que la nueva directiva aprobada recientemente en las instituciones europeas consiga corregir este grave desajuste que existe entre el tr\u00e1fico que genera la m\u00fasica para estas p\u00e1ginas web y los ingresos que llegan a la industria por ese consumo. &nbsp;Las descargas permanentes de canciones o \u00e1lbumes completos tambi\u00e9n sufren un severo retroceso del 22,5 por ciento (de 10,2 a 7,9 millones).<\/p>\n\n\n\n<div class=\"wp-block-image\"><figure class=\"aligncenter\"><a href=\"http:\/\/blog.elportaldemusica.es\/wp-content\/uploads\/2019\/04\/Captura-de-pantalla-2019-04-02-a-las-13.39.50.png\"><img decoding=\"async\" src=\"http:\/\/blog.elportaldemusica.es\/wp-content\/uploads\/2019\/04\/Captura-de-pantalla-2019-04-02-a-las-13.39.50-740x1024.png\" alt=\"\" class=\"wp-image-3538\"\/><\/a><\/figure><\/div>\n\n\n\n<p>Algo parecido sucede en el contexto del mercado f\u00edsico. Los espa\u00f1oles adquirieron 6,5 millones de discos compactos en todo el a\u00f1o, por un valor de 53,8 millones de euros, una cifra que supone una nueva ca\u00edda del 20 por ciento respecto a los 66,9 millones facturados a lo largo de 2017. A pesar de ello, estas ventas siguen teniendo un significado muy importante para el sector. &nbsp;Mientras, los vinilos siguen disfrutando de una inesperada segunda juventud y dan un salto de casi 19 puntos. M\u00e1s en concreto, las compras de elep\u00e9s evolucionaron de 9,9 millones en 2017 a 11,7 millones a lo largo de los doce meses siguientes y ya representan el 17% de las ventas en soporte f\u00edsico.<\/p>\n\n\n\n<div class=\"wp-block-image\"><figure class=\"aligncenter\"><a href=\"http:\/\/blog.elportaldemusica.es\/wp-content\/uploads\/2019\/04\/Captura-de-pantalla-2019-04-02-a-las-13.50.03.png\"><img decoding=\"async\" src=\"http:\/\/blog.elportaldemusica.es\/wp-content\/uploads\/2019\/04\/Captura-de-pantalla-2019-04-02-a-las-13.50.03-1024x357.png\" alt=\"\" class=\"wp-image-3539\"\/><\/a><\/figure><\/div>\n\n\n\n<p>En este escenario de transici\u00f3n del consumo de m\u00fasica, donde el soporte f\u00edsico cede el paso a la escucha online, el crecimiento del 2,4% en las ventas del a\u00f1o resulta prometedor en la medida en que refleja &nbsp;una realidad cada vez m\u00e1s orientada al consumo digital y de pago.<\/p>\n\n\n\n<p>\u201cNo hay m\u00e1s secreto que el ingente esfuerzo transformador de la industria y su apuesta todos estos a\u00f1os para poner al alcance del consumidor toda la m\u00fasica, existente y nueva, para disfrutar desde sus dispositivos, con inmediatez y a su elecci\u00f3n\u201d, declara Antonio Guisasola, presidente de Promusicae. \u201cEn medio de un mercado cambiante y en continua evoluci\u00f3n\u201d, contin\u00faa,\u201chaber dejado atr\u00e1s las ca\u00eddas continuadas que tuvimos durante a\u00f1os, para encontrarnos con un crecimiento acumulado del 49% durante estos \u00faltimos a\u00f1os, reconforta. Pero no bajamos la guardia, queda camino por recorrer para recibir siempre un retorno adecuado por el uso que se hace de la m\u00fasica y lo m\u00e1s importante, el trabajo diario de asumir nuevos riesgos con artistas que est\u00e1n &nbsp;por descubrir y que nos traer\u00e1n futuros \u00e9xitos que lleguen para satisfacer a los cada vez m\u00e1s numerosos consumidores. Ese es el gran reto en el que ya estamos metidos de lleno para que 2019 sea a\u00fan mejor.\u201d<\/p>\n\n\n\n<p><strong>\u2018Prometo\u2019 en \u00e1lbum, \u2018Lo malo\u2019 en canci\u00f3n<\/strong><\/p>\n\n\n\n<p>A falta de conocer los \u00e9xitos que traer\u00e1 2019, lo que no cambia a lo largo de toda la d\u00e9cada es el prolongado romance de Pablo Albor\u00e1n con el p\u00fablico espa\u00f1ol.&nbsp;<em>Prometo<\/em>, el cuarto \u00e1lbum en estudio del cantautor mel\u00f3dico malague\u00f1o, acab\u00f3 el a\u00f1o 2018 como el disco que despach\u00f3 m\u00e1s ejemplares. Tras \u00e9l encontramos a &nbsp;Manuel Carrasco (con un extraordinario n\u00famero 2 para&nbsp;<em>La cruz del mapa<\/em>, publicado solo tres semanas antes de cerrar el ejercicio), Pablo L\u00f3pez (<em>Camino, fuego y libertad<\/em>) y el incombustible Manolo Garc\u00eda, cuarto puesto con su&nbsp;<em>Geometr\u00eda del rayo<\/em>. Rosal\u00eda, como casi todos los artistas de nuevo cu\u00f1o, goza de mayor predicamento en el universo digital que en los formatos f\u00edsicos, pero el impacto de&nbsp;<em>El mal querer<\/em>&nbsp;le permite ocupar la quinta plaza en la lista&nbsp;<em>tradicional<\/em>. Melendi se reserva un muy meritorio n\u00famero 6 con&nbsp;<em>Ahora<\/em>, mientras que Alejandro Sanz, otro imprescindible en estas clasificaciones, ocupa el puesto s\u00e9ptimo del&nbsp;<em>Top 10&nbsp;<\/em>con &nbsp;<em>+ es +: El concierto<\/em>, plasmaci\u00f3n de su multitudinaria actuaci\u00f3n en el madrile\u00f1o estadio Vicente Calder\u00f3n.<\/p>\n\n\n\n<p>El influjo de&nbsp;<em>Operaci\u00f3n Triunfo<\/em>, que en su edici\u00f3n 2017\/18 regres\u00f3 con notable \u00e9xito a la parrilla televisiva, es muy evidente tanto en la clasificaci\u00f3n anual cl\u00e1sica como en la de canciones en formatos digitales. Tres de los discos antol\u00f3gicos del concurso,&nbsp;<em>Lo mejor 1\u00aa parte 2017<\/em>,&nbsp;<em>Lo mejor 2\u00aa parte 2017<\/em>&nbsp;y&nbsp;<em>Lo mejor 1\u00aa parte 2018<\/em>, ocupan los puestos octavo, noveno y d\u00e9cimo de los m\u00e1s vendidos. Un dato destacado: todos ellos cantan en castellano.<\/p>\n\n\n\n<div class=\"wp-block-image\"><figure class=\"aligncenter\"><a href=\"http:\/\/blog.elportaldemusica.es\/wp-content\/uploads\/2019\/04\/Captura-de-pantalla-2019-04-02-a-las-13.52.52.png\"><img decoding=\"async\" src=\"http:\/\/blog.elportaldemusica.es\/wp-content\/uploads\/2019\/04\/Captura-de-pantalla-2019-04-02-a-las-13.52.52-1024x764.png\" alt=\"\" class=\"wp-image-3540\"\/><\/a><\/figure><\/div>\n\n\n\n<p>Paralelamente, se agudizan las diferencias estil\u00edsticas entre el formato f\u00edsico, m\u00e1s propenso al pop y la canci\u00f3n, y el digital, donde arrasan los nuevos ritmos latinos y urbanos. Despu\u00e9s de&nbsp;<em>Lo malo&nbsp;<\/em>(Aitana y Ana Guerra), las canciones que m\u00e1s sonaron en nuestros dispositivos digitales fueron, por este orden,&nbsp;<em>Dura&nbsp;<\/em>(Daddy Yankee),&nbsp;<em>Sin pijama&nbsp;<\/em>(Becky G con Natti Natasha),&nbsp;<em>Te bote&nbsp;<\/em>(Nio Garc\u00eda),&nbsp;<em>Me niego&nbsp;<\/em>(Reik, Ozuna y Wisin),&nbsp;<em>Usted&nbsp;<\/em>(Juan Mag\u00e1n con Mala Rodr\u00edguez),&nbsp;<em>Vaina Loca<\/em>&nbsp;(Ozuna y Manuel Turizo),&nbsp;<em>1 2 3&nbsp;<\/em>(Sof\u00eda Reyes),&nbsp;<em>Tel\u00e9fono&nbsp;<\/em>(Aitana) y&nbsp;<em>X,<\/em>&nbsp;la pieza que rubrican de modo conjunto Nicky Jam y J Balvin.<\/p>\n\n\n\n<p>Fuente: El blog de Musica &#8211; <a href=\"http:\/\/blog.elportaldemusica.es\/la-venta-de-musica-crecio-en-espana-por-quinto-ano-consecutivo-esta-vez-un-23\/\" target=\"_blank\" rel=\"noreferrer noopener\" aria-label=\"ENLACE (abre en una nueva pesta\u00f1a)\">ENLACE<\/a><\/p>\n","protected":false},"excerpt":{"rendered":"<p>El mercado musical espa\u00f1ol cerr\u00f3 el ejercicio de 2018 con unos ingresos totales de 237,2 millones de euros, una cifra que supone una mejor\u00eda de 2,4 puntos porcentuales respecto a los 231,7 millones contabilizados el a\u00f1o inmediatamente anterior. La escucha digital en&nbsp;streaming&nbsp;(a trav\u00e9s de Internet, sin necesidad de descarga) apuntala m\u00e1s que nunca su condici\u00f3n<a class=\"moretag\" href=\"https:\/\/www.manologarciaycia.com\/?p=19253\" title=\"La venta de m\u00fasica creci\u00f3 en Espa\u00f1a por quinto a\u00f1o consecutivo, esta vez un 2,3%\" target=\"_self\" rel=\"follow\"> <font face=arial size=2>[Leer m\u00e1s]<\/font> <\/a><\/p>\n","protected":false},"author":2,"featured_media":19255,"comment_status":"closed","ping_status":"closed","sticky":false,"template":"","format":"standard","meta":{"footnotes":""},"categories":[1],"tags":[],"class_list":["post-19253","post","type-post","status-publish","format-standard","has-post-thumbnail","hentry","category-manolo-garcia"],"_links":{"self":[{"href":"https:\/\/www.manologarciaycia.com\/index.php?rest_route=\/wp\/v2\/posts\/19253","targetHints":{"allow":["GET"]}}],"collection":[{"href":"https:\/\/www.manologarciaycia.com\/index.php?rest_route=\/wp\/v2\/posts"}],"about":[{"href":"https:\/\/www.manologarciaycia.com\/index.php?rest_route=\/wp\/v2\/types\/post"}],"author":[{"embeddable":true,"href":"https:\/\/www.manologarciaycia.com\/index.php?rest_route=\/wp\/v2\/users\/2"}],"replies":[{"embeddable":true,"href":"https:\/\/www.manologarciaycia.com\/index.php?rest_route=%2Fwp%2Fv2%2Fcomments&post=19253"}],"version-history":[{"count":2,"href":"https:\/\/www.manologarciaycia.com\/index.php?rest_route=\/wp\/v2\/posts\/19253\/revisions"}],"predecessor-version":[{"id":19257,"href":"https:\/\/www.manologarciaycia.com\/index.php?rest_route=\/wp\/v2\/posts\/19253\/revisions\/19257"}],"wp:featuredmedia":[{"embeddable":true,"href":"https:\/\/www.manologarciaycia.com\/index.php?rest_route=\/wp\/v2\/media\/19255"}],"wp:attachment":[{"href":"https:\/\/www.manologarciaycia.com\/index.php?rest_route=%2Fwp%2Fv2%2Fmedia&parent=19253"}],"wp:term":[{"taxonomy":"category","embeddable":true,"href":"https:\/\/www.manologarciaycia.com\/index.php?rest_route=%2Fwp%2Fv2%2Fcategories&post=19253"},{"taxonomy":"post_tag","embeddable":true,"href":"https:\/\/www.manologarciaycia.com\/index.php?rest_route=%2Fwp%2Fv2%2Ftags&post=19253"}],"curies":[{"name":"wp","href":"https:\/\/api.w.org\/{rel}","templated":true}]}}