{"id":19181,"date":"2019-03-05T14:23:05","date_gmt":"2019-03-05T13:23:05","guid":{"rendered":"https:\/\/www.manologarciaycia.com\/?p=19181"},"modified":"2019-03-05T14:24:06","modified_gmt":"2019-03-05T13:24:06","slug":"manolo-garcia-y-ana-guerra-completan-las-noches-del-pabellon-en-palencia","status":"publish","type":"post","link":"https:\/\/www.manologarciaycia.com\/?p=19181","title":{"rendered":"Manolo Garc\u00eda y Ana Guerra completan \u00abLas Noches del Pabell\u00f3n\u00bb en Palencia"},"content":{"rendered":"\n<h2 class=\"wp-block-heading\">Garc\u00eda actuar\u00e1 el 29 de junio y Guerra el 27 de abril <\/h2>\n\n\n\n<p> Ya se conoce el plantel completo de artistas que bajo el ep\u00edgrafe\u00a0<strong>\u00abLas noches del Pabell\u00f3n\u00bb<\/strong>\u00a0confirman el ciclo de conciertos que tendr\u00e1n como escenario el Pabell\u00f3n Municipal. Se confirma\u00a0<strong>la actuaci\u00f3n el 29 de junio de Manolo Garc\u00eda y el 27 de abril de la \u00abtriunfita\u00bb Ana Guerra.<\/strong> Un d\u00eda antes de venir a Palencia, Manolo Garc\u00eda estar\u00e1 en Zamora. Las entradas costar\u00e1n 30 euros, precio \u00fanico, m\u00e1s gastos de gesti\u00f3n; a la venta el jueves 7 de Marzo, a las 10:00 en la pagina del artista: <a rel=\"noreferrer noopener\" href=\"https:\/\/l.facebook.com\/l.php?u=http%3A%2F%2Fwww.manolo-garcia.com%2F%3Ffbclid%3DIwAR3B-uXRU-P-mNbBAgp993jRlWxegA6O9Eekebrmc3giqv2M_sAE3_J2UKs&amp;h=AT3HC_cuUKmAo1wcBU6YKadQX8U-C7KPSuvZqS7WegQOgDM1vLwBDdIIRKMnAZAyaiJsZB3bLouIgA2S099M7AmXk7CNXC55K9ybGxqnslC3_CN8TvcbfaLPX_K4Dt8BkjnVs8Y2HxLE28UZ0STLaxhc_cSG_1KzG0rlqR7l629nNAlMiDJsDuPJlo9owhyYWEEtQyjXebAP2OUfeDw37J26Jydg1XYz6lg4L0JpCw8ZjH4x7z0bgwviUCQZM4YjvMVaEVLnQXvhD1yg3m3iz-TNDsg0t2J0u0tv0q9t0ySOab5wgg_bNsAcpjAKXDFnFbD2ldDNiW_zftVrb1K23j9Almy1jbfpxR9cQNWati_jFfr07runPgRsb9sD2ku8t6N2NhnrbXY9IqNnC3dxDs0sShVOy2yAqR9YJjo9SPEq8d-mFqBh7pZLxumgbDar19aGkiJGvHMAYtqbY9fF1KHfts6h75fzSkR4aVnQ68_idBGIAJH0HJsZhHZvcr57lKX0QtNwQrPneqZ5ldRJiLqY1lSGk4gxg_s5K3y3u7MGTtk1ZSfKPIjtQmC8NdsalVl6e-OJxW9zjOyNp69sO0YqFhFEC8cxKn4JGIk8Dku2JaaWehhFPP1XCbh1Hn2LVA\" target=\"_blank\">http:\/\/www.manolo-garcia.com<\/a><\/p>\n\n\n\n<p>Fuente: Cadena Ser &#8211; <a href=\"https:\/\/cadenaser.com\/emisora\/2019\/03\/05\/radio_palencia\/1551782570_315937.html\" target=\"_blank\" rel=\"noreferrer noopener\" aria-label=\"https:\/\/cadenaser.com\/emisora\/2019\/03\/05\/radio_palencia\/1551782570_315937.html (abre en una nueva pesta\u00f1a)\">https:\/\/cadenaser.com\/emisora\/2019\/03\/05\/radio_palencia\/1551782570_315937.html<\/a><\/p>\n","protected":false},"excerpt":{"rendered":"<p>Garc\u00eda actuar\u00e1 el 29 de junio y Guerra el 27 de abril Ya se conoce el plantel completo de artistas que bajo el ep\u00edgrafe\u00a0\u00abLas noches del Pabell\u00f3n\u00bb\u00a0confirman el ciclo de conciertos que tendr\u00e1n como escenario el Pabell\u00f3n Municipal. Se confirma\u00a0la actuaci\u00f3n el 29 de junio de Manolo Garc\u00eda y el 27 de abril de la<a class=\"moretag\" href=\"https:\/\/www.manologarciaycia.com\/?p=19181\" title=\"Manolo Garc\u00eda y Ana Guerra completan \u00abLas Noches del Pabell\u00f3n\u00bb en Palencia\" target=\"_self\" rel=\"follow\"> <font face=arial size=2>[Leer m\u00e1s]<\/font> <\/a><\/p>\n","protected":false},"author":2,"featured_media":19184,"comment_status":"closed","ping_status":"closed","sticky":false,"template":"","format":"standard","meta":{"footnotes":""},"categories":[1],"tags":[],"class_list":["post-19181","post","type-post","status-publish","format-standard","has-post-thumbnail","hentry","category-manolo-garcia"],"_links":{"self":[{"href":"https:\/\/www.manologarciaycia.com\/index.php?rest_route=\/wp\/v2\/posts\/19181","targetHints":{"allow":["GET"]}}],"collection":[{"href":"https:\/\/www.manologarciaycia.com\/index.php?rest_route=\/wp\/v2\/posts"}],"about":[{"href":"https:\/\/www.manologarciaycia.com\/index.php?rest_route=\/wp\/v2\/types\/post"}],"author":[{"embeddable":true,"href":"https:\/\/www.manologarciaycia.com\/index.php?rest_route=\/wp\/v2\/users\/2"}],"replies":[{"embeddable":true,"href":"https:\/\/www.manologarciaycia.com\/index.php?rest_route=%2Fwp%2Fv2%2Fcomments&post=19181"}],"version-history":[{"count":2,"href":"https:\/\/www.manologarciaycia.com\/index.php?rest_route=\/wp\/v2\/posts\/19181\/revisions"}],"predecessor-version":[{"id":19183,"href":"https:\/\/www.manologarciaycia.com\/index.php?rest_route=\/wp\/v2\/posts\/19181\/revisions\/19183"}],"wp:featuredmedia":[{"embeddable":true,"href":"https:\/\/www.manologarciaycia.com\/index.php?rest_route=\/wp\/v2\/media\/19184"}],"wp:attachment":[{"href":"https:\/\/www.manologarciaycia.com\/index.php?rest_route=%2Fwp%2Fv2%2Fmedia&parent=19181"}],"wp:term":[{"taxonomy":"category","embeddable":true,"href":"https:\/\/www.manologarciaycia.com\/index.php?rest_route=%2Fwp%2Fv2%2Fcategories&post=19181"},{"taxonomy":"post_tag","embeddable":true,"href":"https:\/\/www.manologarciaycia.com\/index.php?rest_route=%2Fwp%2Fv2%2Ftags&post=19181"}],"curies":[{"name":"wp","href":"https:\/\/api.w.org\/{rel}","templated":true}]}}