{"id":1917,"date":"2011-11-01T07:08:19","date_gmt":"2011-11-01T06:08:19","guid":{"rendered":"http:\/\/petaos.net\/?p=1917"},"modified":"2011-11-01T07:08:33","modified_gmt":"2011-11-01T06:08:33","slug":"mg-entrevista-en-anima-tv3-canal33","status":"publish","type":"post","link":"https:\/\/www.manologarciaycia.com\/?p=1917","title":{"rendered":"MG: Entrevista en Anima (TV3-Canal33) 30\/10\/11"},"content":{"rendered":"<p><object classid=\"clsid:d27cdb6e-ae6d-11cf-96b8-444553540000\" width=\"640\" height=\"398\" id=\"EVP3782030IE\"><param name=\"movie\" value=\"http:\/\/www.tv3.cat\/ria\/players\/3ac\/evp\/Main.swf\"\/><param name=\"scale\" value=\"noscale\"\/><param name=\"align\" value=\"tl\"\/><param name=\"swliveconnect\" value=\"true\"\/><param name=\"menu\" value=\"true\"\/><param name=\"allowFullScreen\" value=\"true\"\/><param name=\"allowScriptAccess\" value=\"always\"\/><param name=\"wmode\" value=\"transparent\"\/><param name=\"FlashVars\" value=\"themepath=themes\/evp_advanced.swf&#038;autostart=false&#038;minimal=false&#038;videoid=3782030&#038;instancename=playerEVP_0_3782030&#038;refreshlock=true&#038;basepath=http:\/\/www.tv3.cat\/ria\/players\/3ac\/evp\/&#038;backgroundColor=#ffffff&#038;basepath=http:\/\/www.tv3.cat\/ria\/players\/3ac\/evp\/&#038;xtm=true\"\/><embed width=\"640\" height=\"398\" type=\"application\/x-shockwave-flash\" src=\"http:\/\/www.tv3.cat\/ria\/players\/3ac\/evp\/Main.swf\" id=\"EVP3782030\" scale=\"noscale\" name=\"EVP3782030\" salign=\"tl\" swliveconnect=\"true\" menu=\"true\" allowfullscreen=\"true\" allowscriptaccess=\"always\" wmode=\"transparent\" FlashVars=\"themepath=themes\/evp_advanced.swf&#038;autostart=false&#038;minimal=false&#038;videoid=3782030&#038;instancename=playerEVP_0_3782030&#038;refreshlock=true&#038;basepath=http:\/\/www.tv3.cat\/ria\/players\/3ac\/evp\/&#038;backgroundColor=#ffffff&#038;basepath=http:\/\/www.tv3.cat\/ria\/players\/3ac\/evp\/&#038;xtm=true\"><\/embed><\/object><\/p>\n<p>MANOLO GARC\u00cdA<\/p>\n<p>M\u00fasic clau del pop-rock estatal, Manolo Garc\u00eda porta ja porta tres d\u00e8cades en marxa, tant amb bandes com El \u00daltimo de la Fila com tamb\u00e9 en solitari. A l&#8217;\u00c0nima ens presenta el seu nou disc, Los dias intactos, per\u00f2 tamb\u00e9 indaguem en la seva faceta d&#8217;escriptor (amb la publicaci\u00f3 de El fruto de la rama m\u00e1s alta) i la de pintor (amb l&#8217;estrena d&#8217;una exposici\u00f3 a Barcelona).<\/p>\n","protected":false},"excerpt":{"rendered":"<p>MANOLO GARC\u00cdA M\u00fasic clau del pop-rock estatal, Manolo Garc\u00eda porta ja porta tres d\u00e8cades en marxa, tant amb bandes com El \u00daltimo de la Fila com tamb\u00e9 en solitari. A l&#8217;\u00c0nima ens presenta el seu nou disc, Los dias intactos, per\u00f2 tamb\u00e9 indaguem en la seva faceta d&#8217;escriptor (amb la publicaci\u00f3 de El fruto de<a class=\"moretag\" href=\"https:\/\/www.manologarciaycia.com\/?p=1917\" title=\"MG: Entrevista en Anima (TV3-Canal33) 30\/10\/11\" target=\"_self\" rel=\"follow\"> <font face=arial size=2>[Leer m\u00e1s]<\/font> <\/a><\/p>\n","protected":false},"author":2,"featured_media":0,"comment_status":"closed","ping_status":"closed","sticky":false,"template":"","format":"standard","meta":{"footnotes":""},"categories":[1],"tags":[],"class_list":["post-1917","post","type-post","status-publish","format-standard","hentry","category-manolo-garcia"],"_links":{"self":[{"href":"https:\/\/www.manologarciaycia.com\/index.php?rest_route=\/wp\/v2\/posts\/1917","targetHints":{"allow":["GET"]}}],"collection":[{"href":"https:\/\/www.manologarciaycia.com\/index.php?rest_route=\/wp\/v2\/posts"}],"about":[{"href":"https:\/\/www.manologarciaycia.com\/index.php?rest_route=\/wp\/v2\/types\/post"}],"author":[{"embeddable":true,"href":"https:\/\/www.manologarciaycia.com\/index.php?rest_route=\/wp\/v2\/users\/2"}],"replies":[{"embeddable":true,"href":"https:\/\/www.manologarciaycia.com\/index.php?rest_route=%2Fwp%2Fv2%2Fcomments&post=1917"}],"version-history":[{"count":2,"href":"https:\/\/www.manologarciaycia.com\/index.php?rest_route=\/wp\/v2\/posts\/1917\/revisions"}],"predecessor-version":[{"id":1919,"href":"https:\/\/www.manologarciaycia.com\/index.php?rest_route=\/wp\/v2\/posts\/1917\/revisions\/1919"}],"wp:attachment":[{"href":"https:\/\/www.manologarciaycia.com\/index.php?rest_route=%2Fwp%2Fv2%2Fmedia&parent=1917"}],"wp:term":[{"taxonomy":"category","embeddable":true,"href":"https:\/\/www.manologarciaycia.com\/index.php?rest_route=%2Fwp%2Fv2%2Fcategories&post=1917"},{"taxonomy":"post_tag","embeddable":true,"href":"https:\/\/www.manologarciaycia.com\/index.php?rest_route=%2Fwp%2Fv2%2Ftags&post=1917"}],"curies":[{"name":"wp","href":"https:\/\/api.w.org\/{rel}","templated":true}]}}