{"id":1915,"date":"2011-10-31T19:50:43","date_gmt":"2011-10-31T18:50:43","guid":{"rendered":"http:\/\/petaos.net\/?p=1915"},"modified":"2011-10-31T19:50:43","modified_gmt":"2011-10-31T18:50:43","slug":"mg-estoy-que-me-toco-encima","status":"publish","type":"post","link":"https:\/\/www.manologarciaycia.com\/?p=1915","title":{"rendered":"MG: \u00abEstoy que me toco encima\u00bb"},"content":{"rendered":"<p><img loading=\"lazy\" decoding=\"async\" class=\"aligncenter\" src=\"http:\/\/rac1.org\/elmon\/files\/2011\/10\/111031_Manolo_Garcia-545x366.jpg\" alt=\"\" width=\"545\" height=\"366\" \/><\/p>\n<p>En Catal\u00e0: Manolo Garc\u00eda ha presentat \u201cLos d\u00edas intactos\u201d, el seu darrer disc, amb un RAC1stic a El m\u00f3n a RAC1: \u201cUn giro teatral\u201d. L\u2019artista ha reconegut que, per primera vegada, ha patit sobredosi creativa, i li han sobrat can\u00e7ons que no ha posat al disc.<\/p>\n<p>Desc\u00e1rgate la entrevista aqu\u00ed: <a href=\"http:\/\/www.megaupload.com\/?d=KZUZCPCP\" target=\"_blank\">DESCARGA<\/a>.\u00a0Fuente: RAC1 &#8211; <a href=\"http:\/\/rac1.org\/elmon\/blog\/estoy-que-me-toco-encima\/\" target=\"_blank\">ENLACE<\/a><\/p>\n","protected":false},"excerpt":{"rendered":"<p>En Catal\u00e0: Manolo Garc\u00eda ha presentat \u201cLos d\u00edas intactos\u201d, el seu darrer disc, amb un RAC1stic a El m\u00f3n a RAC1: \u201cUn giro teatral\u201d. L\u2019artista ha reconegut que, per primera vegada, ha patit sobredosi creativa, i li han sobrat can\u00e7ons que no ha posat al disc. Desc\u00e1rgate la entrevista aqu\u00ed: DESCARGA.\u00a0Fuente: RAC1 &#8211; ENLACE<a class=\"moretag\" href=\"https:\/\/www.manologarciaycia.com\/?p=1915\" title=\"MG: \u00abEstoy que me toco encima\u00bb\" target=\"_self\" rel=\"follow\"> <font face=arial size=2>[Leer m\u00e1s]<\/font> <\/a><\/p>\n","protected":false},"author":2,"featured_media":0,"comment_status":"closed","ping_status":"closed","sticky":false,"template":"","format":"standard","meta":{"footnotes":""},"categories":[1],"tags":[],"class_list":["post-1915","post","type-post","status-publish","format-standard","hentry","category-manolo-garcia"],"_links":{"self":[{"href":"https:\/\/www.manologarciaycia.com\/index.php?rest_route=\/wp\/v2\/posts\/1915","targetHints":{"allow":["GET"]}}],"collection":[{"href":"https:\/\/www.manologarciaycia.com\/index.php?rest_route=\/wp\/v2\/posts"}],"about":[{"href":"https:\/\/www.manologarciaycia.com\/index.php?rest_route=\/wp\/v2\/types\/post"}],"author":[{"embeddable":true,"href":"https:\/\/www.manologarciaycia.com\/index.php?rest_route=\/wp\/v2\/users\/2"}],"replies":[{"embeddable":true,"href":"https:\/\/www.manologarciaycia.com\/index.php?rest_route=%2Fwp%2Fv2%2Fcomments&post=1915"}],"version-history":[{"count":1,"href":"https:\/\/www.manologarciaycia.com\/index.php?rest_route=\/wp\/v2\/posts\/1915\/revisions"}],"predecessor-version":[{"id":1916,"href":"https:\/\/www.manologarciaycia.com\/index.php?rest_route=\/wp\/v2\/posts\/1915\/revisions\/1916"}],"wp:attachment":[{"href":"https:\/\/www.manologarciaycia.com\/index.php?rest_route=%2Fwp%2Fv2%2Fmedia&parent=1915"}],"wp:term":[{"taxonomy":"category","embeddable":true,"href":"https:\/\/www.manologarciaycia.com\/index.php?rest_route=%2Fwp%2Fv2%2Fcategories&post=1915"},{"taxonomy":"post_tag","embeddable":true,"href":"https:\/\/www.manologarciaycia.com\/index.php?rest_route=%2Fwp%2Fv2%2Ftags&post=1915"}],"curies":[{"name":"wp","href":"https:\/\/api.w.org\/{rel}","templated":true}]}}