{"id":19104,"date":"2004-09-04T11:51:01","date_gmt":"2004-09-04T09:51:01","guid":{"rendered":"https:\/\/www.manologarciaycia.com\/?p=19104"},"modified":"2019-02-05T12:02:52","modified_gmt":"2019-02-05T11:02:52","slug":"mis-canciones-reflejan-como-soy-no-son-autenticas-pero-si-muy-sinceras-manolo-garcia-en-la-vanguardia","status":"publish","type":"post","link":"https:\/\/www.manologarciaycia.com\/?p=19104","title":{"rendered":"\u201cMis canciones reflejan c\u00f3mo soy: no son aut\u00e9nticas pero s\u00ed muy sinceras\u201d Manolo Garc\u00eda en La Vanguardia"},"content":{"rendered":"\n<p>ENTREVISTA a Manolo Garc\u00eda, que publica su disco \u2018Para que no se duerman los sentidos\u2019<\/p>\n\n\n\n<p>Tres a\u00f1os despu\u00e9s de la aparici\u00f3n de Nunca el tiempo es perdido el cantautor barcelon\u00e9s Manolo Garc\u00eda vuelve a la escena con, quiz\u00e1s, su obra musicalmente m\u00e1s redonda, Para que no se duerman los sentidos (Bmg), que se pone a la venta el pr\u00f3ximo martes. Una colecci\u00f3n de quince canciones propias y un tema instrumental escrito por su percusionista Juan Carlos Garc\u00eda. Concebido a lo largo del \u00faltimo a\u00f1o y medio, producido por el propio cantante y grabado en Barcelona, Girona y Brasil, el disco del antiguo vocalista de El \u00daltimo de la Fila cuenta con los m\u00fasicos habituales (J.C. Garc\u00eda, Nacho Lesko, Charly Sard\u00e0, Eric deWit, \u00cd\u00f1igo Goldarazena, Pedro Javier Gonz\u00e1lez) y multitud de colaboradores, desde Javier Mas hasta Mikael Mutti o Angie Bao. El disco (que se vende acompa\u00f1ado de un excelente DVD) se presentar\u00e1 a comienzos de octubre en la almeriense Roquetas de Mar y aterrizar\u00e1 en Barcelona en noviembre.<\/p>\n\n\n\n<p><strong>\u2013Para que no se duerman los sentidos son quince canciones y un temainstrumental. Tambi\u00e9n es\u2026 <\/strong><br> \u2013\u2026Una ingenuidad simple, porque sigo siendo un cantante de pop que se dedica a ello desde hace muchos a\u00f1os, algo as\u00ed como 14 o 15 discos. Y tambi\u00e9n es una especie de reflejo de mi manera de ser: no soy aut\u00e9ntico pero s\u00ed muy sincero. <\/p>\n\n\n\n<p><strong>\u2013Se comenta que es un disco musicalmente m\u00e1s trabajado, m\u00e1s variado y con una idea argumental. \u00bfEs cierto?<br><\/strong> \u2013Todos mis discos, y decir lo contrario ser\u00eda de est\u00fapidos, me los he currado hasta la muerte. Porque cada una de estas cosas redondas es una aventura nueva, y surgen cuando toca. \u00c9ste lo comenc\u00e9 hace m\u00e1s de a\u00f1o y medio y a comienzos de \u00e9ste ya estaba en el estudio con la guitarra y con alguna idea clara. No trabajo a plazo fijo pero todo sali\u00f3 r\u00e1pidamente, y eso se transmite porque suena relajado, no me cost\u00f3 nada.<\/p>\n\n\n\n<p><strong>\u2013Unos cuantos temas, como Ni\u00f1a Candela o S\u00f3lo un poco, se grabaron en Salvador de Bah\u00eda. \u00bfTambi\u00e9n se apunta usted a las modas?<br><\/strong> \u2013No, no. Un d\u00eda comiendo me contaron que all\u00ed hab\u00eda un buen estudio y me fui con mis b\u00e1rtulos; no conoc\u00eda a nadie y ped\u00ed unos m\u00fasicos curtidos para poner en solfa los temas que faltaban. Me imaginaba unos tipos mayorcitos pero aparecieron unos j\u00f3venes que acabaron siendo la bomba; hablo de Gerson Silva, de gente que trabaja con Carlinhos Brown, de Ces\u00e1rio Leony o de Robinson Cunha. Pero creo que consegu\u00ed el objetivo, es decir, que la esencia brasile\u00f1a, esa esencia que te embriaga si no te andas con cuidado, no ocultara mi estilo. <\/p>\n\n\n\n<p><strong>\u2013\u00bfSu estilo ha evolucionado? Siempre se dice que su voz lo determina todo.<\/strong><br> \u2013S\u00ed, eso se dice, pero uno tiene s\u00f3lo una voz. Nac\u00ed en el rock, en elpop, me gusta la ranchera, la copla y, por supuesto, el flamenco. Pero la cuesti\u00f3n importante es que yo no busco la autenticidad de la que antes hablaba en la m\u00fasica, y la voz es un ingrediente de ella, sino en las letras. F\u00edjate en Jorge Drexler; es importante lo que est\u00e1 haciendo. Pero es verdad que, adem\u00e1s, hay una mayor apertura musical.<\/p>\n\n\n\n<p><strong>\u2013Porque se oye su pop aflamencado, pero tambi\u00e9n ritmos programados, boleros, sones morunos\u2026<\/strong><br> \u2013\u2026y a mitad del disco hay unos temas muy ca\u00f1eros, como Ard\u00ed mi memoria, En un estanque de lib\u00e9lulas o Si te vienes conmigo. De hecho quer\u00eda haber hecho dos discos, uno ac\u00fastico y otro de rock desnudo. Era muy caro. Pero no s\u00e9 si musicalmente es mejor o peor, s\u00f3lo he pretendido ni aburrrir ni aburrirme. <br><\/p>\n\n\n\n<p><strong>\u2013En sus letras se le ve con la p\u00f3lvora algo mojada, menos combativo.<\/strong><br> \u2013No es porque me haya hecho mayor o parezca un pesimista resentido, pero con mi peque\u00f1a obra pretendo posicionarme ante un mundo exterior que no me gusta nada porque es muy estramb\u00f3tico. Sigo sin entender por qu\u00e9 a estas alturas la gente prefiere la comida en cadena que una fabada o una morcilla.   <\/p>\n\n\n\n<p><strong>\u2013Usted me dec\u00eda exactamente lo mismo cuando particip\u00f3 en el concierto de Amnist\u00eda Internacional en el Camp Nou, y ya ha llovido.<br><\/strong> \u2013Ya\u2026 pero sigo sinti\u00e9ndome un outsider, y he aprendiendo por la fuerza, por imperativos, sobre la necesidad de la lucha. Todo contra lo que de alguna manera protest\u00e1bamos en El \u00daltimo aquellos d\u00edas sigue en pie, pero ahora aumentado en una proporci\u00f3n geom\u00e9trica. <\/p>\n\n\n\n<p> <strong>\u2013 \u00bfEs un tema recurrente de este disco la insatisfacci\u00f3n cotidiana?<\/strong><br> \u2013Por all\u00ed va la idea. No ya la insatisfacci\u00f3n personal, porque vivo un momento muy gratificante, sino porque cada d\u00eda soporto menos la, con perd\u00f3n, mierda que nos rodea. Es precisamente por eso por lo que necesito seguir encabronado. <\/p>\n\n\n\n<p><strong>\u2013En los \u00faltimos a\u00f1os se ha producido la eclosi\u00f3n de bastantes j\u00f3venes cantautores en Espa\u00f1a. Buena parte de ellos, por actitud, voz o letras parecen hijos esforzados suyos. <br><\/strong> \u2013Se dice eso y eso espec\u00edficamente es una tonter\u00eda. Porque muchos les deber\u00edamos a los Beatles, Bob Dylan o Led Zeppelin nuestra identidad y eso no es as\u00ed. No; la gente crece con lo que ve, escucha y mama y, en esa l\u00ednea, El \u00daltimo de la Fila y en menor medida yo mismo algo hemos pintado en el pop de este pa\u00eds.<\/p>\n\n\n\n<p>Fuente: La Vanguardia &#8211; Esteban Lines &#8211; <a href=\"http:\/\/hemeroteca.lavanguardia.com\/preview\/2004\/09\/30\/pagina-41\/33667918\/pdf.html?search=manolo%20garcia\" target=\"_blank\" rel=\"noreferrer noopener\" aria-label=\"ENLACE (abre en una nueva pesta\u00f1a)\">ENLACE<\/a><\/p>\n","protected":false},"excerpt":{"rendered":"<p>ENTREVISTA a Manolo Garc\u00eda, que publica su disco \u2018Para que no se duerman los sentidos\u2019 Tres a\u00f1os despu\u00e9s de la aparici\u00f3n de Nunca el tiempo es perdido el cantautor barcelon\u00e9s Manolo Garc\u00eda vuelve a la escena con, quiz\u00e1s, su obra musicalmente m\u00e1s redonda, Para que no se duerman los sentidos (Bmg), que se pone a<a class=\"moretag\" href=\"https:\/\/www.manologarciaycia.com\/?p=19104\" title=\"\u201cMis canciones reflejan c\u00f3mo soy: no son aut\u00e9nticas pero s\u00ed muy sinceras\u201d Manolo Garc\u00eda en La Vanguardia\" target=\"_self\" rel=\"follow\"> <font face=arial size=2>[Leer m\u00e1s]<\/font> <\/a><\/p>\n","protected":false},"author":2,"featured_media":19108,"comment_status":"closed","ping_status":"closed","sticky":false,"template":"","format":"standard","meta":{"footnotes":""},"categories":[1],"tags":[],"class_list":["post-19104","post","type-post","status-publish","format-standard","has-post-thumbnail","hentry","category-manolo-garcia"],"_links":{"self":[{"href":"https:\/\/www.manologarciaycia.com\/index.php?rest_route=\/wp\/v2\/posts\/19104","targetHints":{"allow":["GET"]}}],"collection":[{"href":"https:\/\/www.manologarciaycia.com\/index.php?rest_route=\/wp\/v2\/posts"}],"about":[{"href":"https:\/\/www.manologarciaycia.com\/index.php?rest_route=\/wp\/v2\/types\/post"}],"author":[{"embeddable":true,"href":"https:\/\/www.manologarciaycia.com\/index.php?rest_route=\/wp\/v2\/users\/2"}],"replies":[{"embeddable":true,"href":"https:\/\/www.manologarciaycia.com\/index.php?rest_route=%2Fwp%2Fv2%2Fcomments&post=19104"}],"version-history":[{"count":2,"href":"https:\/\/www.manologarciaycia.com\/index.php?rest_route=\/wp\/v2\/posts\/19104\/revisions"}],"predecessor-version":[{"id":19107,"href":"https:\/\/www.manologarciaycia.com\/index.php?rest_route=\/wp\/v2\/posts\/19104\/revisions\/19107"}],"wp:featuredmedia":[{"embeddable":true,"href":"https:\/\/www.manologarciaycia.com\/index.php?rest_route=\/wp\/v2\/media\/19108"}],"wp:attachment":[{"href":"https:\/\/www.manologarciaycia.com\/index.php?rest_route=%2Fwp%2Fv2%2Fmedia&parent=19104"}],"wp:term":[{"taxonomy":"category","embeddable":true,"href":"https:\/\/www.manologarciaycia.com\/index.php?rest_route=%2Fwp%2Fv2%2Fcategories&post=19104"},{"taxonomy":"post_tag","embeddable":true,"href":"https:\/\/www.manologarciaycia.com\/index.php?rest_route=%2Fwp%2Fv2%2Ftags&post=19104"}],"curies":[{"name":"wp","href":"https:\/\/api.w.org\/{rel}","templated":true}]}}