{"id":19093,"date":"2004-08-03T11:25:26","date_gmt":"2004-08-03T09:25:26","guid":{"rendered":"https:\/\/www.manologarciaycia.com\/?p=19093"},"modified":"2019-02-05T11:26:59","modified_gmt":"2019-02-05T10:26:59","slug":"el-sabado-en-dial-tal-cual-manolo-garcia-presentando-disco","status":"publish","type":"post","link":"https:\/\/www.manologarciaycia.com\/?p=19093","title":{"rendered":"El s\u00e1bado en Dial Tal Cual, Manolo Garc\u00eda presentando disco!"},"content":{"rendered":"\n<p>Un s\u00e1bado m\u00e1s a partir de las 9 de la ma\u00f1ana, en\u00a0<em>Dial tal cual<\/em>,\u00a0<strong>Rafa Cano<\/strong>\u00a0repasa para vosotros la m\u00fasica que es actualidad en Cadena Dial, los discos que m\u00e1s venden, los conciertos que se avecinan&#8230;<\/p>\n\n\n\n<p>Invitado:\u00a0<strong>Manolo Garcia<\/strong><\/p>\n\n\n\n<p>Esta semana tenemos en los estudios a&nbsp;<strong>Manolo Garc\u00eda<\/strong>, que presentar\u00e1 para todos los oyentes de&nbsp;<em>Cadena Dial<\/em>&nbsp;su nuevo trabajo,&nbsp;<strong>Para que no se duerman mis sentidos<\/strong>&nbsp;. Ya sabes que puedes hacerle las preguntas que quieras a trav\u00e9s del chat del programa.&nbsp;<\/p>\n\n\n\n<p>Como cada s\u00e1bado te propondremos los candidatos a entrar en la lista de Los 20 de Dial y t\u00fa ser\u00e1s quien nos ayude con tus votos a confeccionar la nueva lista.&nbsp;<\/p>\n\n\n\n<p>Los s\u00e1bados, Dial tal cual con Rafa Cano a partir de las 9 de la ma\u00f1ana.<\/p>\n\n\n\n<p>Fuente: Cadena Dial\n\n<\/p>\n","protected":false},"excerpt":{"rendered":"<p>Un s\u00e1bado m\u00e1s a partir de las 9 de la ma\u00f1ana, en\u00a0Dial tal cual,\u00a0Rafa Cano\u00a0repasa para vosotros la m\u00fasica que es actualidad en Cadena Dial, los discos que m\u00e1s venden, los conciertos que se avecinan&#8230; Invitado:\u00a0Manolo Garcia Esta semana tenemos en los estudios a&nbsp;Manolo Garc\u00eda, que presentar\u00e1 para todos los oyentes de&nbsp;Cadena Dial&nbsp;su nuevo trabajo,&nbsp;Para<a class=\"moretag\" href=\"https:\/\/www.manologarciaycia.com\/?p=19093\" title=\"El s\u00e1bado en Dial Tal Cual, Manolo Garc\u00eda presentando disco!\" target=\"_self\" rel=\"follow\"> <font face=arial size=2>[Leer m\u00e1s]<\/font> <\/a><\/p>\n","protected":false},"author":2,"featured_media":0,"comment_status":"closed","ping_status":"closed","sticky":false,"template":"","format":"standard","meta":{"footnotes":""},"categories":[1],"tags":[],"class_list":["post-19093","post","type-post","status-publish","format-standard","hentry","category-manolo-garcia"],"_links":{"self":[{"href":"https:\/\/www.manologarciaycia.com\/index.php?rest_route=\/wp\/v2\/posts\/19093","targetHints":{"allow":["GET"]}}],"collection":[{"href":"https:\/\/www.manologarciaycia.com\/index.php?rest_route=\/wp\/v2\/posts"}],"about":[{"href":"https:\/\/www.manologarciaycia.com\/index.php?rest_route=\/wp\/v2\/types\/post"}],"author":[{"embeddable":true,"href":"https:\/\/www.manologarciaycia.com\/index.php?rest_route=\/wp\/v2\/users\/2"}],"replies":[{"embeddable":true,"href":"https:\/\/www.manologarciaycia.com\/index.php?rest_route=%2Fwp%2Fv2%2Fcomments&post=19093"}],"version-history":[{"count":1,"href":"https:\/\/www.manologarciaycia.com\/index.php?rest_route=\/wp\/v2\/posts\/19093\/revisions"}],"predecessor-version":[{"id":19094,"href":"https:\/\/www.manologarciaycia.com\/index.php?rest_route=\/wp\/v2\/posts\/19093\/revisions\/19094"}],"wp:attachment":[{"href":"https:\/\/www.manologarciaycia.com\/index.php?rest_route=%2Fwp%2Fv2%2Fmedia&parent=19093"}],"wp:term":[{"taxonomy":"category","embeddable":true,"href":"https:\/\/www.manologarciaycia.com\/index.php?rest_route=%2Fwp%2Fv2%2Fcategories&post=19093"},{"taxonomy":"post_tag","embeddable":true,"href":"https:\/\/www.manologarciaycia.com\/index.php?rest_route=%2Fwp%2Fv2%2Ftags&post=19093"}],"curies":[{"name":"wp","href":"https:\/\/api.w.org\/{rel}","templated":true}]}}