{"id":19084,"date":"2004-08-24T11:06:00","date_gmt":"2004-08-24T09:06:00","guid":{"rendered":"https:\/\/www.manologarciaycia.com\/?p=19084"},"modified":"2019-02-05T11:09:49","modified_gmt":"2019-02-05T10:09:49","slug":"una-muestra-del-nuevo-disco-de-quimi-portet-la-terra-es-plana","status":"publish","type":"post","link":"https:\/\/www.manologarciaycia.com\/?p=19084","title":{"rendered":"UNA MUESTRA DEL NUEVO DISCO DE QUIMI PORTET, &#8216;LA TERRA ES PLANA&#8217;"},"content":{"rendered":"\n<p>El diario&nbsp;<em>Avui<\/em>&nbsp;y&nbsp;<em>VilaWeb<\/em>&nbsp;adelantan una muestra del nuevo disco de&nbsp;<strong>Quimi Portet<\/strong>. El pr\u00f3ximo 20 de Septiembre saldr\u00e1 a la calle el nuevo trabajo, pero por el momento, os invitamos a ver cuatro clips caseros. Portet tambi\u00e9n ha puesto a la venta el single &#8216;Rius de Babylon&#8217;, que ya esta en tiendas.&nbsp;<\/p>\n\n\n\n<p>&#8216;La Terra es plana&#8217; es el quinto disco de Quimi Portet en solitario en el que ofrece veinte temas in\u00e9ditos, que no dejan de lado el particular universo ir\u00f3nico cultivado en cantidad suficiente desde que rompi\u00f3 la relaci\u00f3n con&nbsp;<strong>Manolo Garc\u00eda<\/strong>&nbsp;en&nbsp;<strong>El \u00daltimo de la Fila<\/strong>, ahora ya hace seis a\u00f1os. Lejos del inici\u00e1tico&nbsp;<strong>&#8216;Persones extranyes&#8217;<\/strong>(1987) y m\u00e1s comparable a&nbsp;<strong>&#8216;Hoquei sobre pedres&#8217;<\/strong>&nbsp;(1997),&nbsp;<strong>&#8216;Can\u00e7oner electromagn\u00e8tic&#8217;<\/strong>&nbsp;(1999) y&nbsp;<strong>&#8216;Acad\u00e8mia dels somnis&#8217;<\/strong>&nbsp;(2000), el nuevo disco presenta una esmerada producci\u00f3n poco cargada de efectismos en que&nbsp;<strong>Portet<\/strong>&nbsp;deja entrever un punto melanc\u00f3lico en la m\u00fasica m\u00e1s all\u00e1 del humor que imprime en las letras.&nbsp;<\/p>\n\n\n\n<p><strong>Quimi Portet<\/strong>&nbsp;ha dedicado muchos esfuerzos a la parte literaria del trabajo, pero dando a la vez peso al que \u00e9l denomina reverencia por el sonido. El m\u00e1s claro de estos elementos es el primer single, a la venta desde el mes de junio, que incluye dos temas,&nbsp;<strong>&#8216;Rius de Babylon&#8217;<\/strong>, la versi\u00f3n en catal\u00e1n del cl\u00e1sico de&nbsp;<em>Boney M<\/em>&nbsp;con la colaboraci\u00f3n de&nbsp;<em>Albert Pla<\/em>, y&nbsp;<strong>&#8216;Francesc Pujols&#8217;<\/strong>, un homenaje de&nbsp;<strong>Portet<\/strong>&nbsp;a uno de sus referentes vitales, el fil\u00f3sofo que asegur\u00f3 que los catalanes yendo por el mundo lo tendr\u00edan todo pagado.&nbsp;<\/p>\n\n\n\n<p>Para el segundo single, que saldr\u00e1 en paralelo al disco, las canciones escogidas son&nbsp;<strong>&#8216;La Terra \u00e9s plana&#8217;<\/strong>&nbsp;y&nbsp;<strong>&#8216;\u00c0frica 11 de la tarda&#8217;<\/strong>.&nbsp;<\/p>\n\n\n\n<p><strong>Adelanto Audiovisual<\/strong><\/p>\n\n\n\n<p>Los cuatro clips que os ofrecemos han sido elaborados por&nbsp;<strong>Quimi Portet<\/strong>&nbsp;en su casa, con la participaci\u00f3n de varios amigos.&nbsp;<em>&#8216;A m\u00ed los clips no me gustan, salvo algunas excepciones como los que realizan Coppola o Spike Jones, porque suelen hacerse de buena fe, pero el resultado cae en una ortodoxia aburrida&#8217;<\/em>, asegura&nbsp;<strong>Portet<\/strong>. Por esto la intenci\u00f3n de los v\u00eddeos es la de hacer una interpretaci\u00f3n en el mismo tono en qu\u00e9 se graba. Y es que&nbsp;<strong>Portet<\/strong>&nbsp;cu\u00e1ndo era peque\u00f1o quer\u00eda ser&nbsp;<em>m\u00fasico, y no actor de videoclip<\/em>, ha dicho&nbsp;<strong>Portet<\/strong>.&nbsp;<\/p>\n\n\n\n<p><strong>Regreso a los escenarios<\/strong><\/p>\n\n\n\n<p>En oto\u00f1o,\u00a0<strong>Quimi Portet<\/strong>\u00a0tiene previsto volver a los escenarios, tras cinco a\u00f1os. El estreno absoluto ser\u00e1 en la capital de Osona, por partida doble, los pr\u00f3ximos 14 y 15 de octubre, si bien antes, el 16 de septiembre, ya se har\u00e1 una presentaci\u00f3n reducida del disco para periodistas y amigos en el\u00a0<em>Casino de Vic<\/em>. La intenci\u00f3n de\u00a0<strong>Portet<\/strong>\u00a0en los diecisiete conciertos programados es ofrecer un espect\u00e1culo en recintos de aforo mediano, entre los cuales destacan las fechas confirmadas de:\u00a0<\/p>\n\n\n\n<p><em>Lleida<\/em>, el 22 de octubre<br><em>Terrassa<\/em>, el 30 de octubre<br><em>Reus<\/em>, el 6 de noviembre<br><em>l?Hospitalet de Llobregat<\/em>, el 12 de noviembre<br><em>Tarragona<\/em>, el 19 de noviembre<br><em>Manresa<\/em>\u00a0el 26 de noviembre<br><em>Barcelona<\/em>, 2 de diciembre<\/p>\n\n\n\n<p>La gira, buena parte de la cual est\u00e1 atada al circuito&nbsp;<strong>Ressons<\/strong>, se acabar\u00e1 el 16 de diciembre en&nbsp;<em>Sabadell<\/em>. Uno de los conciertos m\u00e1s esperados, el de&nbsp;<em>Barcelona<\/em>, se har\u00e1 a el&nbsp;<strong>Espai<\/strong>, d\u00f3nde&nbsp;<strong>Portet<\/strong>&nbsp;casi coincidir\u00e1 en el lugar y el tiempo con el final de la \u00faltima gira que hizo el 1999 con tres conciertos de&nbsp;<strong>&#8216;Can\u00e7oner electromagn\u00e8tic&#8217;<\/strong>.&nbsp;<\/p>\n\n\n\n<p>En&nbsp;<strong>VilaWeb<\/strong>&nbsp;os adelantamos los cuatro clips que a partir del mes de septiembre estar\u00e1n disponibles en la renovada web oficial del m\u00fasico. Tambi\u00e9n los podeis ver en la web de M\u00fasica Global.<\/p>\n\n\n\n<p><strong>Videos<\/strong>&nbsp;(debeis tener el RealPlayer One de www.real.com)<\/p>\n\n\n\n<p><a href=\"http:\/\/www.vilaweb.com:8008\/httpfs\/quimiportet\/quimi_babylon.mov\">Rius de Babylon<\/a><\/p>\n\n\n\n<p><a href=\"http:\/\/www.vilaweb.com:8008\/httpfs\/quimiportet\/quimi_francesc_pujols.mov\">Francesc Pujols, pas-doble surrealista<\/a><\/p>\n\n\n\n<p><a href=\"http:\/\/www.vilaweb.com:8008\/httpfs\/quimiportet\/quimi_la_terra.mov\">La Terra es plana<\/a><\/p>\n\n\n\n<p><a href=\"http:\/\/www.vilaweb.com:8008\/httpfs\/quimiportet\/quimi_africa1.mov\">Africa 11 de la tarda<\/a><br><\/p>\n","protected":false},"excerpt":{"rendered":"<p>El diario&nbsp;Avui&nbsp;y&nbsp;VilaWeb&nbsp;adelantan una muestra del nuevo disco de&nbsp;Quimi Portet. El pr\u00f3ximo 20 de Septiembre saldr\u00e1 a la calle el nuevo trabajo, pero por el momento, os invitamos a ver cuatro clips caseros. Portet tambi\u00e9n ha puesto a la venta el single &#8216;Rius de Babylon&#8217;, que ya esta en tiendas.&nbsp; &#8216;La Terra es plana&#8217; es el<a class=\"moretag\" href=\"https:\/\/www.manologarciaycia.com\/?p=19084\" title=\"UNA MUESTRA DEL NUEVO DISCO DE QUIMI PORTET, &#8216;LA TERRA ES PLANA&#8217;\" target=\"_self\" rel=\"follow\"> <font face=arial size=2>[Leer m\u00e1s]<\/font> <\/a><\/p>\n","protected":false},"author":2,"featured_media":0,"comment_status":"closed","ping_status":"closed","sticky":false,"template":"","format":"standard","meta":{"footnotes":""},"categories":[9],"tags":[],"class_list":["post-19084","post","type-post","status-publish","format-standard","hentry","category-qumi-portet"],"_links":{"self":[{"href":"https:\/\/www.manologarciaycia.com\/index.php?rest_route=\/wp\/v2\/posts\/19084","targetHints":{"allow":["GET"]}}],"collection":[{"href":"https:\/\/www.manologarciaycia.com\/index.php?rest_route=\/wp\/v2\/posts"}],"about":[{"href":"https:\/\/www.manologarciaycia.com\/index.php?rest_route=\/wp\/v2\/types\/post"}],"author":[{"embeddable":true,"href":"https:\/\/www.manologarciaycia.com\/index.php?rest_route=\/wp\/v2\/users\/2"}],"replies":[{"embeddable":true,"href":"https:\/\/www.manologarciaycia.com\/index.php?rest_route=%2Fwp%2Fv2%2Fcomments&post=19084"}],"version-history":[{"count":1,"href":"https:\/\/www.manologarciaycia.com\/index.php?rest_route=\/wp\/v2\/posts\/19084\/revisions"}],"predecessor-version":[{"id":19085,"href":"https:\/\/www.manologarciaycia.com\/index.php?rest_route=\/wp\/v2\/posts\/19084\/revisions\/19085"}],"wp:attachment":[{"href":"https:\/\/www.manologarciaycia.com\/index.php?rest_route=%2Fwp%2Fv2%2Fmedia&parent=19084"}],"wp:term":[{"taxonomy":"category","embeddable":true,"href":"https:\/\/www.manologarciaycia.com\/index.php?rest_route=%2Fwp%2Fv2%2Fcategories&post=19084"},{"taxonomy":"post_tag","embeddable":true,"href":"https:\/\/www.manologarciaycia.com\/index.php?rest_route=%2Fwp%2Fv2%2Ftags&post=19084"}],"curies":[{"name":"wp","href":"https:\/\/api.w.org\/{rel}","templated":true}]}}