{"id":19082,"date":"2004-08-23T11:04:23","date_gmt":"2004-08-23T09:04:23","guid":{"rendered":"https:\/\/www.manologarciaycia.com\/?p=19082"},"modified":"2019-02-05T11:11:50","modified_gmt":"2019-02-05T10:11:50","slug":"carmen-en-directo-el-sabado-28-de-agosto-en-lloret-de-mar","status":"publish","type":"post","link":"https:\/\/www.manologarciaycia.com\/?p=19082","title":{"rendered":"Carmen en directo el S\u00e1bado 28 de Agosto en Lloret de Mar"},"content":{"rendered":"\n<p>\n\nA las 23 horas, enmarcado en el Escenario Joven de las fiestas de \u00abEl Moli-Mas Vil\u00e0-Can Ribalaigua\u00bb, actuar\u00e1&nbsp;<strong>Carmen<\/strong>&nbsp;compartiendo escenario&nbsp;<em>Juli\u00e1n Eusebio y Snoorfy<\/em>, grupo de pop con tres discos en el mercado que abrir\u00e1 el evento, seguido de la actuaci\u00f3n de la propia&nbsp;<strong>Carmen<\/strong><\/p>\n\n\n\n<p>Como colof\u00f3n&nbsp;<em>Uso Frecuente<\/em>, grupo de rock afincado en la Costa Brava (si ten\u00e9is oportunidad mirad su web hay un videoclip divertid\u00edsimo www.usofrecuente.com)<\/p>\n\n\n\n<p><\/p>\n","protected":false},"excerpt":{"rendered":"<p>A las 23 horas, enmarcado en el Escenario Joven de las fiestas de \u00abEl Moli-Mas Vil\u00e0-Can Ribalaigua\u00bb, actuar\u00e1&nbsp;Carmen&nbsp;compartiendo escenario&nbsp;Juli\u00e1n Eusebio y Snoorfy, grupo de pop con tres discos en el mercado que abrir\u00e1 el evento, seguido de la actuaci\u00f3n de la propia&nbsp;Carmen Como colof\u00f3n&nbsp;Uso Frecuente, grupo de rock afincado en la Costa Brava (si ten\u00e9is<a class=\"moretag\" href=\"https:\/\/www.manologarciaycia.com\/?p=19082\" title=\"Carmen en directo el S\u00e1bado 28 de Agosto en Lloret de Mar\" target=\"_self\" rel=\"follow\"> <font face=arial size=2>[Leer m\u00e1s]<\/font> <\/a><\/p>\n","protected":false},"author":2,"featured_media":0,"comment_status":"closed","ping_status":"closed","sticky":false,"template":"","format":"standard","meta":{"footnotes":""},"categories":[24],"tags":[],"class_list":["post-19082","post","type-post","status-publish","format-standard","hentry","category-carmen-garcia"],"_links":{"self":[{"href":"https:\/\/www.manologarciaycia.com\/index.php?rest_route=\/wp\/v2\/posts\/19082","targetHints":{"allow":["GET"]}}],"collection":[{"href":"https:\/\/www.manologarciaycia.com\/index.php?rest_route=\/wp\/v2\/posts"}],"about":[{"href":"https:\/\/www.manologarciaycia.com\/index.php?rest_route=\/wp\/v2\/types\/post"}],"author":[{"embeddable":true,"href":"https:\/\/www.manologarciaycia.com\/index.php?rest_route=\/wp\/v2\/users\/2"}],"replies":[{"embeddable":true,"href":"https:\/\/www.manologarciaycia.com\/index.php?rest_route=%2Fwp%2Fv2%2Fcomments&post=19082"}],"version-history":[{"count":1,"href":"https:\/\/www.manologarciaycia.com\/index.php?rest_route=\/wp\/v2\/posts\/19082\/revisions"}],"predecessor-version":[{"id":19083,"href":"https:\/\/www.manologarciaycia.com\/index.php?rest_route=\/wp\/v2\/posts\/19082\/revisions\/19083"}],"wp:attachment":[{"href":"https:\/\/www.manologarciaycia.com\/index.php?rest_route=%2Fwp%2Fv2%2Fmedia&parent=19082"}],"wp:term":[{"taxonomy":"category","embeddable":true,"href":"https:\/\/www.manologarciaycia.com\/index.php?rest_route=%2Fwp%2Fv2%2Fcategories&post=19082"},{"taxonomy":"post_tag","embeddable":true,"href":"https:\/\/www.manologarciaycia.com\/index.php?rest_route=%2Fwp%2Fv2%2Ftags&post=19082"}],"curies":[{"name":"wp","href":"https:\/\/api.w.org\/{rel}","templated":true}]}}