{"id":19078,"date":"2004-08-18T11:04:45","date_gmt":"2004-08-18T09:04:45","guid":{"rendered":"https:\/\/www.manologarciaycia.com\/?p=19078"},"modified":"2019-02-04T12:40:24","modified_gmt":"2019-02-04T11:40:24","slug":"lluis-llach-josep-tero-manolo-garcia-y-gerard-quintana-en-salvem-lemporda","status":"publish","type":"post","link":"https:\/\/www.manologarciaycia.com\/?p=19078","title":{"rendered":"Llu\u00eds Llach, Josep Tero, Manolo Garc\u00eda y Gerard Quintana en &#8216;Salvem l&#8217;Empord\u00e0\u2019"},"content":{"rendered":"\n<p>Los artistas Llu\u00eds Llach, Josep Tero,&nbsp;<strong>Manolo Garc\u00eda<\/strong>&nbsp;y Gerard Quintana actuaran el pr\u00f3ximo 4 de septiembre en el Teatre Jard\u00ed de Figueres.<br><\/p>\n\n\n\n<p>El concierto tiene como objetivo recaudar fondos para la plataforma ecologista&nbsp;<em>Salvem l&#8217;Empord\u00e0<\/em>. Desde el nacimiento de&nbsp;<em>Salvem l&#8217;Empord\u00e0<\/em>, en junio de 2002, en numerosas ocasiones se han realizado actos y conciertos para ayudar y solidarizarse con los objetivos de la Plataforma.&nbsp;<br> <br> Los artistas actuaran de forma desinteresada para solidarizarse con la causa de&nbsp;<em>Salvem l&#8217;Empord?<\/em>&nbsp;y conseguir fondos para su financiamiento.<br> <br> As\u00ed, los beneficios que se obtengan del concierto estar\u00e1n \u00edntegramente destinados a los gastos de la campa\u00f1a de la Plataforma C\u00edvica&nbsp;<em>Salvem l&#8217;Empord\u00e0<\/em>. Los cuatro int\u00e9rpretes ir\u00e1n acompa\u00f1ados de sus m\u00fasicos y har\u00e1n un concierto de dos horas.&nbsp;<br> <br> Las entradas anticipadas, que se pueden comprar en diferentes establecimientos de Figueres, la Bisbal, Roses, Llan\u00e7\u00e0 y Girona, cuestan 15 euros, y 17 a la taquilla.<br> <br> Mas informaci\u00f3n:&nbsp;<br> El s\u00e1bado 4 de septiembre, en el Teatre El Jard\u00ed de Figueres, la plataforma ecologista Salvem l\u2019Empord\u00e0 organiza un nuevo concierto para conseguir dineros para su financiamiento.&nbsp;<br> <br> Josep Tero, Gerard Quintana, Llu\u00eds Llach y&nbsp;<strong>Manolo Garc\u00eda<\/strong>, son los cantantes que actuaran en el segundo concierto que organiza Salvem l\u2019Empord\u00e0 con el objetivo de recaudar fondos para sus actividades, y a la vez sensibilizar y motivar a la gente para que ponga inter\u00e9s en los temas de defensa del patrimonio natural de la comarca. En medio de cada actuaci\u00f3n, los miembros de la plataforma leer\u00e1n manifiestos referentes a algunos de los problemas que todav\u00eda quedan por resolver en la comarca.<br> <br> Para intentar cubrir los gastos que supone el alquiler del equipo de sonido, se sacaran a la venta una serie de entradas numeradas correspondientes a las cinco primeras filas, al precio de 100, 80, 70 euros respectivamente. El resto de entradas se podr\u00e1n adquirir por 15 euros, o 17 euros en la taquilla.&nbsp;<br> <br> Los artistas participantes act\u00faan de forma desinteresada y en el caso de&nbsp;<strong>Manolo Garcia<\/strong>&nbsp;pudiera ser que presente alg\u00fan tema de su nuevo disco que presentar\u00e1 el 6 de septiembre. Venta anticipada: Figueres (Discos Causa, Casal La Volta), Girona (Partisano Disc, La M\u00e0quia), Olot (Discbauxa, Terra Aspra), Roses (L\u2019hort d\u2019en Minguets), Llan\u00e7\u00e0 (Bar Carajillo), Selva de Mar (Centre Cultural), la Jonquera (Caf\u00e9 la Uni\u00f3 Jonquerenca), Banyoles (Estel Roig), Perpiny\u00e0 (Lolita disques), l&#8217;Escala (Caf\u00e9 Dellarte), Castell\u00f3 d\u2019Emp\u00faries (Punt d\u2019Informaci\u00f3 Juvenil), Palau-Saverdera (Les Lloses), la Bisbal.<\/p>\n\n\n\n<p>Fuente: Catalunya Informaci\u00f3<\/p>\n","protected":false},"excerpt":{"rendered":"<p>Los artistas Llu\u00eds Llach, Josep Tero,&nbsp;Manolo Garc\u00eda&nbsp;y Gerard Quintana actuaran el pr\u00f3ximo 4 de septiembre en el Teatre Jard\u00ed de Figueres. El concierto tiene como objetivo recaudar fondos para la plataforma ecologista&nbsp;Salvem l&#8217;Empord\u00e0. Desde el nacimiento de&nbsp;Salvem l&#8217;Empord\u00e0, en junio de 2002, en numerosas ocasiones se han realizado actos y conciertos para ayudar y solidarizarse<a class=\"moretag\" href=\"https:\/\/www.manologarciaycia.com\/?p=19078\" title=\"Llu\u00eds Llach, Josep Tero, Manolo Garc\u00eda y Gerard Quintana en &#8216;Salvem l&#8217;Empord\u00e0\u2019\" target=\"_self\" rel=\"follow\"> <font face=arial size=2>[Leer m\u00e1s]<\/font> <\/a><\/p>\n","protected":false},"author":2,"featured_media":19080,"comment_status":"closed","ping_status":"closed","sticky":false,"template":"","format":"standard","meta":{"footnotes":""},"categories":[1],"tags":[],"class_list":["post-19078","post","type-post","status-publish","format-standard","has-post-thumbnail","hentry","category-manolo-garcia"],"_links":{"self":[{"href":"https:\/\/www.manologarciaycia.com\/index.php?rest_route=\/wp\/v2\/posts\/19078","targetHints":{"allow":["GET"]}}],"collection":[{"href":"https:\/\/www.manologarciaycia.com\/index.php?rest_route=\/wp\/v2\/posts"}],"about":[{"href":"https:\/\/www.manologarciaycia.com\/index.php?rest_route=\/wp\/v2\/types\/post"}],"author":[{"embeddable":true,"href":"https:\/\/www.manologarciaycia.com\/index.php?rest_route=\/wp\/v2\/users\/2"}],"replies":[{"embeddable":true,"href":"https:\/\/www.manologarciaycia.com\/index.php?rest_route=%2Fwp%2Fv2%2Fcomments&post=19078"}],"version-history":[{"count":2,"href":"https:\/\/www.manologarciaycia.com\/index.php?rest_route=\/wp\/v2\/posts\/19078\/revisions"}],"predecessor-version":[{"id":19081,"href":"https:\/\/www.manologarciaycia.com\/index.php?rest_route=\/wp\/v2\/posts\/19078\/revisions\/19081"}],"wp:featuredmedia":[{"embeddable":true,"href":"https:\/\/www.manologarciaycia.com\/index.php?rest_route=\/wp\/v2\/media\/19080"}],"wp:attachment":[{"href":"https:\/\/www.manologarciaycia.com\/index.php?rest_route=%2Fwp%2Fv2%2Fmedia&parent=19078"}],"wp:term":[{"taxonomy":"category","embeddable":true,"href":"https:\/\/www.manologarciaycia.com\/index.php?rest_route=%2Fwp%2Fv2%2Fcategories&post=19078"},{"taxonomy":"post_tag","embeddable":true,"href":"https:\/\/www.manologarciaycia.com\/index.php?rest_route=%2Fwp%2Fv2%2Ftags&post=19078"}],"curies":[{"name":"wp","href":"https:\/\/api.w.org\/{rel}","templated":true}]}}