{"id":18886,"date":"2018-12-27T17:20:59","date_gmt":"2018-12-27T16:20:59","guid":{"rendered":"https:\/\/www.manologarciaycia.com\/?p=18886"},"modified":"2018-12-27T17:21:04","modified_gmt":"2018-12-27T16:21:04","slug":"manolo-garcia-por-que-no-puedo-ir-a-todas-las-ciudades-que-quisiera","status":"publish","type":"post","link":"https:\/\/www.manologarciaycia.com\/?p=18886","title":{"rendered":"Manolo Garc\u00eda: \u00abPor qu\u00e9 no puedo ir a todas las ciudades que quisiera\u00bb"},"content":{"rendered":"\n<p class=\"wp-block-paragraph\">En el mundo hay muchas clases de m\u00fasicos y de m\u00fasicas. Cada cual elige su camino y el p\u00fablico decide sus gustos. Hay m\u00fasicas pretendidamente para \u00e9lites y m\u00fasicas para el pueblo llano. Diferentes propuestas para diferentes situaciones vitales, sociales, etc\u2026 Yo, personalmente, hago m\u00fasica popular. El lugar donde nac\u00ed y mis or\u00edgenes me marcaron indeleblemente. Nac\u00ed en un barrio obrero y mis padres eran emigrados desde un campo pobre, a expensas de la mejor o peor conciencia de unos, por aquel entonces, llamados \u201cse\u00f1oritos\u201d. Esa conciencia de clase, mejor o peor entendida, ha marcado mis pasos y supongo que ya es para siempre en mi caminar musical. De muy joven empec\u00e9 a aficionarme por los grupos de m\u00fasica de peludos, hippies, disidentes y alternativos de la \u00e9poca. A mi manera yo estoy ah\u00ed y tomo mis decisiones respecto a ese sentimiento. Pienso en la gente. Y soy sincero. Cada gira, cada paso que doy para ponerme frente a personas aficionadas a la m\u00fasica pop o pop-rock, me lo pienso mucho. Me pongo en su lugar. He vivido siempre a pie de calle. S\u00e9 lo que cuesta el precio de las entradas porque yo tambi\u00e9n he ido a muchos conciertos y lo que he pagado lo he sacado del esfuerzo de mi trabajo siempre. Soy consciente de lo que cuesta llegar a final de mes a muchas personas en nuestro pretendidamente perfecto Occidente. Y a\u00fan gracias, en otros mundos la cosa no va por estos derroteros; hay otras necesidades y situaciones terribles.<\/p>\n\n\n\n<p class=\"wp-block-paragraph\">Desde tiempos de El \u00daltimo de la Fila ya sent\u00eda que era correcto, y a mi entender necesario, tocar en todas las capitales de provincia posibles y velar para el precio de las entradas fuera lo m\u00e1s asequible posible, tratando con correcci\u00f3n, en todos los sentidos, a los equipos humanos que nos acompa\u00f1aban. Sigo en esas, no voy a cambiar. Me gustar\u00eda ir a tocar a todas las ciudades posibles; acudir, cual vendedor de biblias, puerta a puerta a tocar para todo el mundo que quiera o\u00edrme y que quiz\u00e1s no tenga los medios econ\u00f3micos para poder desplazarse a conciertos a otras ciudades m\u00e1s grandes. Cuando no es as\u00ed, os prometo que lo he intentado. Claro que quisiera ir a Ibiza, a Menorca, a Lugo, a Orense o a Pontevedra. Ojal\u00e1 pudiera. Pero tambi\u00e9n me gusta que el concierto sea todo lo mejor que puedo ofrecer y llevar un gran equipo de m\u00fasicos, t\u00e9cnicos y equipos de sonido y luces de gran calidad, en aforos todav\u00eda m\u00e1s peque\u00f1os obligar\u00eda a poner unos precios de entradas muy altos con los que no me sentir\u00eda en absoluto c\u00f3modo. Llamadme tonto. Pero amigos, el que hace lo que puede no est\u00e1 obligado a m\u00e1s.<\/p>\n\n\n\n<p class=\"wp-block-paragraph\">Y poco m\u00e1s, felices d\u00edas para todos. Salud y ecolog\u00eda.<\/p>\n\n\n\n<p class=\"wp-block-paragraph\">Manolo Garc\u00eda<\/p>\n\n\n\n<p class=\"wp-block-paragraph\">Fuente: Web Sony Manolo Garc\u00eda &#8211; <a href=\"https:\/\/www.manolo-garcia.com\/2018\/12\/27\/por-que-no-puedo-ir-a-todas-las-ciudades-que-quisiera\/\" target=\"_blank\" rel=\"noreferrer noopener\" aria-label=\"ENLACE (abre en una nueva pesta\u00f1a)\">ENLACE<\/a><\/p>\n","protected":false},"excerpt":{"rendered":"<p>En el mundo hay muchas clases de m\u00fasicos y de m\u00fasicas. Cada cual elige su camino y el p\u00fablico decide sus gustos. Hay m\u00fasicas pretendidamente para \u00e9lites y m\u00fasicas para el pueblo llano. Diferentes propuestas para diferentes situaciones vitales, sociales, etc\u2026 Yo, personalmente, hago m\u00fasica popular. El lugar donde nac\u00ed y mis or\u00edgenes me marcaron<a class=\"moretag\" href=\"https:\/\/www.manologarciaycia.com\/?p=18886\" title=\"Manolo Garc\u00eda: \u00abPor qu\u00e9 no puedo ir a todas las ciudades que quisiera\u00bb\" target=\"_self\" rel=\"follow\"> <font face=arial size=2>[Leer m\u00e1s]<\/font> <\/a><\/p>\n","protected":false},"author":2,"featured_media":0,"comment_status":"closed","ping_status":"closed","sticky":false,"template":"","format":"standard","meta":{"footnotes":""},"categories":[1],"tags":[],"class_list":["post-18886","post","type-post","status-publish","format-standard","hentry","category-manolo-garcia"],"_links":{"self":[{"href":"https:\/\/www.manologarciaycia.com\/index.php?rest_route=\/wp\/v2\/posts\/18886","targetHints":{"allow":["GET"]}}],"collection":[{"href":"https:\/\/www.manologarciaycia.com\/index.php?rest_route=\/wp\/v2\/posts"}],"about":[{"href":"https:\/\/www.manologarciaycia.com\/index.php?rest_route=\/wp\/v2\/types\/post"}],"author":[{"embeddable":true,"href":"https:\/\/www.manologarciaycia.com\/index.php?rest_route=\/wp\/v2\/users\/2"}],"replies":[{"embeddable":true,"href":"https:\/\/www.manologarciaycia.com\/index.php?rest_route=%2Fwp%2Fv2%2Fcomments&post=18886"}],"version-history":[{"count":1,"href":"https:\/\/www.manologarciaycia.com\/index.php?rest_route=\/wp\/v2\/posts\/18886\/revisions"}],"predecessor-version":[{"id":18887,"href":"https:\/\/www.manologarciaycia.com\/index.php?rest_route=\/wp\/v2\/posts\/18886\/revisions\/18887"}],"wp:attachment":[{"href":"https:\/\/www.manologarciaycia.com\/index.php?rest_route=%2Fwp%2Fv2%2Fmedia&parent=18886"}],"wp:term":[{"taxonomy":"category","embeddable":true,"href":"https:\/\/www.manologarciaycia.com\/index.php?rest_route=%2Fwp%2Fv2%2Fcategories&post=18886"},{"taxonomy":"post_tag","embeddable":true,"href":"https:\/\/www.manologarciaycia.com\/index.php?rest_route=%2Fwp%2Fv2%2Ftags&post=18886"}],"curies":[{"name":"wp","href":"https:\/\/api.w.org\/{rel}","templated":true}]}}