{"id":18883,"date":"2018-12-27T09:42:22","date_gmt":"2018-12-27T08:42:22","guid":{"rendered":"https:\/\/www.manologarciaycia.com\/?p=18883"},"modified":"2018-12-27T09:44:01","modified_gmt":"2018-12-27T08:44:01","slug":"manolo-garcia-y-ana-belen-insurreccion","status":"publish","type":"post","link":"https:\/\/www.manologarciaycia.com\/?p=18883","title":{"rendered":"Manolo Garc\u00eda y Ana Bel\u00e9n: Insurrecci\u00f3n"},"content":{"rendered":"\n<p class=\"wp-block-paragraph\">\n\nActuaci\u00f3n en el programa Noches de Encuentros de TVE emitido el 26\/12\/2018. Manolo Garc\u00eda y Ana Belen cantan Insurrecci\u00f3n.\n\n<\/p>\n\n\n\n<p class=\"wp-block-paragraph\">Os recomendamos ver el programa completo: <a rel=\"noreferrer noopener\" aria-label=\"http:\/\/www.rtve.es\/m\/alacarta\/videos\/especiales-navidad\/noche-encuentros\/4913059\/?media=tve (abre en una nueva pesta\u00f1a)\" href=\"http:\/\/www.rtve.es\/m\/alacarta\/videos\/especiales-navidad\/noche-encuentros\/4913059\/?media=tve\" target=\"_blank\">http:\/\/www.rtve.es\/m\/alacarta\/videos\/especiales-navidad\/noche-encuentros\/4913059\/?media=tve<\/a><\/p>\n","protected":false},"excerpt":{"rendered":"<p>Actuaci\u00f3n en el programa Noches de Encuentros de TVE emitido el 26\/12\/2018. Manolo Garc\u00eda y Ana Belen cantan Insurrecci\u00f3n. Os recomendamos ver el programa completo: http:\/\/www.rtve.es\/m\/alacarta\/videos\/especiales-navidad\/noche-encuentros\/4913059\/?media=tve<a class=\"moretag\" href=\"https:\/\/www.manologarciaycia.com\/?p=18883\" title=\"Manolo Garc\u00eda y Ana Bel\u00e9n: Insurrecci\u00f3n\" target=\"_self\" rel=\"follow\"> <font face=arial size=2>[Leer m\u00e1s]<\/font> <\/a><\/p>\n","protected":false},"author":2,"featured_media":0,"comment_status":"closed","ping_status":"closed","sticky":false,"template":"","format":"video","meta":{"footnotes":""},"categories":[1],"tags":[],"class_list":["post-18883","post","type-post","status-publish","format-video","hentry","category-manolo-garcia","post_format-post-format-video"],"_links":{"self":[{"href":"https:\/\/www.manologarciaycia.com\/index.php?rest_route=\/wp\/v2\/posts\/18883","targetHints":{"allow":["GET"]}}],"collection":[{"href":"https:\/\/www.manologarciaycia.com\/index.php?rest_route=\/wp\/v2\/posts"}],"about":[{"href":"https:\/\/www.manologarciaycia.com\/index.php?rest_route=\/wp\/v2\/types\/post"}],"author":[{"embeddable":true,"href":"https:\/\/www.manologarciaycia.com\/index.php?rest_route=\/wp\/v2\/users\/2"}],"replies":[{"embeddable":true,"href":"https:\/\/www.manologarciaycia.com\/index.php?rest_route=%2Fwp%2Fv2%2Fcomments&post=18883"}],"version-history":[{"count":1,"href":"https:\/\/www.manologarciaycia.com\/index.php?rest_route=\/wp\/v2\/posts\/18883\/revisions"}],"predecessor-version":[{"id":18884,"href":"https:\/\/www.manologarciaycia.com\/index.php?rest_route=\/wp\/v2\/posts\/18883\/revisions\/18884"}],"wp:attachment":[{"href":"https:\/\/www.manologarciaycia.com\/index.php?rest_route=%2Fwp%2Fv2%2Fmedia&parent=18883"}],"wp:term":[{"taxonomy":"category","embeddable":true,"href":"https:\/\/www.manologarciaycia.com\/index.php?rest_route=%2Fwp%2Fv2%2Fcategories&post=18883"},{"taxonomy":"post_tag","embeddable":true,"href":"https:\/\/www.manologarciaycia.com\/index.php?rest_route=%2Fwp%2Fv2%2Ftags&post=18883"}],"curies":[{"name":"wp","href":"https:\/\/api.w.org\/{rel}","templated":true}]}}