{"id":18878,"date":"2018-12-24T18:48:33","date_gmt":"2018-12-24T17:48:33","guid":{"rendered":"https:\/\/www.manologarciaycia.com\/?p=18878"},"modified":"2018-12-24T18:48:39","modified_gmt":"2018-12-24T17:48:39","slug":"tve-noche-de-encuentros","status":"publish","type":"post","link":"https:\/\/www.manologarciaycia.com\/?p=18878","title":{"rendered":"TVE: Noche de \u00bfencuentros?"},"content":{"rendered":"\n<p class=\"wp-block-paragraph\"> Tal y como publica Ana Belen, hoy 24 de Diciembre ten\u00eda que emitirse en TVE el especial &#8216;Noche de encuentros&#8217;, d\u00f3nde hac\u00eda a d\u00fao con Manolo Garc\u00eda el tema Insurrecci\u00f3n (si no nos equivocamos)&#8230;<\/p>\n\n\n\n<p class=\"wp-block-paragraph\"> \u00abPero sus programadores han considerado que ten\u00eda un alto contenido reivindicativo de la Mujer , y lo han relegado a la noche del mi\u00e9rcoles a las 00.30.\u00bb [Modo Ironia]\n\n\n\n<p class=\"wp-block-paragraph\">\u00abNo es comprensible, m\u00e1s cuando este programa ha sido dise\u00f1ado y escrito por la propia RTVE. Despu\u00e9s de hacer ellos mismos promoci\u00f3n para esta noche, etc. etc. \u00ab\u00a1\u00a1\u00a1Qu\u00e9 ceguera y qu\u00e9 cobard\u00eda!!!\u00bb <br><\/p>\n\n\n\n<p class=\"wp-block-paragraph\">Nosotros nos sumamos a esta indignaci\u00f3n!<br><\/p>\n\n\n\n<figure class=\"wp-block-image\"><img loading=\"lazy\" decoding=\"async\" width=\"750\" height=\"638\" src=\"https:\/\/www.manologarciaycia.com\/wp-content\/uploads\/2018\/12\/MG_AB2.jpg\" alt=\"\" class=\"wp-image-18880\" srcset=\"https:\/\/www.manologarciaycia.com\/wp-content\/uploads\/2018\/12\/MG_AB2.jpg 750w, https:\/\/www.manologarciaycia.com\/wp-content\/uploads\/2018\/12\/MG_AB2-500x425.jpg 500w, https:\/\/www.manologarciaycia.com\/wp-content\/uploads\/2018\/12\/MG_AB2-695x591.jpg 695w\" sizes=\"auto, (max-width: 750px) 100vw, 750px\" \/><\/figure>\n\n\n\n<p class=\"wp-block-paragraph\">#ManoloGarc\u00eda #AnaBelen #RTVE #NochedeEncuentros <\/p>\n","protected":false},"excerpt":{"rendered":"<p>Tal y como publica Ana Belen, hoy 24 de Diciembre ten\u00eda que emitirse en TVE el especial &#8216;Noche de encuentros&#8217;, d\u00f3nde hac\u00eda a d\u00fao con Manolo Garc\u00eda el tema Insurrecci\u00f3n (si no nos equivocamos)&#8230; \u00abPero sus programadores han considerado que ten\u00eda un alto contenido reivindicativo de la Mujer , y lo han relegado a la<a class=\"moretag\" href=\"https:\/\/www.manologarciaycia.com\/?p=18878\" title=\"TVE: Noche de \u00bfencuentros?\" target=\"_self\" rel=\"follow\"> <font face=arial size=2>[Leer m\u00e1s]<\/font> <\/a><\/p>\n","protected":false},"author":2,"featured_media":18879,"comment_status":"closed","ping_status":"closed","sticky":false,"template":"","format":"standard","meta":{"footnotes":""},"categories":[1],"tags":[],"class_list":["post-18878","post","type-post","status-publish","format-standard","has-post-thumbnail","hentry","category-manolo-garcia"],"_links":{"self":[{"href":"https:\/\/www.manologarciaycia.com\/index.php?rest_route=\/wp\/v2\/posts\/18878","targetHints":{"allow":["GET"]}}],"collection":[{"href":"https:\/\/www.manologarciaycia.com\/index.php?rest_route=\/wp\/v2\/posts"}],"about":[{"href":"https:\/\/www.manologarciaycia.com\/index.php?rest_route=\/wp\/v2\/types\/post"}],"author":[{"embeddable":true,"href":"https:\/\/www.manologarciaycia.com\/index.php?rest_route=\/wp\/v2\/users\/2"}],"replies":[{"embeddable":true,"href":"https:\/\/www.manologarciaycia.com\/index.php?rest_route=%2Fwp%2Fv2%2Fcomments&post=18878"}],"version-history":[{"count":1,"href":"https:\/\/www.manologarciaycia.com\/index.php?rest_route=\/wp\/v2\/posts\/18878\/revisions"}],"predecessor-version":[{"id":18881,"href":"https:\/\/www.manologarciaycia.com\/index.php?rest_route=\/wp\/v2\/posts\/18878\/revisions\/18881"}],"wp:featuredmedia":[{"embeddable":true,"href":"https:\/\/www.manologarciaycia.com\/index.php?rest_route=\/wp\/v2\/media\/18879"}],"wp:attachment":[{"href":"https:\/\/www.manologarciaycia.com\/index.php?rest_route=%2Fwp%2Fv2%2Fmedia&parent=18878"}],"wp:term":[{"taxonomy":"category","embeddable":true,"href":"https:\/\/www.manologarciaycia.com\/index.php?rest_route=%2Fwp%2Fv2%2Fcategories&post=18878"},{"taxonomy":"post_tag","embeddable":true,"href":"https:\/\/www.manologarciaycia.com\/index.php?rest_route=%2Fwp%2Fv2%2Ftags&post=18878"}],"curies":[{"name":"wp","href":"https:\/\/api.w.org\/{rel}","templated":true}]}}