{"id":18860,"date":"2018-12-21T18:32:13","date_gmt":"2018-12-21T17:32:13","guid":{"rendered":"https:\/\/www.manologarciaycia.com\/?p=18860"},"modified":"2018-12-21T18:35:41","modified_gmt":"2018-12-21T17:35:41","slug":"el-parte-de-las-1800-sobre-la-venta-entradas-gira-2019-manolo-garcia","status":"publish","type":"post","link":"https:\/\/www.manologarciaycia.com\/?p=18860","title":{"rendered":"El parte de las 18:00: sobre la venta entradas Gira 2019 Manolo Garc\u00eda"},"content":{"rendered":"\n<p class=\"wp-block-paragraph\">Recopilatorio de las 18:00h:<\/p>\n\n\n\n<ul class=\"wp-block-list\"><li>Hoy 21\/12\/18 a las 12:00h se pusieron a la venta entradas de los conciertos del <strong>Teatro Principal, Alicante (13 y 14 Abril 2019)<\/strong>. A esta hora <strong><em>quedan pocas entradas<\/em><\/strong>, por ejemplo 13 abril no hay ya en Patio de butacas, y para el 14 quedan muy pocas del Patio. Entradas en: <a rel=\"noreferrer noopener\" aria-label=\"https:\/\/entradas.instanticket.es\/tprincipal\/public\/janto\/main.php?Nivel=Evento&amp;idEvento=MGARCIA\u2028 (abre en una nueva pesta\u00f1a)\" href=\"https:\/\/entradas.instanticket.es\/tprincipal\/public\/janto\/main.php?Nivel=Evento&amp;idEvento=MGARCIA\" target=\"_blank\">https:\/\/entradas.instanticket.es\/tprincipal\/public\/janto\/main.php?Nivel=Evento&amp;idEvento=MGARCIA<\/a><\/li><li>Hoy 21\/12\/18 se pusieron a la venta entradas del concierto de <strong>Herrera del Duque 11 Mayo 2019<\/strong>. A estas horas <strong><em>casi agotadas pero alguna entrada queda<\/em><\/strong> (en pista por ejemplo s\u00f3lo deja elegir una!!). Entradas en: el Palacio de Cultura, Sonobox de Don Benito y <a rel=\"noreferrer noopener\" aria-label=\"\ufffchttps:\/\/www.progeventsentradas.com\/ciclos\/ficha\/11-entradas-gira-201 (abre en una nueva pesta\u00f1a)\" href=\"https:\/\/www.progeventsentradas.com\/ciclos\/ficha\/11-entradas-gira-2019\" target=\"_blank\">https:\/\/www.progeventsentradas.com\/ciclos\/ficha\/11-entradas-gira-201<\/a><a href=\"https:\/\/www.progeventsentradas.com\/ciclos\/ficha\/11-entradas-gira-2019\"><\/a>9<\/li><li>Hoy 21\/12\/18 a las 12:00h se pusieron a la venta entradas del concierto <strong>Suite Festival Gran Teatre del Liceu, Barcelona (14 Diciembre 2019)<\/strong>. A esta hora en Zona 1 (patio de butacas) <strong><em>apenas quedan entradas<\/em><\/strong>, aunque en pisos todav\u00eda quedan. Entradas en: <a rel=\"noreferrer noopener\" aria-label=\"https:\/\/suitefestival.koobin.com\/index.php?action=PU_evento&amp;Ev_id=52&amp;idioma=ES (abre en una nueva pesta\u00f1a)\" href=\"https:\/\/suitefestival.koobin.com\/index.php?action=PU_evento&amp;Ev_id=52&amp;idioma=ES\" target=\"_blank\">https:\/\/suitefestival.koobin.com\/index.php?action=PU_evento&amp;Ev_id=52&amp;idioma=ES<\/a><\/li><li>El Lunes 24\/12\/18 a las 10:00h. se pondr\u00e1n a la venta la entradas del concierto de <strong>Trujillo del 10 de Mayo 2019<\/strong>. Entradas en: <a rel=\"noreferrer noopener\" aria-label=\"https:\/\/www.progeventsentradas.com (abre en una nueva pesta\u00f1a)\" href=\"https:\/\/www.progeventsentradas.com\" target=\"_blank\">https:\/\/www.progeventsentradas.com<\/a><\/li><li>El pasado 19\/12\/18 se pusieron a la venta las entradas para el concierto de <strong>Sancti Petri, Chiclana (Concert Music Festival)<\/strong> <strong>del 6 de Julio 2019<\/strong>. A esta hora Primeras Filas y Platea <strong><em>quedan bastante pocas.<\/em><\/strong> Entradas en: <a rel=\"noreferrer noopener\" aria-label=\"https:\/\/www.ticketmaster.es\/event\/manolo-garcia-concert-music-festival-entradas\/14889 (abre en una nueva pesta\u00f1a)\" href=\"https:\/\/www.ticketmaster.es\/event\/manolo-garcia-concert-music-festival-entradas\/14889\" target=\"_blank\">https:\/\/www.ticketmaster.es\/event\/manolo-garcia-concert-music-festival-entradas\/14889<\/a><\/li><\/ul>\n\n\n\n<p class=\"wp-block-paragraph\"><strong><em>Todas las dem\u00e1s fechas de venta del resto de Conciertos de la Gira Ac\u00fastico, Ac\u00fastico, Ac\u00fastico se anunciar\u00e1n con antelaci\u00f3n (todav\u00eda no se saben).<\/em><\/strong><\/p>\n\n\n\n<p class=\"wp-block-paragraph\">Ten\u00e9is toda la informaci\u00f3n en:<\/p>\n\n\n\n<ul class=\"wp-block-list\"><li>Nuestro Facebook, apartado EVENTOS: <a rel=\"noreferrer noopener\" aria-label=\"https:\/\/www.facebook.com\/ManoloGarcia.y.companyia\/events\/ (abre en una nueva pesta\u00f1a)\" href=\"https:\/\/www.facebook.com\/ManoloGarcia.y.companyia\/events\/\" target=\"_blank\">https:\/\/www.facebook.com\/ManoloGarcia.y.companyia\/events\/<\/a><\/li><li>Nuestra web: <a rel=\"noreferrer noopener\" aria-label=\"https:\/\/www.manologarciaycia.com (abre en una nueva pesta\u00f1a)\" href=\"https:\/\/www.manologarciaycia.com\" target=\"_blank\">https:\/\/www.manologarciaycia.com<\/a><\/li><li>La web oficial de Sony de Manolo Garc\u00eda: <a rel=\"noreferrer noopener\" aria-label=\"\ufffchttp:\/\/www.manolo-garcia.co (abre en una nueva pesta\u00f1a)\" href=\"http:\/\/www.manolo-garcia.com\" target=\"_blank\">http:\/\/www.manolo-garcia.co<\/a><a href=\"https:\/\/www.manologarciaycia.com\">m<\/a><\/li><li>Nuestro Twitter: <a rel=\"noreferrer noopener\" aria-label=\"https:\/\/twitter.com\/manologarcia_c (abre en una nueva pesta\u00f1a)\" href=\"https:\/\/twitter.com\/manologarcia_c\" target=\"_blank\">https:\/\/twitter.com\/manologarcia_c<\/a><\/li><li>Nuestro Instagram: <a href=\"https:\/\/www.instagram.com\/manologarciaycia\/\" target=\"_blank\" rel=\"noreferrer noopener\" aria-label=\"https:\/\/www.instagram.com\/manologarciaycia\/ (abre en una nueva pesta\u00f1a)\">https:\/\/www.instagram.com\/manologarciaycia\/<\/a><\/li><\/ul>\n\n\n\n<p class=\"wp-block-paragraph\"><strong>NO COMPR\u00c9IS EN NING\u00daN SITIO NO PUBLICADO O NO OFICIALIZADO POR LA WEB DE MANOLO GARC\u00cdA O LA NUESTRA!<\/strong><\/p>\n\n\n\n<p class=\"wp-block-paragraph\">#ManoloGarc\u00eda #Gira2019 #Ac\u00fastico Salut!<\/p>\n","protected":false},"excerpt":{"rendered":"<p>Recopilatorio de las 18:00h: Hoy 21\/12\/18 a las 12:00h se pusieron a la venta entradas de los conciertos del Teatro Principal, Alicante (13 y 14 Abril 2019). A esta hora quedan pocas entradas, por ejemplo 13 abril no hay ya en Patio de butacas, y para el 14 quedan muy pocas del Patio. Entradas en:<a class=\"moretag\" href=\"https:\/\/www.manologarciaycia.com\/?p=18860\" title=\"El parte de las 18:00: sobre la venta entradas Gira 2019 Manolo Garc\u00eda\" target=\"_self\" rel=\"follow\"> <font face=arial size=2>[Leer m\u00e1s]<\/font> <\/a><\/p>\n","protected":false},"author":2,"featured_media":18785,"comment_status":"closed","ping_status":"closed","sticky":false,"template":"","format":"standard","meta":{"footnotes":""},"categories":[1],"tags":[],"class_list":["post-18860","post","type-post","status-publish","format-standard","has-post-thumbnail","hentry","category-manolo-garcia"],"_links":{"self":[{"href":"https:\/\/www.manologarciaycia.com\/index.php?rest_route=\/wp\/v2\/posts\/18860","targetHints":{"allow":["GET"]}}],"collection":[{"href":"https:\/\/www.manologarciaycia.com\/index.php?rest_route=\/wp\/v2\/posts"}],"about":[{"href":"https:\/\/www.manologarciaycia.com\/index.php?rest_route=\/wp\/v2\/types\/post"}],"author":[{"embeddable":true,"href":"https:\/\/www.manologarciaycia.com\/index.php?rest_route=\/wp\/v2\/users\/2"}],"replies":[{"embeddable":true,"href":"https:\/\/www.manologarciaycia.com\/index.php?rest_route=%2Fwp%2Fv2%2Fcomments&post=18860"}],"version-history":[{"count":6,"href":"https:\/\/www.manologarciaycia.com\/index.php?rest_route=\/wp\/v2\/posts\/18860\/revisions"}],"predecessor-version":[{"id":18867,"href":"https:\/\/www.manologarciaycia.com\/index.php?rest_route=\/wp\/v2\/posts\/18860\/revisions\/18867"}],"wp:featuredmedia":[{"embeddable":true,"href":"https:\/\/www.manologarciaycia.com\/index.php?rest_route=\/wp\/v2\/media\/18785"}],"wp:attachment":[{"href":"https:\/\/www.manologarciaycia.com\/index.php?rest_route=%2Fwp%2Fv2%2Fmedia&parent=18860"}],"wp:term":[{"taxonomy":"category","embeddable":true,"href":"https:\/\/www.manologarciaycia.com\/index.php?rest_route=%2Fwp%2Fv2%2Fcategories&post=18860"},{"taxonomy":"post_tag","embeddable":true,"href":"https:\/\/www.manologarciaycia.com\/index.php?rest_route=%2Fwp%2Fv2%2Ftags&post=18860"}],"curies":[{"name":"wp","href":"https:\/\/api.w.org\/{rel}","templated":true}]}}