{"id":18791,"date":"2018-12-21T06:49:48","date_gmt":"2018-12-21T05:49:48","guid":{"rendered":"https:\/\/www.manologarciaycia.com\/?p=18791"},"modified":"2018-12-21T06:49:53","modified_gmt":"2018-12-21T05:49:53","slug":"entradas-manolo-garcia-suite-festival-liceu-14-12-2019-a-la-venta-hoy-1200h","status":"publish","type":"post","link":"https:\/\/www.manologarciaycia.com\/?p=18791","title":{"rendered":"Entradas Manolo Garc\u00eda Suite Festival (Liceu 14\/12\/2019), a la venta hoy 12:00h"},"content":{"rendered":"\n<p class=\"wp-block-paragraph\"> Atenci\u00f3n, HOY 21\/12 a las 12:00h A LA VENTA LAS ENTRADAS PARA el concierto de Manolo Garc\u00eda del 14 de diciembre en Barcelona, en el Suite Festival (Gran Teatre del Liceu)<br><\/p>\n\n\n\n<p class=\"wp-block-paragraph\">Enlace para la venta de estas entradas: <a href=\"https:\/\/suitefestival.koobin.com\/index.php?action=PU_evento&amp;Ev_id=52&amp;idioma=ES\" target=\"_blank\" rel=\"noreferrer noopener\" aria-label=\"\ufffchttps:\/\/suitefestival.koobin.com\/index.php?action=PU_evento&amp;Ev_id=52&amp;idioma=E (abre en una nueva pesta\u00f1a)\">https:\/\/suitefestival.koobin.com\/index.php?action=PU_evento&amp;Ev_id=52&amp;idioma=E<\/a><a href=\"https:\/\/suitefestival.koobin.com\/index.php?action=PU_evento&amp;Ev_id=52&amp;idioma=ES\"><\/a>S<\/p>\n\n\n\n<p class=\"wp-block-paragraph\">(hasta las 12:00 no estar\u00e1n disponibles)<br><\/p>\n\n\n\n<p class=\"wp-block-paragraph\">#ManoloGarc\u00eda #Gira2019 #Ac\u00fastico #SuiteFestival #Liceo<br><br><\/p>\n","protected":false},"excerpt":{"rendered":"<p>Atenci\u00f3n, HOY 21\/12 a las 12:00h A LA VENTA LAS ENTRADAS PARA el concierto de Manolo Garc\u00eda del 14 de diciembre en Barcelona, en el Suite Festival (Gran Teatre del Liceu) Enlace para la venta de estas entradas: https:\/\/suitefestival.koobin.com\/index.php?action=PU_evento&amp;Ev_id=52&amp;idioma=ES (hasta las 12:00 no estar\u00e1n disponibles) #ManoloGarc\u00eda #Gira2019 #Ac\u00fastico #SuiteFestival #Liceo<a class=\"moretag\" href=\"https:\/\/www.manologarciaycia.com\/?p=18791\" title=\"Entradas Manolo Garc\u00eda Suite Festival (Liceu 14\/12\/2019), a la venta hoy 12:00h\" target=\"_self\" rel=\"follow\"> <font face=arial size=2>[Leer m\u00e1s]<\/font> <\/a><\/p>\n","protected":false},"author":2,"featured_media":18792,"comment_status":"closed","ping_status":"closed","sticky":false,"template":"","format":"standard","meta":{"footnotes":""},"categories":[1],"tags":[],"class_list":["post-18791","post","type-post","status-publish","format-standard","has-post-thumbnail","hentry","category-manolo-garcia"],"_links":{"self":[{"href":"https:\/\/www.manologarciaycia.com\/index.php?rest_route=\/wp\/v2\/posts\/18791","targetHints":{"allow":["GET"]}}],"collection":[{"href":"https:\/\/www.manologarciaycia.com\/index.php?rest_route=\/wp\/v2\/posts"}],"about":[{"href":"https:\/\/www.manologarciaycia.com\/index.php?rest_route=\/wp\/v2\/types\/post"}],"author":[{"embeddable":true,"href":"https:\/\/www.manologarciaycia.com\/index.php?rest_route=\/wp\/v2\/users\/2"}],"replies":[{"embeddable":true,"href":"https:\/\/www.manologarciaycia.com\/index.php?rest_route=%2Fwp%2Fv2%2Fcomments&post=18791"}],"version-history":[{"count":1,"href":"https:\/\/www.manologarciaycia.com\/index.php?rest_route=\/wp\/v2\/posts\/18791\/revisions"}],"predecessor-version":[{"id":18793,"href":"https:\/\/www.manologarciaycia.com\/index.php?rest_route=\/wp\/v2\/posts\/18791\/revisions\/18793"}],"wp:featuredmedia":[{"embeddable":true,"href":"https:\/\/www.manologarciaycia.com\/index.php?rest_route=\/wp\/v2\/media\/18792"}],"wp:attachment":[{"href":"https:\/\/www.manologarciaycia.com\/index.php?rest_route=%2Fwp%2Fv2%2Fmedia&parent=18791"}],"wp:term":[{"taxonomy":"category","embeddable":true,"href":"https:\/\/www.manologarciaycia.com\/index.php?rest_route=%2Fwp%2Fv2%2Fcategories&post=18791"},{"taxonomy":"post_tag","embeddable":true,"href":"https:\/\/www.manologarciaycia.com\/index.php?rest_route=%2Fwp%2Fv2%2Ftags&post=18791"}],"curies":[{"name":"wp","href":"https:\/\/api.w.org\/{rel}","templated":true}]}}