{"id":18775,"date":"2018-12-20T11:26:53","date_gmt":"2018-12-20T10:26:53","guid":{"rendered":"https:\/\/www.manologarciaycia.com\/?p=18775"},"modified":"2018-12-20T12:06:12","modified_gmt":"2018-12-20T11:06:12","slug":"manolo-garcia-anuncia-gira-acustica-acustico-acustico-acustico","status":"publish","type":"post","link":"https:\/\/www.manologarciaycia.com\/?p=18775","title":{"rendered":"MANOLO GARC\u00cdA ANUNCIA GIRA AC\u00daSTICA: Ac\u00fastico, ac\u00fastico, ac\u00fastico"},"content":{"rendered":"\n<p class=\"wp-block-paragraph\">Despu\u00e9s de militar desde los a\u00f1os ochenta en Los R\u00e1pidos, Los\nBurros y El \u00daltimo de la Fila, incluyendo hasta hoy su carrera en solitario,\nesta es&nbsp; la primera vez que Manolo Garc\u00eda\nse presenta en formato ac\u00fastico. Es decir, deja a un lado moment\u00e1neamente la\nparafernalia el\u00e9ctrica que tanto le gusta a \u00e9l. Ha decidido, en esta ocasi\u00f3n,\ndar un giro de 180 grados y revisar lo m\u00e1s granado de su repertorio y\ntrabajarlo de un modo absolutamente ac\u00fastico con otras sonoridades y cargando\ntintas en las guitarras espa\u00f1olas y ac\u00fasticas. <\/p>\n\n\n\n<p class=\"wp-block-paragraph\">Formato ac\u00fastico pero con una extensa banda sobre el\nescenario. Una sorpresa para el o\u00eddo de sus seguidores o personas que se\nacercan por primera vez a su m\u00fasica. Una nueva posibilidad de emoci\u00f3n donde su\ninterpretaci\u00f3n y su voz llegar\u00e1n de una manera diferente.<\/p>\n\n\n\n<p class=\"wp-block-paragraph\">Formaci\u00f3n: Ricardo Mar\u00edn, V\u00edctor Iniesta, Josete Ordo\u00f1ez\n(guitarras espa\u00f1olas, ac\u00fasticas y la\u00fad), Juan Carlos Garc\u00eda (piano, percusi\u00f3n y\ncoros), Olvido Lanza (viol\u00edn y chelo), Charly Sard\u00e0 (percusiones) e I\u00f1igo\nGoldaracena (contrabajo y acorde\u00f3n), Manolo Garc\u00eda (voz y guitarra ac\u00fastica.<\/p>\n\n\n\n<p class=\"wp-block-paragraph\">Ser\u00e1 una gira extensa con la que Manolo Garc\u00eda quiere llevar su directo a ciudades en las que hace tiempo que sus giras no han recalado.<\/p>\n\n\n\n<p class=\"wp-block-paragraph\"><strong><u>FECHAS CONFIRMADAS:<\/u><\/strong><\/p>\n\n\n\n<p class=\"wp-block-paragraph\">5 abril <strong>Ciudad Real<\/strong> Teatro Municipal Quijano<\/p>\n\n\n\n<p class=\"wp-block-paragraph\">13 abril <strong>Alicante<\/strong>, teatro Principal<\/p>\n\n\n\n<p class=\"wp-block-paragraph\">14 abril <strong>Alicante<\/strong>,\nTeatro Principal<\/p>\n\n\n\n<p class=\"wp-block-paragraph\">26 abril <strong>Mallorca<\/strong>,\nAuditorium de Palma<\/p>\n\n\n\n<p class=\"wp-block-paragraph\">3 mayo <strong>Vitoria<\/strong>, Fernando\nBuesa Arena (asientos numerados)<\/p>\n\n\n\n<p class=\"wp-block-paragraph\">10 mayo <strong>Trujillo<\/strong>,\nCastillo de Trujillo<\/p>\n\n\n\n<p class=\"wp-block-paragraph\">11 mayo <strong>Herrera del\nDuque<\/strong>, Plaza de toros (asientos numerados)<\/p>\n\n\n\n<p class=\"wp-block-paragraph\">17 mayo <strong>Vigo<\/strong>,\nAuditorio Mar de Vigo<\/p>\n\n\n\n<p class=\"wp-block-paragraph\">18 mayo <strong>La Coru\u00f1a<\/strong>,\nPalacio de la \u00d3pera<\/p>\n\n\n\n<p class=\"wp-block-paragraph\">24 mayo <strong>Guadalajara<\/strong>,\nTeatro-Auditorio Buero Vallejo<\/p>\n\n\n\n<p class=\"wp-block-paragraph\">8 junio <strong>Cervera<\/strong>,&nbsp; Gran Teatre de la Passi\u00f3<\/p>\n\n\n\n<p class=\"wp-block-paragraph\">5 julio <strong>Cabra<\/strong>,\nAuditorio Alcalde Juan Mu\u00f1oz<\/p>\n\n\n\n<p class=\"wp-block-paragraph\">6 julio <strong>Sancti Petri<\/strong>\n(Chiclana), Concert Music Festival<\/p>\n\n\n\n<p class=\"wp-block-paragraph\">3 octubre <strong>Gij\u00f3n, <\/strong>Teatro\nJovellanos<\/p>\n\n\n\n<p class=\"wp-block-paragraph\">4 octubre<strong> Gij\u00f3n<\/strong>,\nTeatro Jovellanos<\/p>\n\n\n\n<p class=\"wp-block-paragraph\">11 octubre <strong>Sevilla<\/strong>,\nFibes<\/p>\n\n\n\n<p class=\"wp-block-paragraph\">18 octubre <strong>Murcia<\/strong>,\nAuditorio y Centro de Congresos V\u00edctor Villegas<\/p>\n\n\n\n<p class=\"wp-block-paragraph\">25 octubre <strong>Torremolinos<\/strong>,\nAuditorio Municipal Pr\u00edncipe de Asturias<\/p>\n\n\n\n<p class=\"wp-block-paragraph\">26 octubre <strong>Torremolinos<\/strong>,\nAuditorio Municipal Pr\u00edncipe de Asturias<\/p>\n\n\n\n<p class=\"wp-block-paragraph\">6 noviembre <strong>Valencia<\/strong>, Palacio de Congresos<\/p>\n\n\n\n<p class=\"wp-block-paragraph\">8 noviembre<strong> Valencia<\/strong>, Palacio de Congresos<\/p>\n\n\n\n<p class=\"wp-block-paragraph\">9 noviembre <strong>Valencia<\/strong>, Palacio de Congresos<\/p>\n\n\n\n<p class=\"wp-block-paragraph\">21 noviembre <strong>Madrid<\/strong>,\nPalacio de Congresos<\/p>\n\n\n\n<p class=\"wp-block-paragraph\">23 noviembre <strong>Madrid<\/strong>,\nPalacio de Congresos<\/p>\n\n\n\n<p class=\"wp-block-paragraph\">24 noviembre<strong> Madrid<\/strong>,\nPalacio de Congresos<\/p>\n\n\n\n<p class=\"wp-block-paragraph\">29 noviembre <strong>Madrid<\/strong>,\nPalacio de Congresos<\/p>\n\n\n\n<p class=\"wp-block-paragraph\">30 noviembre <strong>Madrid<\/strong>,\nPalacio de Congresos<\/p>\n\n\n\n<p class=\"wp-block-paragraph\">10 diciembre <strong>Barcelona<\/strong>,\nTeatre T\u00edvoli<\/p>\n\n\n\n<p class=\"wp-block-paragraph\">11 diciembre <strong>Barcelona<\/strong>,\nTeatre T\u00edvoli<\/p>\n\n\n\n<p class=\"wp-block-paragraph\">13 diciembre<strong> Barcelona<\/strong>,\nTeatre T\u00edvoli<\/p>\n\n\n\n<p class=\"wp-block-paragraph\">14 diciembre <strong>Barcelona<\/strong>,\nSuite Festival, Gran Teatre del Liceu<\/p>\n\n\n\n<p class=\"wp-block-paragraph\">27 diciembre <strong>Barcelona<\/strong>, Festival Mil\u00b7lenni, Palau de la M\u00fasica <\/p>\n\n\n\n<p class=\"wp-block-paragraph\">28 diciembre <strong>Barcelona<\/strong>, Festival Mil\u00b7lenni, Palau de la m\u00fasica <\/p>\n\n\n\n<p class=\"wp-block-paragraph\"><strong>Entradas pr\u00f3ximamente a la venta<\/strong><\/p>\n\n\n\n<p class=\"wp-block-paragraph\">M\u00e1s informaci\u00f3n en <a href=\"http:\/\/www.manolo-garcia.com\/\">www.manolo-garcia.com<\/a> <\/p>\n","protected":false},"excerpt":{"rendered":"<p>Despu\u00e9s de militar desde los a\u00f1os ochenta en Los R\u00e1pidos, Los Burros y El \u00daltimo de la Fila, incluyendo hasta hoy su carrera en solitario, esta es&nbsp; la primera vez que Manolo Garc\u00eda se presenta en formato ac\u00fastico. Es decir, deja a un lado moment\u00e1neamente la parafernalia el\u00e9ctrica que tanto le gusta a \u00e9l. Ha<a class=\"moretag\" href=\"https:\/\/www.manologarciaycia.com\/?p=18775\" title=\"MANOLO GARC\u00cdA ANUNCIA GIRA AC\u00daSTICA: Ac\u00fastico, ac\u00fastico, ac\u00fastico\" target=\"_self\" rel=\"follow\"> <font face=arial size=2>[Leer m\u00e1s]<\/font> <\/a><\/p>\n","protected":false},"author":2,"featured_media":18776,"comment_status":"closed","ping_status":"closed","sticky":false,"template":"","format":"standard","meta":{"footnotes":""},"categories":[1],"tags":[],"class_list":["post-18775","post","type-post","status-publish","format-standard","has-post-thumbnail","hentry","category-manolo-garcia"],"_links":{"self":[{"href":"https:\/\/www.manologarciaycia.com\/index.php?rest_route=\/wp\/v2\/posts\/18775","targetHints":{"allow":["GET"]}}],"collection":[{"href":"https:\/\/www.manologarciaycia.com\/index.php?rest_route=\/wp\/v2\/posts"}],"about":[{"href":"https:\/\/www.manologarciaycia.com\/index.php?rest_route=\/wp\/v2\/types\/post"}],"author":[{"embeddable":true,"href":"https:\/\/www.manologarciaycia.com\/index.php?rest_route=\/wp\/v2\/users\/2"}],"replies":[{"embeddable":true,"href":"https:\/\/www.manologarciaycia.com\/index.php?rest_route=%2Fwp%2Fv2%2Fcomments&post=18775"}],"version-history":[{"count":4,"href":"https:\/\/www.manologarciaycia.com\/index.php?rest_route=\/wp\/v2\/posts\/18775\/revisions"}],"predecessor-version":[{"id":18783,"href":"https:\/\/www.manologarciaycia.com\/index.php?rest_route=\/wp\/v2\/posts\/18775\/revisions\/18783"}],"wp:featuredmedia":[{"embeddable":true,"href":"https:\/\/www.manologarciaycia.com\/index.php?rest_route=\/wp\/v2\/media\/18776"}],"wp:attachment":[{"href":"https:\/\/www.manologarciaycia.com\/index.php?rest_route=%2Fwp%2Fv2%2Fmedia&parent=18775"}],"wp:term":[{"taxonomy":"category","embeddable":true,"href":"https:\/\/www.manologarciaycia.com\/index.php?rest_route=%2Fwp%2Fv2%2Fcategories&post=18775"},{"taxonomy":"post_tag","embeddable":true,"href":"https:\/\/www.manologarciaycia.com\/index.php?rest_route=%2Fwp%2Fv2%2Ftags&post=18775"}],"curies":[{"name":"wp","href":"https:\/\/api.w.org\/{rel}","templated":true}]}}