{"id":18770,"date":"2018-12-19T18:17:28","date_gmt":"2018-12-19T17:17:28","guid":{"rendered":"https:\/\/www.manologarciaycia.com\/?p=18770"},"modified":"2018-12-19T18:17:33","modified_gmt":"2018-12-19T17:17:33","slug":"manolo-garcia-actuara-en-cabra-el-proximo-verano-5-julio-2019","status":"publish","type":"post","link":"https:\/\/www.manologarciaycia.com\/?p=18770","title":{"rendered":"Manolo Garc\u00eda actuar\u00e1 en Cabra el pr\u00f3ximo verano (5 Julio 2019)"},"content":{"rendered":"\n<p class=\"wp-block-paragraph\">\n\nEl Ayuntamiento anuncia un concierto para el mes de julio en su auditorio\n\n<\/p>\n\n\n\n<p class=\"wp-block-paragraph\">\u201cPodemos anunciar que tenemos acordada la reserva de fecha para la actuaci\u00f3n del prestigioso artista Manolo Garc\u00eda con su nueva gira&nbsp;<em>En ac\u00fastico<\/em>&nbsp;para el pr\u00f3ximo d\u00eda 5 de julio de 2019 en el Auditorio Municipal Alcalde Juan Mu\u00f1oz\u201d. El alcalde de Cabra, Fernando Priego (PP), ha anunciado de esta manera el regreso del antiguo miembro de&nbsp;<em>El \u00faltimo de la fila a la provincia<\/em>.<\/p>\n\n\n\n<p class=\"wp-block-paragraph\">Su \u00fatimo \u00e1lbum,&nbsp;<em>Geometr\u00eda del Rayo<\/em>, ya es Disco de Platino en Espa\u00f1a. En este 2018 ha recibido el Grammy Latino en una de las categor\u00edas m\u00e1s importantes como es Mejor \u00e1mbul pop rock adem\u00e1s del Premio Ondas como reconocimiento a su trayectoria art\u00edstica.<\/p>\n\n\n\n<p class=\"wp-block-paragraph\">Manolo Garc\u00eda actu\u00f3 en junio de este a\u00f1o en el Teatro de La Axerqu\u00eda, donde agot\u00f3 las entradas.<\/p>\n\n\n\n<p class=\"wp-block-paragraph\">Fuente: Cord\u00f3polis &#8211; <a href=\"https:\/\/cordopolis.es\/2018\/12\/19\/manolo-garcia-actuara-en-cabra-el-proximo-verano\/\" target=\"_blank\" rel=\"noreferrer noopener\" aria-label=\"Fuente: Cord\u00f3polis - ENLACE (abre en una nueva pesta\u00f1a)\">ENLACE<\/a><\/p>\n","protected":false},"excerpt":{"rendered":"<p>El Ayuntamiento anuncia un concierto para el mes de julio en su auditorio \u201cPodemos anunciar que tenemos acordada la reserva de fecha para la actuaci\u00f3n del prestigioso artista Manolo Garc\u00eda con su nueva gira&nbsp;En ac\u00fastico&nbsp;para el pr\u00f3ximo d\u00eda 5 de julio de 2019 en el Auditorio Municipal Alcalde Juan Mu\u00f1oz\u201d. El alcalde de Cabra, Fernando<a class=\"moretag\" href=\"https:\/\/www.manologarciaycia.com\/?p=18770\" title=\"Manolo Garc\u00eda actuar\u00e1 en Cabra el pr\u00f3ximo verano (5 Julio 2019)\" target=\"_self\" rel=\"follow\"> <font face=arial size=2>[Leer m\u00e1s]<\/font> <\/a><\/p>\n","protected":false},"author":2,"featured_media":18771,"comment_status":"closed","ping_status":"closed","sticky":false,"template":"","format":"standard","meta":{"footnotes":""},"categories":[1],"tags":[],"class_list":["post-18770","post","type-post","status-publish","format-standard","has-post-thumbnail","hentry","category-manolo-garcia"],"_links":{"self":[{"href":"https:\/\/www.manologarciaycia.com\/index.php?rest_route=\/wp\/v2\/posts\/18770","targetHints":{"allow":["GET"]}}],"collection":[{"href":"https:\/\/www.manologarciaycia.com\/index.php?rest_route=\/wp\/v2\/posts"}],"about":[{"href":"https:\/\/www.manologarciaycia.com\/index.php?rest_route=\/wp\/v2\/types\/post"}],"author":[{"embeddable":true,"href":"https:\/\/www.manologarciaycia.com\/index.php?rest_route=\/wp\/v2\/users\/2"}],"replies":[{"embeddable":true,"href":"https:\/\/www.manologarciaycia.com\/index.php?rest_route=%2Fwp%2Fv2%2Fcomments&post=18770"}],"version-history":[{"count":1,"href":"https:\/\/www.manologarciaycia.com\/index.php?rest_route=\/wp\/v2\/posts\/18770\/revisions"}],"predecessor-version":[{"id":18772,"href":"https:\/\/www.manologarciaycia.com\/index.php?rest_route=\/wp\/v2\/posts\/18770\/revisions\/18772"}],"wp:featuredmedia":[{"embeddable":true,"href":"https:\/\/www.manologarciaycia.com\/index.php?rest_route=\/wp\/v2\/media\/18771"}],"wp:attachment":[{"href":"https:\/\/www.manologarciaycia.com\/index.php?rest_route=%2Fwp%2Fv2%2Fmedia&parent=18770"}],"wp:term":[{"taxonomy":"category","embeddable":true,"href":"https:\/\/www.manologarciaycia.com\/index.php?rest_route=%2Fwp%2Fv2%2Fcategories&post=18770"},{"taxonomy":"post_tag","embeddable":true,"href":"https:\/\/www.manologarciaycia.com\/index.php?rest_route=%2Fwp%2Fv2%2Ftags&post=18770"}],"curies":[{"name":"wp","href":"https:\/\/api.w.org\/{rel}","templated":true}]}}