{"id":18749,"date":"2018-12-19T10:05:15","date_gmt":"2018-12-19T09:05:15","guid":{"rendered":"https:\/\/www.manologarciaycia.com\/?p=18749"},"modified":"2018-12-19T10:05:20","modified_gmt":"2018-12-19T09:05:20","slug":"gira-de-manolo-garcia-2019-acustico-acustico-informacion-hasta-el-momento","status":"publish","type":"post","link":"https:\/\/www.manologarciaycia.com\/?p=18749","title":{"rendered":"Gira de Manolo Garc\u00eda 2019: Ac\u00fastico, Ac\u00fastico. Informaci\u00f3n hasta el momento&#8230;"},"content":{"rendered":"\n<p class=\"wp-block-paragraph\">Hasta el momento (todav\u00eda no se ha comunicado oficialmente la gira completa), fechas\/ciudades conocidas (sin confirmar oficialmente) de la gira Ac\u00fastico, Ac\u00fastico de Manolo Garc\u00eda, 2019:<\/p>\n\n\n\n<p class=\"wp-block-paragraph\"><strong>* Alicante &#8211; Teatro Principal &#8211; 13 y 14 de abril 2019 &#8211; Entradas a la venta en principio 20\/12\/18 &#8211; En el mismo Teatro Principal (965202380, de 12 a 14 y de 17 a 21 h, o en taquillas)<\/strong><\/p>\n\n\n\n<p class=\"wp-block-paragraph\">* <strong>Herrera del Duque (Badajoz) &#8211; Plaza de Toros &#8211; 11 Mayo 2019 &#8211; Entradas a la venta en principio 21\/12\/18 &#8211; En\u00a0<\/strong><a rel=\"noreferrer noopener\" href=\"http:\/\/entradas.com\/?fbclid=IwAR1T8VAwY9R_2PUqJv2iKreVfb5l4wtjrlghoqzVFDepTfey4esMgVAeQIg\" target=\"_blank\"><strong>Entradas.com<\/strong><\/a><strong>(<\/strong><a rel=\"noreferrer noopener\" href=\"http:\/\/www.entradas.com\/?fbclid=IwAR1gWtD95GX7lh7VsmcaTq8miw41MoCPZ1m_msus1r6bEt1srgYQQMLqiFg\" target=\"_blank\"><strong>http:\/\/www.entradas.com<\/strong><\/a><strong>), en la tienda Sonobox de Don Benito<\/strong><\/p>\n\n\n\n<p class=\"wp-block-paragraph\">* <strong>Sancti Petri (Chiclana) &#8211; Concert Music Festival &#8211; 6 Julio 2019 Entradas a la venta 19\/12\/18 10:00h &#8211; En Ticketmaster Espa\u00f1a (<\/strong><a rel=\"noreferrer noopener\" href=\"https:\/\/www.ticketmaster.es\/?fbclid=IwAR3-joBDjBaLXhGRtx3iZCdKUTnLAEDCKdTO5RJk2IHSBFXaHp1qrMcRQlw\" target=\"_blank\"><strong>https:\/\/www.ticketmaster.es\/<\/strong><\/a><strong>), Taquilla Mediaset (<\/strong><a rel=\"noreferrer noopener\" href=\"https:\/\/l.facebook.com\/l.php?u=https%3A%2F%2Ftaquilla.mediaset.es%2F%3Ffbclid%3DIwAR0gBq4R01o4uP3U-GGQJTcUeO3l2UFkXvgI8ZVEXnHKjhS7FYVJb4Xi-v8&amp;h=AT1_xblJCh6uQ3WN5pyZ-JD_vNecCiCbjKbCFrJI0eGpuXBUEeUpjgftdRMBrQg7mix5RJA4CJ4dPFLpLK9JQChsH1daAMpeRtC_Bghj5UXt1Agxtg0NLXBPpmF0i6ZDaurtIwWTcglW8Y6Hbq7bqTY0VcCC1D-G3ttT2F_qEFnzYCkBpqGtOaXff1Pp1vPqNzLg3mGKUM9HBObfsKWvOK9vDEZl1MszLzDqkSt6Tj8GvAV7W-B6HWeuzn3T8U4lbpVaSBSLQB_8PKaTE6QRksbKnpy1l-ZnLJHXW-0z655URx7dFM1Yc4Y_VorfRUG_X4NLRSEdB24akChlYyUZnMQ8QxscwyVJayAmYisyXUIehqbWXeVTG2ZlEMpoyNXTRp40hYgNP3ufXjwdGlqjSaYeRij3N-MkXl2NLHaO_qz9KCPomK9lEdyf9kmJkEaIkfIx6POC5Op6O_TnZno7daBUwAK0D31ZkKYZQBXCd4JApm8DuTmKEkGWyStoDldjghkHdz8AZvY9Kbguua3H4AGx41L9BeTwBTJS13uNwbecZMjB1FgDalw5gxLrWRmygtqaqVuobdnVVrvR6fFb3bEydQqZtWF_w3Mt8ZyZd2WnxZe8B-tslCOwgB4moAe9IoI\" target=\"_blank\"><strong>https:\/\/taquilla.mediaset.es\/<\/strong><\/a><strong>) y la web del festival (<\/strong><a rel=\"noreferrer noopener\" href=\"https:\/\/l.facebook.com\/l.php?u=http%3A%2F%2Fconcertmusicfestival.com%2F%3Ffbclid%3DIwAR27XWWUdgTaA-Kgym-vFlNn1kzTCH3qVaCrsZ_-HtwCQ3RSMxIfc7AHWQU&amp;h=AT3iDBX3736ELjkb-wOrq1mo9Z1bI8AeO7QKhMLkJSaQwa0NKOwmnj3iuNd7e5OAFmyWmybybHFe3Tw7xnrHc4FiR6OZCYtLntJpSYPIMVOgp1mP18F3h-f-ua88eX8hkmL4SbrPeQfRihzypHxk52mkQR0mJHdLleK6YzX9Kht7a0zrstzcZ_QExt7xb_o0MwaWx9MogYl8VGjnyLPasBftp5FD7VihjLBfTbqbZypEZQEX4FS2JpqZFteYDS8pvqhTjZv4MfWG2JUp8hyzwX8b75FMCZh0FPnxzGJOgxwaMXfLRN_Sm2e696sDSaLHQFvHiZsFTuXL6HW0OPCtZQkOggVlGISfz_Cfd0AMg5Tt_boZYh1IQRJa8Au3_R2ZZr9XiroYL7sD5p2blEOMfbhpLqddBI-jRmRss_7wwGmRH_8vKr9NCtSVtp27KSp3Z9TSGReoDsmozLBclJ2u7tMs-S-MrFq5AGRl6zqLGd3iBGjPi8wgzYshvAP10tISGxIXBpodqSSb246C6L-tqnFJWWphmIq6oikM5RdsNBaxrBaGVsGaFwpFfXPPx2AqT_Ryq7ER4BXKyvGQs5sFeVxhD9bpkf2NySb-mDYdykk1j7n1ivvfa_SKnyW6\" target=\"_blank\"><strong>http:\/\/concertmusicfestival.com\/<\/strong><\/a><strong>)<\/strong><\/p>\n\n\n\n<p class=\"wp-block-paragraph\">Como siempre NO COMPR\u00c9IS EN NING\u00daN SITIO DISTINTO A LOS OFICIALMENTE COMUNICADOS.<\/p>\n\n\n\n<p class=\"wp-block-paragraph\"><a href=\"https:\/\/www.facebook.com\/hashtag\/manologarc%C3%ADa?source=feed_text&amp;epa=HASHTAG&amp;__xts__%5B0%5D=68.ARDdFD745hn7TpcMRcThRti1TZkUEchjrl7ikazXqo1rStjnFY3pXcEOU6O_TkMREu9GuO40rLoRVJ3o-7X0MuLFVqGSjo0-wE5utOI5GC3JCyweZ7tX5VMyxfMU5-_ZPqKwzMGrO_IhQSsLB_L8WjLXNHNVwCQXj7XKpfEYw2zzp8MvE1SwUyJiG_sOGI7MhBqnyc0N4KfRq7jKj7qiHST2mGp6HKyLb9Zwj2_IpsvOIHZTz-FfN_b0Oce-dfmzOSF01zTKmpjj4ImrXN0FDwTp3BYv72zQrPHweVM8stwURv5sJLrZ9FvwYcXGaFvbhPleZqNm6SHYm-Xp0Z9bBQ&amp;__tn__=%2ANK-R\">#ManoloGarc\u00eda<\/a>&nbsp;<a href=\"https:\/\/www.facebook.com\/hashtag\/gira2019?source=feed_text&amp;epa=HASHTAG&amp;__xts__%5B0%5D=68.ARDdFD745hn7TpcMRcThRti1TZkUEchjrl7ikazXqo1rStjnFY3pXcEOU6O_TkMREu9GuO40rLoRVJ3o-7X0MuLFVqGSjo0-wE5utOI5GC3JCyweZ7tX5VMyxfMU5-_ZPqKwzMGrO_IhQSsLB_L8WjLXNHNVwCQXj7XKpfEYw2zzp8MvE1SwUyJiG_sOGI7MhBqnyc0N4KfRq7jKj7qiHST2mGp6HKyLb9Zwj2_IpsvOIHZTz-FfN_b0Oce-dfmzOSF01zTKmpjj4ImrXN0FDwTp3BYv72zQrPHweVM8stwURv5sJLrZ9FvwYcXGaFvbhPleZqNm6SHYm-Xp0Z9bBQ&amp;__tn__=%2ANK-R\">#Gira2019<\/a>&nbsp;<a href=\"https:\/\/www.facebook.com\/hashtag\/ac%C3%BAsticoac%C3%BAstico?source=feed_text&amp;epa=HASHTAG&amp;__xts__%5B0%5D=68.ARDdFD745hn7TpcMRcThRti1TZkUEchjrl7ikazXqo1rStjnFY3pXcEOU6O_TkMREu9GuO40rLoRVJ3o-7X0MuLFVqGSjo0-wE5utOI5GC3JCyweZ7tX5VMyxfMU5-_ZPqKwzMGrO_IhQSsLB_L8WjLXNHNVwCQXj7XKpfEYw2zzp8MvE1SwUyJiG_sOGI7MhBqnyc0N4KfRq7jKj7qiHST2mGp6HKyLb9Zwj2_IpsvOIHZTz-FfN_b0Oce-dfmzOSF01zTKmpjj4ImrXN0FDwTp3BYv72zQrPHweVM8stwURv5sJLrZ9FvwYcXGaFvbhPleZqNm6SHYm-Xp0Z9bBQ&amp;__tn__=%2ANK-R\">#Ac\u00fasticoAc\u00fastico<\/a><\/p>\n","protected":false},"excerpt":{"rendered":"<p>Hasta el momento (todav\u00eda no se ha comunicado oficialmente la gira completa), fechas\/ciudades conocidas (sin confirmar oficialmente) de la gira Ac\u00fastico, Ac\u00fastico de Manolo Garc\u00eda, 2019: * Alicante &#8211; Teatro Principal &#8211; 13 y 14 de abril 2019 &#8211; Entradas a la venta en principio 20\/12\/18 &#8211; En el mismo Teatro Principal (965202380, de 12<a class=\"moretag\" href=\"https:\/\/www.manologarciaycia.com\/?p=18749\" title=\"Gira de Manolo Garc\u00eda 2019: Ac\u00fastico, Ac\u00fastico. Informaci\u00f3n hasta el momento&#8230;\" target=\"_self\" rel=\"follow\"> <font face=arial size=2>[Leer m\u00e1s]<\/font> <\/a><\/p>\n","protected":false},"author":2,"featured_media":0,"comment_status":"closed","ping_status":"closed","sticky":false,"template":"","format":"standard","meta":{"footnotes":""},"categories":[1],"tags":[],"class_list":["post-18749","post","type-post","status-publish","format-standard","hentry","category-manolo-garcia"],"_links":{"self":[{"href":"https:\/\/www.manologarciaycia.com\/index.php?rest_route=\/wp\/v2\/posts\/18749","targetHints":{"allow":["GET"]}}],"collection":[{"href":"https:\/\/www.manologarciaycia.com\/index.php?rest_route=\/wp\/v2\/posts"}],"about":[{"href":"https:\/\/www.manologarciaycia.com\/index.php?rest_route=\/wp\/v2\/types\/post"}],"author":[{"embeddable":true,"href":"https:\/\/www.manologarciaycia.com\/index.php?rest_route=\/wp\/v2\/users\/2"}],"replies":[{"embeddable":true,"href":"https:\/\/www.manologarciaycia.com\/index.php?rest_route=%2Fwp%2Fv2%2Fcomments&post=18749"}],"version-history":[{"count":1,"href":"https:\/\/www.manologarciaycia.com\/index.php?rest_route=\/wp\/v2\/posts\/18749\/revisions"}],"predecessor-version":[{"id":18750,"href":"https:\/\/www.manologarciaycia.com\/index.php?rest_route=\/wp\/v2\/posts\/18749\/revisions\/18750"}],"wp:attachment":[{"href":"https:\/\/www.manologarciaycia.com\/index.php?rest_route=%2Fwp%2Fv2%2Fmedia&parent=18749"}],"wp:term":[{"taxonomy":"category","embeddable":true,"href":"https:\/\/www.manologarciaycia.com\/index.php?rest_route=%2Fwp%2Fv2%2Fcategories&post=18749"},{"taxonomy":"post_tag","embeddable":true,"href":"https:\/\/www.manologarciaycia.com\/index.php?rest_route=%2Fwp%2Fv2%2Ftags&post=18749"}],"curies":[{"name":"wp","href":"https:\/\/api.w.org\/{rel}","templated":true}]}}