{"id":18739,"date":"2018-12-19T06:47:22","date_gmt":"2018-12-19T05:47:22","guid":{"rendered":"https:\/\/www.manologarciaycia.com\/?p=18739"},"modified":"2018-12-19T06:50:11","modified_gmt":"2018-12-19T05:50:11","slug":"manolo-garcia-sera-el-encargado-de-abrir-el-concert-music-el-6-de-julio-hoy-miercoles-a-la-venta","status":"publish","type":"post","link":"https:\/\/www.manologarciaycia.com\/?p=18739","title":{"rendered":"Manolo Garc\u00eda ser\u00e1 el encargado de abrir el Concert Music el 6 de julio (hoy mi\u00e9rcoles a la venta!)"},"content":{"rendered":"\n<p class=\"wp-block-paragraph\">El festival de Sancti Petri adelanta su inauguraci\u00f3n e incluye en el cartel a Kiko Veneno y Cantajuegos<\/p>\n\n\n\n<p class=\"wp-block-paragraph\">La segunda edici\u00f3n del\u00a0<strong>Concert Music Festival de Sancti Petri<\/strong>\u00a0anticipa su inauguraci\u00f3n al pr\u00f3ximo\u00a0<strong>seis de julio<\/strong>\u00a0una vez que la organizaci\u00f3n de este evento ha confirmado a trav\u00e9s de sus redes sociales esta nueva fecha con la que se abrir\u00e1 esta importante cita musical con la actuaci\u00f3n del<strong>\u00a0cantautor y compositor catal\u00e1n Manolo Garc\u00eda. <\/strong><\/p>\n\n\n\n<p class=\"wp-block-paragraph\">Adem\u00e1s, la organizaci\u00f3n tambi\u00e9n ha adelantado a trav\u00e9s de facebook la incorporaci\u00f3n en el cartel del cantante<strong>&nbsp;Kiko Veneno<\/strong>&nbsp;y al grupo de m\u00fasica infantil<strong>Cantajuegos<\/strong>, quienes actuar\u00e1n el pr\u00f3ximo seis de agosto sobre las tablas del espectacular escenario que se montar\u00e1 por segundo a\u00f1o consecutivo en pleno coraz\u00f3n del poblado marinero de Sancti Petri. Las<strong>&nbsp;entradas a la venta<\/strong>&nbsp;para el concierto de Manolo Garc\u00eda se pueden adquirir a trav\u00e9s de&nbsp;<a href=\"http:\/\/www.concertmusicfestival.com\/\">la web del festival<\/a>, Ticketmaster Espa\u00f1a y Taquilla Mediaset a partir de hoy mi\u00e9rcoles a las 10:00h.<\/p>\n\n\n\n<p class=\"wp-block-paragraph\">Cabe recordar que Vanesa Mart\u00edn era, en principio, la artista encargada de abrir el pr\u00f3ximo 13 de julio el Concert Music Festival Sancti Petri, si bien la organizaci\u00f3n ha ido cerrando \u00faltimamente nuevos contratos musicales que ha modificado la fecha de comienzo de una cita musical que, al igual que el pasado a\u00f1o, dispone de un elenco de&nbsp;<strong>artistas de talla nacional e internacional<\/strong>. No obstante, es posible que existan nuevas incorporaciones de artistas que ser\u00eda anunciado con tiempo por la organizaci\u00f3n.<\/p>\n\n\n\n<p class=\"wp-block-paragraph\">En este sentido, cabe recordar que, adem\u00e1s de las nuevas incorporaciones, el<strong>auditorio principal<\/strong>&nbsp;acoger\u00e1 los espect\u00e1culos protagonizados por el que fuera vocalista y compositor del grupo Supertramp, Roger Hodgson (19 de julio), el espect\u00e1culo God Save The Queen (20 de julio), el grupo infantil Los PicaPica (21 de julio), Raphael (26 de julio), la m\u00edtica cantante de soul y m\u00fasica disco Gloria Gaynor (1 de agosto), Miguel Poveda (3 de agosto), Fangoria y Nancys Rubias (9 de agosto), Morat (10 de agosto), D\u00fao Din\u00e1mico (13 de agosto), Los Morancos (15 de agosto), Jos\u00e9 Merc\u00e9 y Tomatito (16 de agosto), Hombres G. (17 de agosto), Mal\u00fa (23 de agosto), Ara Malikian (24 de agosto) y Estrella Morente (25 de agosto).<\/p>\n\n\n\n<p class=\"wp-block-paragraph\">Asimismo, se ofrecer\u00e1n otros conciertos y espect\u00e1culos en el denominado&nbsp;<strong>Escenario Lenovo<\/strong>, de menores dimensiones, donde actuar\u00e1n Siempre As\u00ed (13 de julio y 15 de agosto), El Arrebato (18 de julio), Luis Cepeda (28 de julio), Beret (24 de julio), Caf\u00e9 Quijano (25 de julio), Diana Navarro (31 de julio), Soraya (1 de agosto), Ketama (4 de agosto), C. Tangana (7 de agosto), Los Secretos (8 de agosto), Rebeca (9 de agosto), Bert\u00edn Osborne (13 de agosto), Salvador Sobral (21 de agosto), Iv\u00e1n Ferreiro (22 de agosto) y Dellafuente (29 de agosto).<\/p>\n\n\n\n<p class=\"wp-block-paragraph\"><\/p>\n","protected":false},"excerpt":{"rendered":"<p>El festival de Sancti Petri adelanta su inauguraci\u00f3n e incluye en el cartel a Kiko Veneno y Cantajuegos La segunda edici\u00f3n del\u00a0Concert Music Festival de Sancti Petri\u00a0anticipa su inauguraci\u00f3n al pr\u00f3ximo\u00a0seis de julio\u00a0una vez que la organizaci\u00f3n de este evento ha confirmado a trav\u00e9s de sus redes sociales esta nueva fecha con la que se<a class=\"moretag\" href=\"https:\/\/www.manologarciaycia.com\/?p=18739\" title=\"Manolo Garc\u00eda ser\u00e1 el encargado de abrir el Concert Music el 6 de julio (hoy mi\u00e9rcoles a la venta!)\" target=\"_self\" rel=\"follow\"> <font face=arial size=2>[Leer m\u00e1s]<\/font> <\/a><\/p>\n","protected":false},"author":2,"featured_media":18742,"comment_status":"closed","ping_status":"closed","sticky":false,"template":"","format":"standard","meta":{"footnotes":""},"categories":[1],"tags":[],"class_list":["post-18739","post","type-post","status-publish","format-standard","has-post-thumbnail","hentry","category-manolo-garcia"],"_links":{"self":[{"href":"https:\/\/www.manologarciaycia.com\/index.php?rest_route=\/wp\/v2\/posts\/18739","targetHints":{"allow":["GET"]}}],"collection":[{"href":"https:\/\/www.manologarciaycia.com\/index.php?rest_route=\/wp\/v2\/posts"}],"about":[{"href":"https:\/\/www.manologarciaycia.com\/index.php?rest_route=\/wp\/v2\/types\/post"}],"author":[{"embeddable":true,"href":"https:\/\/www.manologarciaycia.com\/index.php?rest_route=\/wp\/v2\/users\/2"}],"replies":[{"embeddable":true,"href":"https:\/\/www.manologarciaycia.com\/index.php?rest_route=%2Fwp%2Fv2%2Fcomments&post=18739"}],"version-history":[{"count":3,"href":"https:\/\/www.manologarciaycia.com\/index.php?rest_route=\/wp\/v2\/posts\/18739\/revisions"}],"predecessor-version":[{"id":18744,"href":"https:\/\/www.manologarciaycia.com\/index.php?rest_route=\/wp\/v2\/posts\/18739\/revisions\/18744"}],"wp:featuredmedia":[{"embeddable":true,"href":"https:\/\/www.manologarciaycia.com\/index.php?rest_route=\/wp\/v2\/media\/18742"}],"wp:attachment":[{"href":"https:\/\/www.manologarciaycia.com\/index.php?rest_route=%2Fwp%2Fv2%2Fmedia&parent=18739"}],"wp:term":[{"taxonomy":"category","embeddable":true,"href":"https:\/\/www.manologarciaycia.com\/index.php?rest_route=%2Fwp%2Fv2%2Fcategories&post=18739"},{"taxonomy":"post_tag","embeddable":true,"href":"https:\/\/www.manologarciaycia.com\/index.php?rest_route=%2Fwp%2Fv2%2Ftags&post=18739"}],"curies":[{"name":"wp","href":"https:\/\/api.w.org\/{rel}","templated":true}]}}