{"id":18735,"date":"2018-12-18T19:26:42","date_gmt":"2018-12-18T18:26:42","guid":{"rendered":"https:\/\/www.manologarciaycia.com\/?p=18735"},"modified":"2018-12-18T19:28:00","modified_gmt":"2018-12-18T18:28:00","slug":"manolo-garcia-en-el-concert-music-festival-de-sancti-petri-2019","status":"publish","type":"post","link":"https:\/\/www.manologarciaycia.com\/?p=18735","title":{"rendered":"Manolo Garc\u00eda en el Concert Music Festival de Sancti Petri 2019"},"content":{"rendered":"<p>\u00a1Nueva incorporaci\u00f3n al cartel del Concert Music Festival! MANOLO GARC\u00cdA ser\u00e1 el encargado de inaugurar esta II Edici\u00f3n del Festival el pr\u00f3ximo 6 de julio.<\/p>\n<p>Entradas a la venta en www.concertmusicfestival.com, Ticketmaster Espa\u00f1a y Taquilla Mediaset a partir del mi\u00e9rcoles 19 de diciembre a las 10:00h.<\/p>\n","protected":false},"excerpt":{"rendered":"<p>\u00a1Nueva incorporaci\u00f3n al cartel del Concert Music Festival! MANOLO GARC\u00cdA ser\u00e1 el encargado de inaugurar esta II Edici\u00f3n del Festival el pr\u00f3ximo 6 de julio. Entradas a la venta en www.concertmusicfestival.com, Ticketmaster Espa\u00f1a y Taquilla Mediaset a partir del mi\u00e9rcoles 19 de diciembre a las 10:00h.<a class=\"moretag\" href=\"https:\/\/www.manologarciaycia.com\/?p=18735\" title=\"Manolo Garc\u00eda en el Concert Music Festival de Sancti Petri 2019\" target=\"_self\" rel=\"follow\"> <font face=arial size=2>[Leer m\u00e1s]<\/font> <\/a><\/p>\n","protected":false},"author":2,"featured_media":18737,"comment_status":"closed","ping_status":"closed","sticky":false,"template":"","format":"standard","meta":{"footnotes":""},"categories":[1],"tags":[],"class_list":["post-18735","post","type-post","status-publish","format-standard","has-post-thumbnail","hentry","category-manolo-garcia"],"_links":{"self":[{"href":"https:\/\/www.manologarciaycia.com\/index.php?rest_route=\/wp\/v2\/posts\/18735","targetHints":{"allow":["GET"]}}],"collection":[{"href":"https:\/\/www.manologarciaycia.com\/index.php?rest_route=\/wp\/v2\/posts"}],"about":[{"href":"https:\/\/www.manologarciaycia.com\/index.php?rest_route=\/wp\/v2\/types\/post"}],"author":[{"embeddable":true,"href":"https:\/\/www.manologarciaycia.com\/index.php?rest_route=\/wp\/v2\/users\/2"}],"replies":[{"embeddable":true,"href":"https:\/\/www.manologarciaycia.com\/index.php?rest_route=%2Fwp%2Fv2%2Fcomments&post=18735"}],"version-history":[{"count":1,"href":"https:\/\/www.manologarciaycia.com\/index.php?rest_route=\/wp\/v2\/posts\/18735\/revisions"}],"predecessor-version":[{"id":18736,"href":"https:\/\/www.manologarciaycia.com\/index.php?rest_route=\/wp\/v2\/posts\/18735\/revisions\/18736"}],"wp:featuredmedia":[{"embeddable":true,"href":"https:\/\/www.manologarciaycia.com\/index.php?rest_route=\/wp\/v2\/media\/18737"}],"wp:attachment":[{"href":"https:\/\/www.manologarciaycia.com\/index.php?rest_route=%2Fwp%2Fv2%2Fmedia&parent=18735"}],"wp:term":[{"taxonomy":"category","embeddable":true,"href":"https:\/\/www.manologarciaycia.com\/index.php?rest_route=%2Fwp%2Fv2%2Fcategories&post=18735"},{"taxonomy":"post_tag","embeddable":true,"href":"https:\/\/www.manologarciaycia.com\/index.php?rest_route=%2Fwp%2Fv2%2Ftags&post=18735"}],"curies":[{"name":"wp","href":"https:\/\/api.w.org\/{rel}","templated":true}]}}