{"id":18720,"date":"2018-12-18T09:28:54","date_gmt":"2018-12-18T08:28:54","guid":{"rendered":"https:\/\/www.manologarciaycia.com\/?p=18720"},"modified":"2018-12-19T06:44:27","modified_gmt":"2018-12-19T05:44:27","slug":"atentos-hoy","status":"publish","type":"post","link":"https:\/\/www.manologarciaycia.com\/?p=18720","title":{"rendered":"Atentos!!! Gira 2019"},"content":{"rendered":"\n<h1 class=\"wp-block-heading\"><\/h1>\n\n\n\n<p class=\"wp-block-paragraph\">Estamos a la espera de que en breve (hoy mismo seg\u00fan nos informan, y si es ma\u00f1ana no pasa nada) se publique todo lo relativo a la Gira Ac\u00fastico, Ac\u00fastico (2019) de Manolo Garc\u00eda, de manera oficial.<\/p>\n\n\n\n<p class=\"wp-block-paragraph\">Entendemos que hay bastante expectaci\u00f3n y que todo el mundo est\u00e1 deseoso de saber m\u00e1s. Pero como siempre ha habido personas \/ medios \/ aficionados que no han podido contenerse hasta que se hiciera oficial y se han acabado desvelando ya algunas ciudades \/ fechas &#8211; incluso alg\u00fan que otro cartel &#8211; anticip\u00e1ndose a ese factor sorpresa que el artista y su gente quieren mantener; que tampoco pasa nada, pero es que en este tipo de cosas, hay detalles, cierres de \u00faltima hora, anuncios de festivales, compromisos, etc. etc. que a veces conllevan que se hagan p\u00fablicos en un momento concreto, y no antes.<\/p>\n\n\n\n<p class=\"wp-block-paragraph\">Cuando se sepa oficialmente, se sabr\u00e1. Paciencia. En principio las entradas saldr\u00e1n a la venta el 20\/12\/18.<\/p>\n\n\n\n<p class=\"wp-block-paragraph\">Por el momento parece que se confirman:<\/p>\n\n\n\n<p class=\"wp-block-paragraph\">&#8211; Alicante 13 y 14 de abril (noticia en AlicantePlaza.es <a href=\"https:\/\/alicanteplaza.es\/cinco-horas-con-mario-manolo-garcia-y-queen-en-el-principal-en-primavera\" target=\"_blank\" rel=\"noreferrer noopener\" aria-label=\"- Alicante 13 y 14 de abril (noticia en AlicantePlaza.es ENLACE) (abre en una nueva pesta\u00f1a)\">ENLACE<\/a>)<\/p>\n\n\n\n<p class=\"wp-block-paragraph\">&#8211; Herrera del Duque 11 Mayo (noticia en Hoy.es <a href=\"https:\/\/herreradelduque.hoy.es\/cantante-manolo-garcia-20181218160526-nt.html\" target=\"_blank\" rel=\"noreferrer noopener\" aria-label=\"- Herrera del Duque 11 Mayo (noticia en Hoy.es ENLACE) (abre en una nueva pesta\u00f1a)\">ENLACE<\/a>)<\/p>\n\n\n\n<p class=\"wp-block-paragraph\">#ManoloGarc\u00eda&nbsp;#Ac\u00fasticoAc\u00fastico&nbsp;#Gira2019<\/p>\n","protected":false},"excerpt":{"rendered":"<p>Estamos a la espera de que en breve (hoy mismo seg\u00fan nos informan, y si es ma\u00f1ana no pasa nada) se publique todo lo relativo a la Gira Ac\u00fastico, Ac\u00fastico (2019) de Manolo Garc\u00eda, de manera oficial. Entendemos que hay bastante expectaci\u00f3n y que todo el mundo est\u00e1 deseoso de saber m\u00e1s. Pero como siempre<a class=\"moretag\" href=\"https:\/\/www.manologarciaycia.com\/?p=18720\" title=\"Atentos!!! Gira 2019\" target=\"_self\" rel=\"follow\"> <font face=arial size=2>[Leer m\u00e1s]<\/font> <\/a><\/p>\n","protected":false},"author":2,"featured_media":18721,"comment_status":"closed","ping_status":"closed","sticky":false,"template":"","format":"standard","meta":{"footnotes":""},"categories":[1],"tags":[],"class_list":["post-18720","post","type-post","status-publish","format-standard","has-post-thumbnail","hentry","category-manolo-garcia"],"_links":{"self":[{"href":"https:\/\/www.manologarciaycia.com\/index.php?rest_route=\/wp\/v2\/posts\/18720","targetHints":{"allow":["GET"]}}],"collection":[{"href":"https:\/\/www.manologarciaycia.com\/index.php?rest_route=\/wp\/v2\/posts"}],"about":[{"href":"https:\/\/www.manologarciaycia.com\/index.php?rest_route=\/wp\/v2\/types\/post"}],"author":[{"embeddable":true,"href":"https:\/\/www.manologarciaycia.com\/index.php?rest_route=\/wp\/v2\/users\/2"}],"replies":[{"embeddable":true,"href":"https:\/\/www.manologarciaycia.com\/index.php?rest_route=%2Fwp%2Fv2%2Fcomments&post=18720"}],"version-history":[{"count":4,"href":"https:\/\/www.manologarciaycia.com\/index.php?rest_route=\/wp\/v2\/posts\/18720\/revisions"}],"predecessor-version":[{"id":18738,"href":"https:\/\/www.manologarciaycia.com\/index.php?rest_route=\/wp\/v2\/posts\/18720\/revisions\/18738"}],"wp:featuredmedia":[{"embeddable":true,"href":"https:\/\/www.manologarciaycia.com\/index.php?rest_route=\/wp\/v2\/media\/18721"}],"wp:attachment":[{"href":"https:\/\/www.manologarciaycia.com\/index.php?rest_route=%2Fwp%2Fv2%2Fmedia&parent=18720"}],"wp:term":[{"taxonomy":"category","embeddable":true,"href":"https:\/\/www.manologarciaycia.com\/index.php?rest_route=%2Fwp%2Fv2%2Fcategories&post=18720"},{"taxonomy":"post_tag","embeddable":true,"href":"https:\/\/www.manologarciaycia.com\/index.php?rest_route=%2Fwp%2Fv2%2Ftags&post=18720"}],"curies":[{"name":"wp","href":"https:\/\/api.w.org\/{rel}","templated":true}]}}