{"id":18714,"date":"2018-12-16T07:40:52","date_gmt":"2018-12-16T06:40:52","guid":{"rendered":"https:\/\/www.manologarciaycia.com\/?p=18714"},"modified":"2018-12-16T07:40:57","modified_gmt":"2018-12-16T06:40:57","slug":"manolo-garcia-me-sulfato-las-canas-y-que","status":"publish","type":"post","link":"https:\/\/www.manologarciaycia.com\/?p=18714","title":{"rendered":"Manolo Garc\u00eda: \u201cMe sulfato las canas, \u00bfy qu\u00e9?\u201d"},"content":{"rendered":"\n<h2 class=\"wp-block-heading\">El m\u00fasico, flamante Ondas a toda su carrera, sigue en busca de la canci\u00f3n perfecta y abjura de la velocidad y los relojes<\/h2>\n\n\n\n<p class=\"wp-block-paragraph\">Ser\u00e1 sugesti\u00f3n, nostalgia, chochez prematura, vale. Pero es verle, y parecerle a una estar oyendo los guitarrazos y las proclamas de&nbsp;<em>Insurrecci\u00f3n<\/em>&nbsp;durante toda la entrevista. Hace ya la friolera de 32 a\u00f1os del lanzamiento de esa canci\u00f3n, convertida en himno generacional a base de persistencia. Y nada menos que 20 de la disoluci\u00f3n del grupo. Pero Manolo Garc\u00eda, la mitad de aquel d\u00fao con Quimi Portet que lo alumbr\u00f3 en su d\u00eda, sigue siendo para muchos el moreno de El \u00faltimo de la fila. Lo sabe. No solo no reniega, sino que lo reivindica.Sus dos d\u00e9cadas de carrera en solitario beben de aquellas fuentes. De cerca, impresiona el tono templad\u00edsimo, casi zen, de su voz sin micr\u00f3fono. La vena intensa, el verbo frondoso y el pelo sospechosamente zaino son, casi, los mismos.<\/p>\n\n\n\n<p class=\"wp-block-paragraph\">\u00a0<strong>El \u201c\u00bfD\u00f3nde estabas entonces?\u201d se ha convertido en el ep\u00edtome del reproche amoroso.<\/strong><\/p>\n\n\n\n<p class=\"wp-block-paragraph\">F\u00edjate que no era un verso de amor. Era un recado a los tipos que nos llevaban en los primeros tiempos a Quimi y a m\u00ed. Nos hart\u00e1bamos de currar y llenar locales y no ve\u00edamos un duro. Pero eso es lo grande de las canciones, que si llegan a la fibra, sirven para todo.<\/p>\n\n\n\n<p class=\"wp-block-paragraph\"><strong>\u00bfSe siente hoy herido por las flechas de la incertidumbre, o llamado a las filas del la Insurrecci\u00f3n?<\/strong><\/p>\n\n\n\n<p class=\"wp-block-paragraph\">Ambas cosas. El ser humano est\u00e1 estigmatizado por la incertidumbre desde que nos bajamos de los \u00e1rboles. El reto, lo interesante es buscar tu camino. La insurrecci\u00f3n pac\u00edfica es necesaria. La lucha por la justicia social, el reparto de la riqueza, una vida digna. Siempre hay que estar alerta. Las injusticias hay que pararlas.<\/p>\n\n\n\n<p class=\"wp-block-paragraph\"><strong>\u00bfY la insurrecci\u00f3n de los CDR?<\/strong><\/p>\n\n\n\n<p class=\"wp-block-paragraph\">Esa es otra batalla. Mi idea de la insureccion ser\u00eda obligar a los politicos a sentarse a hablar un d\u00eda, tres, trescientos, hasta llegar a un acuerdo. Es su trabajo, por eso les elegimos y les pagamos.<\/p>\n\n\n\n<p class=\"wp-block-paragraph\"><strong>Pero usted &#8216;indepe&#8217; no es, \u00bfno?<\/strong><\/p>\n\n\n\n<p class=\"wp-block-paragraph\">No voy a contestar. Mi postura es conocida. Pero estoy de vacaciones pol\u00edticas. Me he cansado. No de mis opiniones, sino de los pol\u00edticos. Y de la falta de respeto. El respeto est\u00e1 cobrando un protagonismo in\u00e9dito porque se est\u00e1 perdiendo. Pongamos a luchar las opiniones para que no tengan que luchar las personas. Estamos todos en el mismo barco, y el barco es important\u00edsimo, porque solo hay uno, que es el planeta, y eso se va a ver dram\u00e1ticamente en los pr\u00f3ximos a\u00f1os.<\/p>\n\n\n\n<p class=\"wp-block-paragraph\"><strong>\u00bfUna pareja como la suya con Portet, con todas sus diferencias, ser\u00eda posible hoy en Catalu\u00f1a?<\/strong><\/p>\n\n\n\n<p class=\"wp-block-paragraph\">Absolutamente. Seguro de que las hay. Esa fraternidad, esa suma en lo humano y lo art\u00edstico, solo da beneficios, incluso pol\u00edticos.<\/p>\n\n\n\n<p class=\"wp-block-paragraph\"><strong>Conozco a mucha gente que le ama y otra a la que le horroriza.<\/strong><\/p>\n\n\n\n<p class=\"wp-block-paragraph\">Yo no me meto con nadie. La voz humana atrae, o repele. Puede subyugarte o puede obligarte a cambiar de emisora. Y luego est\u00e1 el personaje. Yo hablo, no me callo, y lo que digo puede gustar o no. A m\u00ed tampoco me gustan otros cantantes. La m\u00fasica es un arte para tocar la fibra. Estoy aqu\u00ed porque quiero. Podr\u00eda estar pintando el resto de mi vida. Pero tengo proyectos art\u00edsticos que me dan alegr\u00eda, me dan de comer y, ya el bingo total, hacen feliz a la gente. No me lo invento. As\u00ed me lo hacen saber. Ese es mi \u00fanico poder: emocionar a la gente.<\/p>\n\n\n\n<p class=\"wp-block-paragraph\"><strong>Insurrecci\u00f3n, incertidumbre. \u00bfCu\u00e1l es el tiempo de ahora?<\/strong><\/p>\n\n\n\n<p class=\"wp-block-paragraph\">El de la ansiedad. El de querer abarcarlo todo con una mano muy peque\u00f1a. La velocidad nos est\u00e1 perdiendo. Estamos todo el d\u00eda trabajando para comprar chorradas. Tenemos el cerebro alterado, le estamos dando demasiado trabajo. El coraz\u00f3n se maneja, pero el cerebro est\u00e1 por joder, va de culo y nos hace ir de culo. El coraz\u00f3n se calma con una guitarra, yo me acuno, me canto a m\u00ed mismo, pero el cerebro&#8230;<\/p>\n\n\n\n<p class=\"wp-block-paragraph\"><strong>No me diga que se<\/strong>&nbsp;<strong>sigue emocionando con sus propias canciones.<\/strong><\/p>\n\n\n\n<p class=\"wp-block-paragraph\">S\u00ed, no me averg\u00fcenza. Me emociona la voz humana, incluso la m\u00eda. A veces, cantando las primeras frases de un texto que has escrito t\u00fa y te lo crees, porque es tu puto texto, te da un subid\u00f3n como cuando te tomas un caf\u00e9 y una magdalena a las nueve de la ma\u00f1ana. As\u00ed empec\u00e9 en esto. A los 14 a\u00f1os, o\u00ed a Led Zeppelin y flip\u00e9. Un d\u00eda pens\u00e9, qu\u00e9 co\u00f1o, yo tengo una voz bonita, yo voy a cantar y a hacer canciones. Esa fue mi licenciatura.<\/p>\n\n\n\n<p class=\"wp-block-paragraph\"><strong>As\u00ed se me antojaba usted de joven al Pijoaparte, el novio obrero de la pija catalana de &#8216;\u00daltimas tardes con Teresa&#8217;, de Mars\u00e9.<\/strong><\/p>\n\n\n\n<p class=\"wp-block-paragraph\">Bueno, soy un chico de barrio. En el m\u00edo hab\u00eda chabolas, droga. Algo hab\u00eda de eso. De ese orgullo de clase obrera, de esa reacci\u00f3n de ir a la contra de lo de arriba.<\/p>\n\n\n\n<p class=\"wp-block-paragraph\"><strong>Tiene usted ya 63 tacos&#8230;<\/strong><\/p>\n\n\n\n<p class=\"wp-block-paragraph\">Perdona, yo no tengo a\u00f1os.<\/p>\n\n\n\n<p class=\"wp-block-paragraph\"><strong>Entonces, qu\u00e9 tiene, \u00bfkilos?<\/strong><\/p>\n\n\n\n<p class=\"wp-block-paragraph\">Proyectos, ansia de vivir, de emocionarme. Si tienes ilusiones, ganas de hacer cosas, vives hasta el \u00faltimo aliento, cuando solo miras hacia atr\u00e1s con nostalgia, eres un puto viejo. Somos esclavos del reloj. Estamos triturados. Yo abolir\u00eda los relojes. Me niego a tener a\u00f1os. D\u00e9jennos vivir. A\u00fan estoy de ida.<\/p>\n\n\n\n<p class=\"wp-block-paragraph\"><strong>As\u00ed conserva ese pelazo negro<\/strong>.<\/p>\n\n\n\n<p class=\"wp-block-paragraph\">Bueno, alguna canilla voy teniendo, pero hay unos tintes estupendos y me las sulfato, s\u00ed, y qu\u00e9?<\/p>\n\n\n\n<p class=\"wp-block-paragraph\"><strong>\u00bfSu canci\u00f3n m\u00e1s redonda?<\/strong><\/p>\n\n\n\n<p class=\"wp-block-paragraph\">No soy tan vanidoso para pensar que he hecho algo redondo, pero s\u00ed veo alguna ovaladita, con curvas, amable. Oigo&nbsp;<em>P\u00e1jaros de Barro<\/em>&nbsp;en un bar y digo, co\u00f1o, esa me sali\u00f3 bien. Esa es una de las razones por las que sigo. No es el dinero, no es la adicci\u00f3n al escenario, no es la vanidad. Siempre estar\u00e9 buscando la canci\u00f3n perfecta que nunca consigo, pero en ello voy pasando el rato y la vida.<\/p>\n\n\n\n<p class=\"wp-block-paragraph\"><strong>Cantando va&#8230;<\/strong><\/p>\n\n\n\n<p class=\"wp-block-paragraph\">&#8230; Cantando vengo. Dicen que el que canta, su mal espanta.<\/p>\n\n\n\n<h4 class=\"wp-block-heading\">20 A\u00d1OS SOLO<\/h4>\n\n\n\n<p class=\"wp-block-paragraph\">Manolo Garc\u00eda (Barcelona, 1955) est\u00e1 de cosecha. Celebra dos d\u00e9cadas de carrera en solitario tras su paso por El \u00faltimo de la fila, y acaba de recoger el Ondas a su trayectoria y el Grammy Latino por el \u00e1lbum &#8216;La geometr\u00eda del rayo&#8217;, cuya versi\u00f3n en directo sale estos d\u00edas.<\/p>\n\n\n\n<p class=\"wp-block-paragraph\">Fuente: El Pais &#8211; Luz Sanchez Mellado &#8211; ENLACE<\/p>\n","protected":false},"excerpt":{"rendered":"<p>El m\u00fasico, flamante Ondas a toda su carrera, sigue en busca de la canci\u00f3n perfecta y abjura de la velocidad y los relojes Ser\u00e1 sugesti\u00f3n, nostalgia, chochez prematura, vale. Pero es verle, y parecerle a una estar oyendo los guitarrazos y las proclamas de&nbsp;Insurrecci\u00f3n&nbsp;durante toda la entrevista. Hace ya la friolera de 32 a\u00f1os del<a class=\"moretag\" href=\"https:\/\/www.manologarciaycia.com\/?p=18714\" title=\"Manolo Garc\u00eda: \u201cMe sulfato las canas, \u00bfy qu\u00e9?\u201d\" target=\"_self\" rel=\"follow\"> <font face=arial size=2>[Leer m\u00e1s]<\/font> <\/a><\/p>\n","protected":false},"author":2,"featured_media":18715,"comment_status":"closed","ping_status":"closed","sticky":false,"template":"","format":"standard","meta":{"footnotes":""},"categories":[1],"tags":[],"class_list":["post-18714","post","type-post","status-publish","format-standard","has-post-thumbnail","hentry","category-manolo-garcia"],"_links":{"self":[{"href":"https:\/\/www.manologarciaycia.com\/index.php?rest_route=\/wp\/v2\/posts\/18714","targetHints":{"allow":["GET"]}}],"collection":[{"href":"https:\/\/www.manologarciaycia.com\/index.php?rest_route=\/wp\/v2\/posts"}],"about":[{"href":"https:\/\/www.manologarciaycia.com\/index.php?rest_route=\/wp\/v2\/types\/post"}],"author":[{"embeddable":true,"href":"https:\/\/www.manologarciaycia.com\/index.php?rest_route=\/wp\/v2\/users\/2"}],"replies":[{"embeddable":true,"href":"https:\/\/www.manologarciaycia.com\/index.php?rest_route=%2Fwp%2Fv2%2Fcomments&post=18714"}],"version-history":[{"count":1,"href":"https:\/\/www.manologarciaycia.com\/index.php?rest_route=\/wp\/v2\/posts\/18714\/revisions"}],"predecessor-version":[{"id":18716,"href":"https:\/\/www.manologarciaycia.com\/index.php?rest_route=\/wp\/v2\/posts\/18714\/revisions\/18716"}],"wp:featuredmedia":[{"embeddable":true,"href":"https:\/\/www.manologarciaycia.com\/index.php?rest_route=\/wp\/v2\/media\/18715"}],"wp:attachment":[{"href":"https:\/\/www.manologarciaycia.com\/index.php?rest_route=%2Fwp%2Fv2%2Fmedia&parent=18714"}],"wp:term":[{"taxonomy":"category","embeddable":true,"href":"https:\/\/www.manologarciaycia.com\/index.php?rest_route=%2Fwp%2Fv2%2Fcategories&post=18714"},{"taxonomy":"post_tag","embeddable":true,"href":"https:\/\/www.manologarciaycia.com\/index.php?rest_route=%2Fwp%2Fv2%2Ftags&post=18714"}],"curies":[{"name":"wp","href":"https:\/\/api.w.org\/{rel}","templated":true}]}}