{"id":18708,"date":"2018-12-14T20:11:17","date_gmt":"2018-12-14T19:11:17","guid":{"rendered":"https:\/\/www.manologarciaycia.com\/?p=18708"},"modified":"2018-12-14T21:07:21","modified_gmt":"2018-12-14T20:07:21","slug":"sobre-la-gira-2019-acustica-de-manolo-garcia","status":"publish","type":"post","link":"https:\/\/www.manologarciaycia.com\/?p=18708","title":{"rendered":"Gira 2019 Ac\u00fastica de Manolo Garc\u00eda, en Abril en Alicante"},"content":{"rendered":"\n<p class=\"wp-block-paragraph\">Diciembre<\/p>\n\n\n\n<p class=\"wp-block-paragraph\">A falta de confirmaci\u00f3n oficial, se acaba de publicar en varios medios la presentaci\u00f3n de la Temporada de Primavera del Teatro Principal de Alicante, y seg\u00fan informan, la gira 2019 de Manolo Garc\u00eda (Ac\u00fastico, ac\u00fastico) recalar\u00e1 en Abril en dicha ciudad (13 y 14)<\/p>\n\n\n\n<p class=\"wp-block-paragraph\">Seg\u00fan C\u00faltura de Alicante y el mismo Teatro Principal las entradas se pondr\u00edan a la venta la pr\u00f3xima semana (20 diciembre).<\/p>\n\n\n\n<p class=\"wp-block-paragraph\">En cuanto haya comunicaci\u00f3n oficial, que ser\u00e1 en breve, la publicaremos.<\/p>\n","protected":false},"excerpt":{"rendered":"<p>Diciembre A falta de confirmaci\u00f3n oficial, se acaba de publicar en varios medios la presentaci\u00f3n de la Temporada de Primavera del Teatro Principal de Alicante, y seg\u00fan informan, la gira 2019 de Manolo Garc\u00eda (Ac\u00fastico, ac\u00fastico) recalar\u00e1 en Abril en dicha ciudad (13 y 14) Seg\u00fan C\u00faltura de Alicante y el mismo Teatro Principal las<a class=\"moretag\" href=\"https:\/\/www.manologarciaycia.com\/?p=18708\" title=\"Gira 2019 Ac\u00fastica de Manolo Garc\u00eda, en Abril en Alicante\" target=\"_self\" rel=\"follow\"> <font face=arial size=2>[Leer m\u00e1s]<\/font> <\/a><\/p>\n","protected":false},"author":2,"featured_media":18710,"comment_status":"closed","ping_status":"closed","sticky":false,"template":"","format":"standard","meta":{"footnotes":""},"categories":[1],"tags":[],"class_list":["post-18708","post","type-post","status-publish","format-standard","has-post-thumbnail","hentry","category-manolo-garcia"],"_links":{"self":[{"href":"https:\/\/www.manologarciaycia.com\/index.php?rest_route=\/wp\/v2\/posts\/18708","targetHints":{"allow":["GET"]}}],"collection":[{"href":"https:\/\/www.manologarciaycia.com\/index.php?rest_route=\/wp\/v2\/posts"}],"about":[{"href":"https:\/\/www.manologarciaycia.com\/index.php?rest_route=\/wp\/v2\/types\/post"}],"author":[{"embeddable":true,"href":"https:\/\/www.manologarciaycia.com\/index.php?rest_route=\/wp\/v2\/users\/2"}],"replies":[{"embeddable":true,"href":"https:\/\/www.manologarciaycia.com\/index.php?rest_route=%2Fwp%2Fv2%2Fcomments&post=18708"}],"version-history":[{"count":3,"href":"https:\/\/www.manologarciaycia.com\/index.php?rest_route=\/wp\/v2\/posts\/18708\/revisions"}],"predecessor-version":[{"id":18713,"href":"https:\/\/www.manologarciaycia.com\/index.php?rest_route=\/wp\/v2\/posts\/18708\/revisions\/18713"}],"wp:featuredmedia":[{"embeddable":true,"href":"https:\/\/www.manologarciaycia.com\/index.php?rest_route=\/wp\/v2\/media\/18710"}],"wp:attachment":[{"href":"https:\/\/www.manologarciaycia.com\/index.php?rest_route=%2Fwp%2Fv2%2Fmedia&parent=18708"}],"wp:term":[{"taxonomy":"category","embeddable":true,"href":"https:\/\/www.manologarciaycia.com\/index.php?rest_route=%2Fwp%2Fv2%2Fcategories&post=18708"},{"taxonomy":"post_tag","embeddable":true,"href":"https:\/\/www.manologarciaycia.com\/index.php?rest_route=%2Fwp%2Fv2%2Ftags&post=18708"}],"curies":[{"name":"wp","href":"https:\/\/api.w.org\/{rel}","templated":true}]}}