{"id":18637,"date":"2018-12-09T07:00:33","date_gmt":"2018-12-09T06:00:33","guid":{"rendered":"https:\/\/www.manologarciaycia.com\/?p=18637"},"modified":"2018-12-09T07:03:06","modified_gmt":"2018-12-09T06:03:06","slug":"manolo-garcia-invitado-de-lo-siguiente-tve-martes-11-12-18","status":"publish","type":"post","link":"https:\/\/www.manologarciaycia.com\/?p=18637","title":{"rendered":"Manolo Garc\u00eda invitado de &#8216;Lo siguiente&#8217; (TVE), martes 11\/12\/18"},"content":{"rendered":"\n<p class=\"wp-block-paragraph\">El lunes, el chef Dani Garc\u00eda. Martes, turno para el cantante <strong>Manolo Garc\u00eda.\u00a0<\/strong>El mi\u00e9rcoles, el exconcursante de &#8216;Operaci\u00f3n Triunfo 2017&#8217;, Cepeda. Y el jueves, la pareja de actores Dani Rovira y Michelle Jenner. <strong>Cada noche, a las 22:05 horas, en La 1<\/strong><\/p>\n\n\n\n<p class=\"wp-block-paragraph\"><strong>Raquel S\u00e1nchez Silva recibir\u00e1 la pr\u00f3xima semana en el plat\u00f3 de &#8216;Lo siguiente&#8217; al cocinero Dani Garc\u00eda, al cantante Manolo Garc\u00eda, al concursante de la pasada edici\u00f3n de &#8216;OT 2017&#8217; Cepeda, y a los actores Dani Rovira y Michelle Jenner.<\/strong><\/p>\n\n\n\n<p class=\"wp-block-paragraph\">Dani Garc\u00eda ser\u00e1 el encargado de inaugurar la semana. El chef andaluz, que cuenta con tres estrellas Michelin, se posiciona como uno de los cocineros con mayor proyecci\u00f3n internacional en la actualidad. El martes estar\u00e1 en el plat\u00f3 de &#8216;Lo siguiente&#8217; Manolo Garc\u00eda. El cantante ha recorrido toda Espa\u00f1a con la gira de su \u00faltimo trabajo, &#8216;Geometr\u00eda del rayo&#8217;. El mi\u00e9rcoles ser\u00e1 el turno de Cepeda, ex concursante de &#8216;Operaci\u00f3n Triunfo 2017&#8217;, que ya ha sacado su primer disco, &#8216;Principios&#8217;. Finalmente, el jueves estar\u00e1n los actores Dani Rovira y Michelle Jenner, para presentar su \u00faltima pel\u00edcula, &#8216;Miamor perdido&#8217;, que cuenta con la participaci\u00f3n de RTVE.<\/p>\n\n\n\n<p class=\"wp-block-paragraph\">&#8216;Lo siguiente&#8217;, el programa de entrevistas y humor del access de La 1, producido por RTVE en colaboraci\u00f3n con Secuoya Contenidos, es un divertido formato que busca sorprender al espectador y al invitado de cada d\u00eda con ins\u00f3litas secciones y que saldr\u00e1 del estudio para tomar el pulso a la calle. Una decena de colaboradores pasan durante la semana por el plat\u00f3 del espacio.<\/p>\n\n\n\n<p class=\"wp-block-paragraph\">Fuente: RTVE &#8211; <a href=\"http:\/\/www.rtve.es\/rtve\/20181207\/dani-garcia-manolo-garcia-cepeda-dani-rovira-michelle-jenner-invitados-siguiente\/1850121.shtml\">ENLACE<\/a><\/p>\n","protected":false},"excerpt":{"rendered":"<p>El lunes, el chef Dani Garc\u00eda. Martes, turno para el cantante Manolo Garc\u00eda.\u00a0El mi\u00e9rcoles, el exconcursante de &#8216;Operaci\u00f3n Triunfo 2017&#8217;, Cepeda. Y el jueves, la pareja de actores Dani Rovira y Michelle Jenner. Cada noche, a las 22:05 horas, en La 1 Raquel S\u00e1nchez Silva recibir\u00e1 la pr\u00f3xima semana en el plat\u00f3 de &#8216;Lo siguiente&#8217;<a class=\"moretag\" href=\"https:\/\/www.manologarciaycia.com\/?p=18637\" title=\"Manolo Garc\u00eda invitado de &#8216;Lo siguiente&#8217; (TVE), martes 11\/12\/18\" target=\"_self\" rel=\"follow\"> <font face=arial size=2>[Leer m\u00e1s]<\/font> <\/a><\/p>\n","protected":false},"author":2,"featured_media":18638,"comment_status":"closed","ping_status":"closed","sticky":false,"template":"","format":"standard","meta":{"footnotes":""},"categories":[1],"tags":[],"class_list":["post-18637","post","type-post","status-publish","format-standard","has-post-thumbnail","hentry","category-manolo-garcia"],"_links":{"self":[{"href":"https:\/\/www.manologarciaycia.com\/index.php?rest_route=\/wp\/v2\/posts\/18637","targetHints":{"allow":["GET"]}}],"collection":[{"href":"https:\/\/www.manologarciaycia.com\/index.php?rest_route=\/wp\/v2\/posts"}],"about":[{"href":"https:\/\/www.manologarciaycia.com\/index.php?rest_route=\/wp\/v2\/types\/post"}],"author":[{"embeddable":true,"href":"https:\/\/www.manologarciaycia.com\/index.php?rest_route=\/wp\/v2\/users\/2"}],"replies":[{"embeddable":true,"href":"https:\/\/www.manologarciaycia.com\/index.php?rest_route=%2Fwp%2Fv2%2Fcomments&post=18637"}],"version-history":[{"count":2,"href":"https:\/\/www.manologarciaycia.com\/index.php?rest_route=\/wp\/v2\/posts\/18637\/revisions"}],"predecessor-version":[{"id":18641,"href":"https:\/\/www.manologarciaycia.com\/index.php?rest_route=\/wp\/v2\/posts\/18637\/revisions\/18641"}],"wp:featuredmedia":[{"embeddable":true,"href":"https:\/\/www.manologarciaycia.com\/index.php?rest_route=\/wp\/v2\/media\/18638"}],"wp:attachment":[{"href":"https:\/\/www.manologarciaycia.com\/index.php?rest_route=%2Fwp%2Fv2%2Fmedia&parent=18637"}],"wp:term":[{"taxonomy":"category","embeddable":true,"href":"https:\/\/www.manologarciaycia.com\/index.php?rest_route=%2Fwp%2Fv2%2Fcategories&post=18637"},{"taxonomy":"post_tag","embeddable":true,"href":"https:\/\/www.manologarciaycia.com\/index.php?rest_route=%2Fwp%2Fv2%2Ftags&post=18637"}],"curies":[{"name":"wp","href":"https:\/\/api.w.org\/{rel}","templated":true}]}}