{"id":18555,"date":"2018-12-02T07:44:24","date_gmt":"2018-12-02T06:44:24","guid":{"rendered":"https:\/\/www.manologarciaycia.com\/?p=18555"},"modified":"2018-12-02T07:45:55","modified_gmt":"2018-12-02T06:45:55","slug":"mai-es-tard-nunca-es-tarde","status":"publish","type":"post","link":"https:\/\/www.manologarciaycia.com\/?p=18555","title":{"rendered":"\u00abMai \u00e9s tard\u00bb \/ \u00abNunca es tarde\u00bb Manolo Garc\u00eda para el Disc de la Marat\u00f3"},"content":{"rendered":"<p>Tema con el que Manolo Garc\u00eda participa en el Disc de\u00a0La Marat\u00f3 de TV3\u00a0que sale a la venta hoy con todos los peri\u00f3dicos en Catalunya i en\u00a0iTunes.<\/p>\n<p>La Marat\u00f3 de TV3 es un proyecto solidario impulsado por Televisi\u00f3n de Catalu\u00f1a y la Fundaci\u00f3n La Marat\u00f3 de TV3 y enfocado a obtener recursos econ\u00f3micos para la investigaci\u00f3n cient\u00edfica de enfermedades. Este a\u00f1o: C\u00e1ncer. La investigaci\u00f3n da vida!!<\/p>\n<p>Ivette Nadal\u00a0ha participado e<span class=\"text_exposed_show\">n la adaptaci\u00f3n de Nunca es tarde al Catal\u00e0<\/span><\/p>\n<div class=\"text_exposed_show\">\n<p><span class=\"_5afx\"><span class=\"_58cl _5afz\" aria-label=\"hashtag\">#<\/span><span class=\"_58cm\">LaMarato<\/span><\/span>\u00a0<span class=\"_5afx\"><span class=\"_58cl _5afz\" aria-label=\"hashtag\">#<\/span><span class=\"_58cm\">ManoloGarc\u00eda<\/span><\/span>\u00a0<span class=\"_5afx\"><span class=\"_58cl _5afz\" aria-label=\"hashtag\">#<\/span><span class=\"_58cm\">Maiestard<\/span><\/span>\u00a0<span class=\"_5afx\"><span class=\"_58cl _5afz\" aria-label=\"hashtag\">#<\/span><span class=\"_58cm\">Nuncaestarde<\/span><\/span>\u00a0<span class=\"_5afx\"><span class=\"_58cl _5afz\" aria-label=\"hashtag\">#<\/span><span class=\"_58cm\">IvetteNadal<\/span><\/span><\/p>\n<\/div>\n","protected":false},"excerpt":{"rendered":"<p>Tema con el que Manolo Garc\u00eda participa en el Disc de\u00a0La Marat\u00f3 de TV3\u00a0que sale a la venta hoy con todos los peri\u00f3dicos en Catalunya i en\u00a0iTunes. La Marat\u00f3 de TV3 es un proyecto solidario impulsado por Televisi\u00f3n de Catalu\u00f1a y la Fundaci\u00f3n La Marat\u00f3 de TV3 y enfocado a obtener recursos econ\u00f3micos para la<a class=\"moretag\" href=\"https:\/\/www.manologarciaycia.com\/?p=18555\" title=\"\u00abMai \u00e9s tard\u00bb \/ \u00abNunca es tarde\u00bb Manolo Garc\u00eda para el Disc de la Marat\u00f3\" target=\"_self\" rel=\"follow\"> <font face=arial size=2>[Leer m\u00e1s]<\/font> <\/a><\/p>\n","protected":false},"author":2,"featured_media":0,"comment_status":"closed","ping_status":"closed","sticky":false,"template":"","format":"video","meta":{"footnotes":""},"categories":[1],"tags":[],"class_list":["post-18555","post","type-post","status-publish","format-video","hentry","category-manolo-garcia","post_format-post-format-video"],"_links":{"self":[{"href":"https:\/\/www.manologarciaycia.com\/index.php?rest_route=\/wp\/v2\/posts\/18555","targetHints":{"allow":["GET"]}}],"collection":[{"href":"https:\/\/www.manologarciaycia.com\/index.php?rest_route=\/wp\/v2\/posts"}],"about":[{"href":"https:\/\/www.manologarciaycia.com\/index.php?rest_route=\/wp\/v2\/types\/post"}],"author":[{"embeddable":true,"href":"https:\/\/www.manologarciaycia.com\/index.php?rest_route=\/wp\/v2\/users\/2"}],"replies":[{"embeddable":true,"href":"https:\/\/www.manologarciaycia.com\/index.php?rest_route=%2Fwp%2Fv2%2Fcomments&post=18555"}],"version-history":[{"count":2,"href":"https:\/\/www.manologarciaycia.com\/index.php?rest_route=\/wp\/v2\/posts\/18555\/revisions"}],"predecessor-version":[{"id":18557,"href":"https:\/\/www.manologarciaycia.com\/index.php?rest_route=\/wp\/v2\/posts\/18555\/revisions\/18557"}],"wp:attachment":[{"href":"https:\/\/www.manologarciaycia.com\/index.php?rest_route=%2Fwp%2Fv2%2Fmedia&parent=18555"}],"wp:term":[{"taxonomy":"category","embeddable":true,"href":"https:\/\/www.manologarciaycia.com\/index.php?rest_route=%2Fwp%2Fv2%2Fcategories&post=18555"},{"taxonomy":"post_tag","embeddable":true,"href":"https:\/\/www.manologarciaycia.com\/index.php?rest_route=%2Fwp%2Fv2%2Ftags&post=18555"}],"curies":[{"name":"wp","href":"https:\/\/api.w.org\/{rel}","templated":true}]}}