{"id":18552,"date":"2018-12-01T10:53:35","date_gmt":"2018-12-01T09:53:35","guid":{"rendered":"https:\/\/www.manologarciaycia.com\/?p=18552"},"modified":"2018-12-01T10:54:36","modified_gmt":"2018-12-01T09:54:36","slug":"manolo-garcia-gracias-por-el-premio-a-una-carrera-pero-por-favor-dejadme-seguir-quiero-seguir-entrevista-en-la-noche-de-cope","status":"publish","type":"post","link":"https:\/\/www.manologarciaycia.com\/?p=18552","title":{"rendered":"Manolo Garc\u00eda: \u00abGracias por el premio a una carrera, pero por favor dejadme seguir. Quiero seguir\u00bb Entrevista en La Noche de COPE"},"content":{"rendered":"<p>Manolo Garc\u00eda, ganador del Grammy Latino a mejor \u00e1lbum pop rock por &#8216;Geometr\u00eda del rayo&#8217;, nos cuenta sus sensaciones en &#8216;La Noche de COPE&#8217;<\/p>\n<p><strong>\u201cGeometr\u00eda del rayo\u201d\u00a0<\/strong>es el t\u00edtulo gen\u00e9rico del \u00faltimo \u00e1lbum de\u00a0<strong>Manolo Garc\u00eda<\/strong>, comenz\u00f3 la gira de presentaci\u00f3n en abril ya ha terminado el pasado 10 de noviembre en Bilbao agotando las localidades en pr\u00e1cticamente todas las ciudades. La guinda de este a\u00f1o lleg\u00f3 el pasado 16 de noviembre en la edici\u00f3n 2018 de los\u00a0<strong>Grammy Latinos cuando recibi\u00f3 el galard\u00f3n al Mejor \u00c1lbum de Pop-Rock<\/strong>.<\/p>\n<p>\u00abLa jubilaci\u00f3n es un derecho no una obligaci\u00f3n\u00bb dec\u00eda Manolo Garc\u00eda sobre los premios que se dan a toda una carrera.<\/p>\n<p><strong>Su \u00faltimo disco se grab\u00f3 entre Rhinebeck en Nueva York y Gerona\u00a0<\/strong>y re\u00fane 16 canciones con la firma de Manolo Garc\u00eda, incluida una doble versi\u00f3n de Oc\u00e9ano azul.<\/p>\n<p>\u00ab<strong>El \u00e1lbum est\u00e1 dedicado de forma expresa a todos aquellos que no pueden vivir sin arte en cualquiera de sus manifestaciones o modalidades<\/strong>, y que no se quieren conformar con la cultura del entretenimiento f\u00e1cil de nuestro tiempo\u00bb dice Manolo Garc\u00eda.<\/p>\n<p>Este cantante curiosamente comenz\u00f3 tocando la bater\u00eda y en grupos como\u00a0<strong>Materia Gris, Sat\u00e1n o Silma y su Conjunto<\/strong>\u00a0y se lo tomaba tan a pecho, que lleg\u00f3 a desmayarse en alg\u00fan que otro escenario.<\/p>\n<p>Luego la cosa se puso seria con\u00a0<strong>Los R\u00e1pidos, los Burros y El \u00daltimo de la Fila<\/strong>, antes de comenzar su\u00a0<strong>carrera en solitario en 1998 con su primer \u00e1lbum \u201cArena en los bolsillos\u201d<\/strong>. Este que acaba de publicar es su s<strong>\u00e9ptimo disco de estudio y con \u00e9l cumple 20 a\u00f1os como solista<\/strong>.<\/p>\n<p>Por cierto, que Manolo Garc\u00eda le da tambi\u00e9n desde muy joven a la pintura y su \u00faltima\u00a0<strong>exposici\u00f3n titulada \u201cEstr\u00e1bica armon\u00eda\u201d<\/strong>\u00a0la acaba de clausurar en Bilbao.<\/p>\n<p>Fuente: Cope &#8211; <a href=\"https:\/\/www.cope.es\/programas\/la-noche\/noticias\/manolo-garcia-gracias-por-premio-una-carrera-pero-por-favor-dejadme-seguir-quiero-seguir-20181130_302381\" target=\"_blank\" rel=\"noopener\">ENLACE<\/a><\/p>\n","protected":false},"excerpt":{"rendered":"<p>Manolo Garc\u00eda, ganador del Grammy Latino a mejor \u00e1lbum pop rock por &#8216;Geometr\u00eda del rayo&#8217;, nos cuenta sus sensaciones en &#8216;La Noche de COPE&#8217; \u201cGeometr\u00eda del rayo\u201d\u00a0es el t\u00edtulo gen\u00e9rico del \u00faltimo \u00e1lbum de\u00a0Manolo Garc\u00eda, comenz\u00f3 la gira de presentaci\u00f3n en abril ya ha terminado el pasado 10 de noviembre en Bilbao agotando las localidades<a class=\"moretag\" href=\"https:\/\/www.manologarciaycia.com\/?p=18552\" title=\"Manolo Garc\u00eda: \u00abGracias por el premio a una carrera, pero por favor dejadme seguir. Quiero seguir\u00bb Entrevista en La Noche de COPE\" target=\"_self\" rel=\"follow\"> <font face=arial size=2>[Leer m\u00e1s]<\/font> <\/a><\/p>\n","protected":false},"author":2,"featured_media":0,"comment_status":"closed","ping_status":"closed","sticky":false,"template":"","format":"audio","meta":{"footnotes":""},"categories":[1],"tags":[],"class_list":["post-18552","post","type-post","status-publish","format-audio","hentry","category-manolo-garcia","post_format-post-format-audio"],"_links":{"self":[{"href":"https:\/\/www.manologarciaycia.com\/index.php?rest_route=\/wp\/v2\/posts\/18552","targetHints":{"allow":["GET"]}}],"collection":[{"href":"https:\/\/www.manologarciaycia.com\/index.php?rest_route=\/wp\/v2\/posts"}],"about":[{"href":"https:\/\/www.manologarciaycia.com\/index.php?rest_route=\/wp\/v2\/types\/post"}],"author":[{"embeddable":true,"href":"https:\/\/www.manologarciaycia.com\/index.php?rest_route=\/wp\/v2\/users\/2"}],"replies":[{"embeddable":true,"href":"https:\/\/www.manologarciaycia.com\/index.php?rest_route=%2Fwp%2Fv2%2Fcomments&post=18552"}],"version-history":[{"count":1,"href":"https:\/\/www.manologarciaycia.com\/index.php?rest_route=\/wp\/v2\/posts\/18552\/revisions"}],"predecessor-version":[{"id":18554,"href":"https:\/\/www.manologarciaycia.com\/index.php?rest_route=\/wp\/v2\/posts\/18552\/revisions\/18554"}],"wp:attachment":[{"href":"https:\/\/www.manologarciaycia.com\/index.php?rest_route=%2Fwp%2Fv2%2Fmedia&parent=18552"}],"wp:term":[{"taxonomy":"category","embeddable":true,"href":"https:\/\/www.manologarciaycia.com\/index.php?rest_route=%2Fwp%2Fv2%2Fcategories&post=18552"},{"taxonomy":"post_tag","embeddable":true,"href":"https:\/\/www.manologarciaycia.com\/index.php?rest_route=%2Fwp%2Fv2%2Ftags&post=18552"}],"curies":[{"name":"wp","href":"https:\/\/api.w.org\/{rel}","templated":true}]}}