{"id":18549,"date":"2018-11-30T09:19:01","date_gmt":"2018-11-30T08:19:01","guid":{"rendered":"https:\/\/www.manologarciaycia.com\/?p=18549"},"modified":"2018-11-30T09:19:33","modified_gmt":"2018-11-30T08:19:33","slug":"geometria-del-rayo-edicon-especial-y-directo-ya-disponible","status":"publish","type":"post","link":"https:\/\/www.manologarciaycia.com\/?p=18549","title":{"rendered":"\u00a1&#8217;Geometr\u00eda del Rayo&#8217; edic\u00f3n especial y directo ya disponible!"},"content":{"rendered":"<p>Despu\u00e9s de ganar el premio Ondas a la trayectoria y un Grammy Latino al Mejor \u00c1lbum de Pop\/Rock con &#8216;Geometr\u00eda del Rayo&#8217;, Manolo Garc\u00eda lanza una edici\u00f3n especial y otra en directo.<\/p>\n<p>YA A LA VENTA EN PLATAFORMAS HABITUALES Y EN:\u00a0<span class=\"text_exposed_show\"><a href=\"https:\/\/manologarcia.lnk.to\/GeometriadelrayoDirectoNe?fbclid=IwAR3q8EVTNwNJASoBJyEW_7Zva6vWFCpSskhg2jmdjlNFiIQhgtU2ZAp5ff4\" target=\"_blank\" rel=\"noopener nofollow\" data-ft=\"{&quot;tn&quot;:&quot;-U&quot;}\" data-lynx-mode=\"async\" data-lynx-uri=\"https:\/\/l.facebook.com\/l.php?u=https%3A%2F%2Fmanologarcia.lnk.to%2FGeometriadelrayoDirectoNe%3Ffbclid%3DIwAR3q8EVTNwNJASoBJyEW_7Zva6vWFCpSskhg2jmdjlNFiIQhgtU2ZAp5ff4&amp;h=AT3ZUKNk_Olr46388GYdjoOwi-ccGKv7ua5JBIONwjEN1sekFUzDM3OKjo5AdO8WD7gZrS_7aAivvvVXCpkTDYyAAF_OA6SMhBrRDjaBXMlnwqp3hNbrtkZoSnk15wW3uyPM-Xor6FQIGNry90Dd7bE2YTf8AYZYeUHtrBOkGQkYWo7NztixmMGjGY7CXJw3ncq7NUwyoR3gQvs1kqJjy7oTDRGcEJLZ_U0EtIM9A1cVkFjiF6ALvSXfJ85-hLQfJQ_0D99w7lgN6gWYFYSnM5zKxfUTUYpppB0SO2P8_wnQqYFf0b8IlJIqEvo5yKNwBMhQTn7Bh-HCyJF8E-4VQ4yVuRxV5oLVrG62YAYMI_GgrMv8zaYrOWh6AWsS2xdwv3Rp6XEXhrWL2DHNBSkfjODwFLPcqGWFk3RjfxJntThXqK4RTMt1flYs3-JPvYOmouO-kMMKb_DtnA8IXvhC9ELMdHDok9ZHzpqxMqGCwNj4AYz9YlkSkJT0iXn2VQLOPebZdOfYiCp_ac9UBTHVhTdmdta5l0JK8w3nZMNuv4YGqBtbBjh6M64rsQjzTRrR_tugwensr4Wpu7HVtj1qJRQPenHyhI662urG8dU\">https:\/\/manologarcia.lnk.to\/GeometriadelrayoDirectoNe<\/a><\/span><\/p>\n<div class=\"text_exposed_show\">\n<p>La edici\u00f3n especial de &#8216;Geometr\u00eda del Rayo&#8217; incluye el \u00e1lbum original con el a\u00f1adido de 2 canciones que solo estuvieron disponibles con la preventa del disco, 2 CD&#8217;s con todos los temas en vivo grabado en el Auditorio Pr\u00edncipe Felipe de Oviedo, para completarse con un DVD de aquel concierto.<\/p>\n<p>El disco en directo incluye los 2 CD&#8217;s con todas las canciones grabadas en Oviedo, entre ellas buena parte de las que conforman su \u00faltimo disco de estudio, y el DVD con 17 canciones.<\/p>\n<p>Ambas ediciones incluyen en su libreto 35 dibujos realizados por el propio Manolo Garc\u00eda en las ciudades donde la gira ha ido recalando, as\u00ed como tambi\u00e9n una amplia selecci\u00f3n de fotograf\u00edas de los conciertos.<\/p>\n<p><span class=\"_5afx\"><span class=\"_58cl _5afz\" aria-label=\"hashtag\">#<\/span><span class=\"_58cm\">ManoloGarc\u00eda<\/span><\/span>\u00a0<span class=\"_5afx\"><span class=\"_58cl _5afz\" aria-label=\"hashtag\">#<\/span><span class=\"_58cm\">Gira2018<\/span><\/span>\u00a0<span class=\"_5afx\"><span class=\"_58cl _5afz\" aria-label=\"hashtag\">#<\/span><span class=\"_58cm\">Ovideo<\/span><\/span>\u00a0<span class=\"_5afx\"><span class=\"_58cl _5afz\" aria-label=\"hashtag\">#<\/span><span class=\"_58cm\">EdicionEspecial<\/span><\/span>\u00a0<span class=\"_5afx\"><span class=\"_58cl _5afz\" aria-label=\"hashtag\">#<\/span><\/span><span class=\"_5afx\"><span class=\"_58cm\">Geometr\u00edadelRayo<\/span><\/span><\/p>\n<\/div>\n","protected":false},"excerpt":{"rendered":"<p>Despu\u00e9s de ganar el premio Ondas a la trayectoria y un Grammy Latino al Mejor \u00c1lbum de Pop\/Rock con &#8216;Geometr\u00eda del Rayo&#8217;, Manolo Garc\u00eda lanza una edici\u00f3n especial y otra en directo. YA A LA VENTA EN PLATAFORMAS HABITUALES Y EN:\u00a0https:\/\/manologarcia.lnk.to\/GeometriadelrayoDirectoNe La edici\u00f3n especial de &#8216;Geometr\u00eda del Rayo&#8217; incluye el \u00e1lbum original con el a\u00f1adido<a class=\"moretag\" href=\"https:\/\/www.manologarciaycia.com\/?p=18549\" title=\"\u00a1&#8217;Geometr\u00eda del Rayo&#8217; edic\u00f3n especial y directo ya disponible!\" target=\"_self\" rel=\"follow\"> <font face=arial size=2>[Leer m\u00e1s]<\/font> <\/a><\/p>\n","protected":false},"author":2,"featured_media":18550,"comment_status":"closed","ping_status":"closed","sticky":false,"template":"","format":"standard","meta":{"footnotes":""},"categories":[1],"tags":[],"class_list":["post-18549","post","type-post","status-publish","format-standard","has-post-thumbnail","hentry","category-manolo-garcia"],"_links":{"self":[{"href":"https:\/\/www.manologarciaycia.com\/index.php?rest_route=\/wp\/v2\/posts\/18549","targetHints":{"allow":["GET"]}}],"collection":[{"href":"https:\/\/www.manologarciaycia.com\/index.php?rest_route=\/wp\/v2\/posts"}],"about":[{"href":"https:\/\/www.manologarciaycia.com\/index.php?rest_route=\/wp\/v2\/types\/post"}],"author":[{"embeddable":true,"href":"https:\/\/www.manologarciaycia.com\/index.php?rest_route=\/wp\/v2\/users\/2"}],"replies":[{"embeddable":true,"href":"https:\/\/www.manologarciaycia.com\/index.php?rest_route=%2Fwp%2Fv2%2Fcomments&post=18549"}],"version-history":[{"count":1,"href":"https:\/\/www.manologarciaycia.com\/index.php?rest_route=\/wp\/v2\/posts\/18549\/revisions"}],"predecessor-version":[{"id":18551,"href":"https:\/\/www.manologarciaycia.com\/index.php?rest_route=\/wp\/v2\/posts\/18549\/revisions\/18551"}],"wp:featuredmedia":[{"embeddable":true,"href":"https:\/\/www.manologarciaycia.com\/index.php?rest_route=\/wp\/v2\/media\/18550"}],"wp:attachment":[{"href":"https:\/\/www.manologarciaycia.com\/index.php?rest_route=%2Fwp%2Fv2%2Fmedia&parent=18549"}],"wp:term":[{"taxonomy":"category","embeddable":true,"href":"https:\/\/www.manologarciaycia.com\/index.php?rest_route=%2Fwp%2Fv2%2Fcategories&post=18549"},{"taxonomy":"post_tag","embeddable":true,"href":"https:\/\/www.manologarciaycia.com\/index.php?rest_route=%2Fwp%2Fv2%2Ftags&post=18549"}],"curies":[{"name":"wp","href":"https:\/\/api.w.org\/{rel}","templated":true}]}}