{"id":18542,"date":"2018-11-29T08:23:30","date_gmt":"2018-11-29T07:23:30","guid":{"rendered":"https:\/\/www.manologarciaycia.com\/?p=18542"},"modified":"2018-11-29T08:23:30","modified_gmt":"2018-11-29T07:23:30","slug":"sabado-1-diciembre-concierto-de-javi-jareno-en-barcelona","status":"publish","type":"post","link":"https:\/\/www.manologarciaycia.com\/?p=18542","title":{"rendered":"Sabado 1 diciembre, concierto de Javi Jare\u00f1o en Barcelona"},"content":{"rendered":"<div class=\"\" data-block=\"true\" data-editor=\"e0n5r\" data-offset-key=\"2rsod-0-0\">\n<div class=\"_1mf _1mj\" data-offset-key=\"2rsod-0-0\"><span data-offset-key=\"2rsod-0-0\">Ya ten\u00e9is un buen plan para el fin de semana: concierto de <\/span><span class=\"_247o\" spellcheck=\"false\" data-offset-key=\"2rsod-1-0\"><span data-offset-key=\"2rsod-1-0\">Javi Jare\u00f1o<\/span><\/span><span data-offset-key=\"2rsod-2-0\"> en la Sala <\/span><span class=\"_247o\" spellcheck=\"false\" data-offset-key=\"2rsod-3-0\"><span data-offset-key=\"2rsod-3-0\">New Fizz<\/span><\/span><span data-offset-key=\"2rsod-4-0\"> de Barcelona el pr\u00f3ximo s\u00e1bado 1 de Diciembre!<\/span><\/div>\n<\/div>\n<div class=\"\" data-block=\"true\" data-editor=\"e0n5r\" data-offset-key=\"89e1d-0-0\">\n<div class=\"_1mf _1mj\" data-offset-key=\"89e1d-0-0\"><span data-offset-key=\"89e1d-0-0\">\u00a0<\/span><\/div>\n<\/div>\n<div class=\"\" data-block=\"true\" data-editor=\"e0n5r\" data-offset-key=\"bmak1-0-0\">\n<div class=\"_1mf _1mj\" data-offset-key=\"bmak1-0-0\"><span data-offset-key=\"bmak1-0-0\">Entradas: <a href=\"https:\/\/www.atrapalo.com\/entradas\/javi-jareno_e4825714\/\" target=\"_blank\" rel=\"noopener\">https:\/\/www.atrapalo.com\/entradas\/javi-jareno_e4825714\/<\/a><\/span><\/div>\n<\/div>\n<div class=\"\" data-block=\"true\" data-editor=\"e0n5r\" data-offset-key=\"9ql3p-0-0\">\n<div class=\"_1mf _1mj\" data-offset-key=\"9ql3p-0-0\"><span data-offset-key=\"9ql3p-0-0\">\u00a0<\/span><\/div>\n<\/div>\n<div class=\"\" data-block=\"true\" data-editor=\"e0n5r\" data-offset-key=\"49n21-0-0\">\n<div class=\"_1mf _1mj\" data-offset-key=\"49n21-0-0\"><span class=\"_5zk7\" spellcheck=\"false\" data-offset-key=\"49n21-0-0\"><span data-offset-key=\"49n21-0-0\">#JaviJare\u00f1o<\/span><\/span> <span class=\"_5zk7\" spellcheck=\"false\" data-offset-key=\"49n21-2-0\"><span data-offset-key=\"49n21-2-0\">#NewFizz<\/span><\/span> <span class=\"_5zk7\" spellcheck=\"false\" data-offset-key=\"49n21-4-0\"><span data-offset-key=\"49n21-4-0\">#Barcelona<\/span><\/span> <span class=\"_5zk7\" spellcheck=\"false\" data-offset-key=\"49n21-6-0\"><span data-offset-key=\"49n21-6-0\">#Directo<\/span><\/span><\/div>\n<\/div>\n","protected":false},"excerpt":{"rendered":"<p>Ya ten\u00e9is un buen plan para el fin de semana: concierto de Javi Jare\u00f1o en la Sala New Fizz de Barcelona el pr\u00f3ximo s\u00e1bado 1 de Diciembre! \u00a0 Entradas: https:\/\/www.atrapalo.com\/entradas\/javi-jareno_e4825714\/ \u00a0 #JaviJare\u00f1o #NewFizz #Barcelona #Directo<a class=\"moretag\" href=\"https:\/\/www.manologarciaycia.com\/?p=18542\" title=\"Sabado 1 diciembre, concierto de Javi Jare\u00f1o en Barcelona\" target=\"_self\" rel=\"follow\"> <font face=arial size=2>[Leer m\u00e1s]<\/font> <\/a><\/p>\n","protected":false},"author":2,"featured_media":18543,"comment_status":"closed","ping_status":"closed","sticky":false,"template":"","format":"standard","meta":{"footnotes":""},"categories":[1],"tags":[],"class_list":["post-18542","post","type-post","status-publish","format-standard","has-post-thumbnail","hentry","category-manolo-garcia"],"_links":{"self":[{"href":"https:\/\/www.manologarciaycia.com\/index.php?rest_route=\/wp\/v2\/posts\/18542","targetHints":{"allow":["GET"]}}],"collection":[{"href":"https:\/\/www.manologarciaycia.com\/index.php?rest_route=\/wp\/v2\/posts"}],"about":[{"href":"https:\/\/www.manologarciaycia.com\/index.php?rest_route=\/wp\/v2\/types\/post"}],"author":[{"embeddable":true,"href":"https:\/\/www.manologarciaycia.com\/index.php?rest_route=\/wp\/v2\/users\/2"}],"replies":[{"embeddable":true,"href":"https:\/\/www.manologarciaycia.com\/index.php?rest_route=%2Fwp%2Fv2%2Fcomments&post=18542"}],"version-history":[{"count":2,"href":"https:\/\/www.manologarciaycia.com\/index.php?rest_route=\/wp\/v2\/posts\/18542\/revisions"}],"predecessor-version":[{"id":18545,"href":"https:\/\/www.manologarciaycia.com\/index.php?rest_route=\/wp\/v2\/posts\/18542\/revisions\/18545"}],"wp:featuredmedia":[{"embeddable":true,"href":"https:\/\/www.manologarciaycia.com\/index.php?rest_route=\/wp\/v2\/media\/18543"}],"wp:attachment":[{"href":"https:\/\/www.manologarciaycia.com\/index.php?rest_route=%2Fwp%2Fv2%2Fmedia&parent=18542"}],"wp:term":[{"taxonomy":"category","embeddable":true,"href":"https:\/\/www.manologarciaycia.com\/index.php?rest_route=%2Fwp%2Fv2%2Fcategories&post=18542"},{"taxonomy":"post_tag","embeddable":true,"href":"https:\/\/www.manologarciaycia.com\/index.php?rest_route=%2Fwp%2Fv2%2Ftags&post=18542"}],"curies":[{"name":"wp","href":"https:\/\/api.w.org\/{rel}","templated":true}]}}