{"id":18532,"date":"2018-11-25T07:09:42","date_gmt":"2018-11-25T06:09:42","guid":{"rendered":"https:\/\/www.manologarciaycia.com\/?p=18532"},"modified":"2018-11-25T07:09:42","modified_gmt":"2018-11-25T06:09:42","slug":"ultimos-dias-para-ver-la-exposicion-estrabica-armonia-de-manolo-garcia-y-montse-clausells-en-bilbao","status":"publish","type":"post","link":"https:\/\/www.manologarciaycia.com\/?p=18532","title":{"rendered":"\u00daltimos d\u00edas para ver la exposici\u00f3n \u201cEstr\u00e1bica armon\u00eda\u201d de Manolo Garc\u00eda y Montse Clausells en Bilbao"},"content":{"rendered":"<p>\u00daltimos d\u00edas para contemplar la exposici\u00f3n \u201cEstr\u00e1bica armon\u00eda\u201d del colectivo G\u00f2ticSur compuesto por Manolo Garc\u00eda y Montse Clausells. \u00daltimo d\u00eda 30 de noviembre.<\/p>\n<p>La muestra re\u00fane todas las pinturas que forman parte del dise\u00f1o del \u00faltimo disco de Manolo Garc\u00eda, Geometr\u00eda del Rayo. Ambos artistas presentan\u00a0tambi\u00e9n obra individual sobre papel en formato peque\u00f1o. Manolo Garc\u00eda presenta dibujos que ha realizado durante su \u00faltima gira y que ser\u00e1n reproducidos en la edici\u00f3n especial del disco que sale a la venta el pr\u00f3ximo d\u00eda 30 de noviembre. De Montse Clausells pod\u00e9is ver obra inspirada en sus estancias habituales en India y Nepal.Parte de los beneficios de las ventas van destinados a la ONG FEFOC para la lucha contra el c\u00e1ncer.<\/p>\n<p><strong>Galer\u00eda Vanguardia<\/strong><\/p>\n<p>Alameda de Mazarredo,19<\/p>\n<p>41001 Bilbao<\/p>\n<p>Telf. 944 237 691<\/p>\n<p><a href=\"http:\/\/www.galeriavanguardia.com\/\">www.galeriavanguardia.com<\/a><\/p>\n<p>Fuente: Manolo-Garcia.com &#8211; <a href=\"https:\/\/www.manolo-garcia.com\/2018\/11\/22\/ultimos-dias-para-ver-la-exposicion-estrabica-armonia-de-manolo-garcia-y-montse-clausells-en-bilbao\/\" target=\"_blank\" rel=\"noopener\">ENLACE<\/a><\/p>\n","protected":false},"excerpt":{"rendered":"<p>\u00daltimos d\u00edas para contemplar la exposici\u00f3n \u201cEstr\u00e1bica armon\u00eda\u201d del colectivo G\u00f2ticSur compuesto por Manolo Garc\u00eda y Montse Clausells. \u00daltimo d\u00eda 30 de noviembre. La muestra re\u00fane todas las pinturas que forman parte del dise\u00f1o del \u00faltimo disco de Manolo Garc\u00eda, Geometr\u00eda del Rayo. Ambos artistas presentan\u00a0tambi\u00e9n obra individual sobre papel en formato peque\u00f1o. Manolo Garc\u00eda<a class=\"moretag\" href=\"https:\/\/www.manologarciaycia.com\/?p=18532\" title=\"\u00daltimos d\u00edas para ver la exposici\u00f3n \u201cEstr\u00e1bica armon\u00eda\u201d de Manolo Garc\u00eda y Montse Clausells en Bilbao\" target=\"_self\" rel=\"follow\"> <font face=arial size=2>[Leer m\u00e1s]<\/font> <\/a><\/p>\n","protected":false},"author":2,"featured_media":18533,"comment_status":"closed","ping_status":"closed","sticky":false,"template":"","format":"standard","meta":{"footnotes":""},"categories":[1],"tags":[],"class_list":["post-18532","post","type-post","status-publish","format-standard","has-post-thumbnail","hentry","category-manolo-garcia"],"_links":{"self":[{"href":"https:\/\/www.manologarciaycia.com\/index.php?rest_route=\/wp\/v2\/posts\/18532","targetHints":{"allow":["GET"]}}],"collection":[{"href":"https:\/\/www.manologarciaycia.com\/index.php?rest_route=\/wp\/v2\/posts"}],"about":[{"href":"https:\/\/www.manologarciaycia.com\/index.php?rest_route=\/wp\/v2\/types\/post"}],"author":[{"embeddable":true,"href":"https:\/\/www.manologarciaycia.com\/index.php?rest_route=\/wp\/v2\/users\/2"}],"replies":[{"embeddable":true,"href":"https:\/\/www.manologarciaycia.com\/index.php?rest_route=%2Fwp%2Fv2%2Fcomments&post=18532"}],"version-history":[{"count":1,"href":"https:\/\/www.manologarciaycia.com\/index.php?rest_route=\/wp\/v2\/posts\/18532\/revisions"}],"predecessor-version":[{"id":18534,"href":"https:\/\/www.manologarciaycia.com\/index.php?rest_route=\/wp\/v2\/posts\/18532\/revisions\/18534"}],"wp:featuredmedia":[{"embeddable":true,"href":"https:\/\/www.manologarciaycia.com\/index.php?rest_route=\/wp\/v2\/media\/18533"}],"wp:attachment":[{"href":"https:\/\/www.manologarciaycia.com\/index.php?rest_route=%2Fwp%2Fv2%2Fmedia&parent=18532"}],"wp:term":[{"taxonomy":"category","embeddable":true,"href":"https:\/\/www.manologarciaycia.com\/index.php?rest_route=%2Fwp%2Fv2%2Fcategories&post=18532"},{"taxonomy":"post_tag","embeddable":true,"href":"https:\/\/www.manologarciaycia.com\/index.php?rest_route=%2Fwp%2Fv2%2Ftags&post=18532"}],"curies":[{"name":"wp","href":"https:\/\/api.w.org\/{rel}","templated":true}]}}