{"id":18529,"date":"2018-11-24T11:11:05","date_gmt":"2018-11-24T10:11:05","guid":{"rendered":"https:\/\/www.manologarciaycia.com\/?p=18529"},"modified":"2018-11-24T11:11:05","modified_gmt":"2018-11-24T10:11:05","slug":"manolo-garcia-en-radio-3-hoy-empieza-todo-celebrando-el-bicentenario-el-prado-23-11-18","status":"publish","type":"post","link":"https:\/\/www.manologarciaycia.com\/?p=18529","title":{"rendered":"Manolo Garc\u00eda en Radio 3, Hoy Empieza Todo, celebrando el Bicentenario El Prado, 23\/11\/18."},"content":{"rendered":"<p>Hoy celebramos los 200 a\u00f1os del Museo Nacional del Prado con un programa especial en el que Jorge Barriuso repasa visitantes ilustres a lo largo de su historia. Charlamos con el director del Museo Miguel Falomir. La investigadora y profesora de la Universidad Complutense de Madrid, Cristina Bordas nos explica el estudio El sonido de la pintura. Carolina Alba acerca el traba<span class=\"text_exposed_show\">jo del pintor de bodegones Antonio Lara y los m\u00fasicos Julio de la Rosa, Manolo Garc\u00eda, Remate y nuestro DJ Jes\u00fas Bomb\u00edn nos cuentan sus vivencias personales con el Prado y nos ayudan a ponerle banda sonora a la pinacoteca.<\/span><\/p>\n<p>Fuente: Radio3<\/p>\n","protected":false},"excerpt":{"rendered":"<p>Hoy celebramos los 200 a\u00f1os del Museo Nacional del Prado con un programa especial en el que Jorge Barriuso repasa visitantes ilustres a lo largo de su historia. Charlamos con el director del Museo Miguel Falomir. La investigadora y profesora de la Universidad Complutense de Madrid, Cristina Bordas nos explica el estudio El sonido de<a class=\"moretag\" href=\"https:\/\/www.manologarciaycia.com\/?p=18529\" title=\"Manolo Garc\u00eda en Radio 3, Hoy Empieza Todo, celebrando el Bicentenario El Prado, 23\/11\/18.\" target=\"_self\" rel=\"follow\"> <font face=arial size=2>[Leer m\u00e1s]<\/font> <\/a><\/p>\n","protected":false},"author":2,"featured_media":0,"comment_status":"closed","ping_status":"closed","sticky":false,"template":"","format":"audio","meta":{"footnotes":""},"categories":[1],"tags":[],"class_list":["post-18529","post","type-post","status-publish","format-audio","hentry","category-manolo-garcia","post_format-post-format-audio"],"_links":{"self":[{"href":"https:\/\/www.manologarciaycia.com\/index.php?rest_route=\/wp\/v2\/posts\/18529","targetHints":{"allow":["GET"]}}],"collection":[{"href":"https:\/\/www.manologarciaycia.com\/index.php?rest_route=\/wp\/v2\/posts"}],"about":[{"href":"https:\/\/www.manologarciaycia.com\/index.php?rest_route=\/wp\/v2\/types\/post"}],"author":[{"embeddable":true,"href":"https:\/\/www.manologarciaycia.com\/index.php?rest_route=\/wp\/v2\/users\/2"}],"replies":[{"embeddable":true,"href":"https:\/\/www.manologarciaycia.com\/index.php?rest_route=%2Fwp%2Fv2%2Fcomments&post=18529"}],"version-history":[{"count":1,"href":"https:\/\/www.manologarciaycia.com\/index.php?rest_route=\/wp\/v2\/posts\/18529\/revisions"}],"predecessor-version":[{"id":18531,"href":"https:\/\/www.manologarciaycia.com\/index.php?rest_route=\/wp\/v2\/posts\/18529\/revisions\/18531"}],"wp:attachment":[{"href":"https:\/\/www.manologarciaycia.com\/index.php?rest_route=%2Fwp%2Fv2%2Fmedia&parent=18529"}],"wp:term":[{"taxonomy":"category","embeddable":true,"href":"https:\/\/www.manologarciaycia.com\/index.php?rest_route=%2Fwp%2Fv2%2Fcategories&post=18529"},{"taxonomy":"post_tag","embeddable":true,"href":"https:\/\/www.manologarciaycia.com\/index.php?rest_route=%2Fwp%2Fv2%2Ftags&post=18529"}],"curies":[{"name":"wp","href":"https:\/\/api.w.org\/{rel}","templated":true}]}}