{"id":18521,"date":"2018-11-21T09:08:06","date_gmt":"2018-11-21T08:08:06","guid":{"rendered":"https:\/\/www.manologarciaycia.com\/?p=18521"},"modified":"2018-11-21T09:08:06","modified_gmt":"2018-11-21T08:08:06","slug":"antonio-fidel-sergio-makaroff-los-rapidos-los-burros-el-ultimo-de-la-fila-manolo-garcia-etc-el-sueno-cumplido","status":"publish","type":"post","link":"https:\/\/www.manologarciaycia.com\/?p=18521","title":{"rendered":"Antonio Fidel (Sergio Makaroff, Los R\u00e1pidos, Los Burros, El \u00daltimo de la Fila, Manolo Garc\u00eda, etc.), el sue\u00f1o cumplido"},"content":{"rendered":"<p>Antonio Fidel Madrid nace en 1957 en el cartagenero Barrio de la Concepci\u00f3n, el mismo a\u00f1o en que abre sus puertas la librer\u00eda Athenas, un aut\u00e9ntico centro de cultura, creaci\u00f3n de los hermanos Francisco y Alberto Colao. Antonio Fidel Gonz\u00e1lez, padre de nuestro protagonista, entra a formar parte de un equipo en el que cada uno de estos tres emprendedores gestionar\u00e1 \u00e1reas distintas. El oficio del padre permitir\u00e1 al ni\u00f1o vivir inmerso en una peculiar micro-sociedad, conociendo la animada actividad de una trastienda en la que entraban y sal\u00edan, sin horario prestablecido, toda una galer\u00eda de personajes que daban al local un aire risue\u00f1o, entre los que se encontraban Antonio Pi\u00f1ana, Vicente Ros, Enrique Navarro, Ram\u00f3n Alonso Luzzy, Eduardo Ca\u00f1abate, Asensio S\u00e1ez, Gin\u00e9s Jorquera, G\u00e9nesis Garc\u00eda o el grupo de troveros del momento.<\/p>\n<p>Se vend\u00edan libros de todo tipo pero destacamos la c\u00e9lebre colecci\u00f3n de historia local Almarjal y las dedicadas a filosof\u00eda y teolog\u00eda, al cuidado del propio Alberto. Pero tambi\u00e9n obras de arte, discos, tocadiscos e incluso, cree recordar Antonio, que en alg\u00fan momento televisores. Era costumbre que el cliente probase la mercanc\u00eda antes de adquirirla, por eso en uno de aquellos aparatos se pinchaba el disco. De esta manera el peque\u00f1o Antonio se empapaba de m\u00fasica cl\u00e1sica, flamenco y pop, conformando as\u00ed un patrimonio musical en unos tiempos que aceleraban el consumo de las masas, la industrializaci\u00f3n de la cultura, impensable sin la revoluci\u00f3n tecnol\u00f3gica. Seg\u00fan Walter Benjamin, la era de la reproducci\u00f3n.<\/p>\n<h3>Librero en Athenas<\/h3>\n<div class=\"voc-detail-summary\">\n<p>El m\u00fasico del Barrio de la Concepci\u00f3n lleva m\u00e1s de setenta discos editados, muchos de ellos con Manolo Garc\u00eda<\/p>\n<\/div>\n<p>Con el fallecimiento de los hermanos Colao la librer\u00eda qued\u00f3 25 a\u00f1os bajo la gesti\u00f3n de su padre, hasta su jubilaci\u00f3n en 1983, regent\u00e1ndola transitoriamente su madre hasta que \u00e9l asumi\u00f3 el mando hasta el cierre. Aquella crisis del libro forz\u00f3 la bajada de persiana de un alto n\u00famero de librer\u00edas. Ahora te venden el &#8216;best seller&#8217; en el aeropuerto, la gasolinera o te lo env\u00edan por correo. Otros leen en una pantalla, cuando pierde terreno la palabra impresa frente a la imagen y el autor derechos sobre su obra.<\/p>\n<p>Siendo Alberto Colao gestor cultural de la Caja de Ahorros del Sureste de Espa\u00f1a, supo que Anto\u00f1ito, a sus 15 a\u00f1os, andaba metido en Nebulosa, una banda de rock progresivo. Le propuso que actuasen en el sal\u00f3n de actos de la citada instituci\u00f3n, demostrando don Alberto, una vez m\u00e1s, que le gustaba salirse de la l\u00ednea trazada. Todos pudieron contemplar un auditorio rebosante de j\u00f3venes rockeros, algo ins\u00f3lito hasta el momento por cuanto la Caja programaba conferencias, conciertos de cl\u00e1sica, veladas de trovos y actuaciones de masas corales. En aquel tiempo primigenio Antonio admiraba a Pepe &#8216;El Botas&#8217;, la referencia de la m\u00fasica pop-rock en la ciudad, por eso en el instituto le llamaban Antonio &#8216;El Chancletas&#8217;.<\/p>\n<p>Una nueva aventura comienza en 1979 con el sue\u00f1o de crear una comuna en el bosque de Las Fonts de Tarrasa. Se trataba de una decena de ut\u00f3picos, entre los que se encontraban \u00e9l y su novia, Paquito Mart\u00edn, Jos\u00e9 Luis Llamas, Diego J\u00f3dar y Mariano Norte. La aventura concluy\u00f3 a los nueve meses, decidiendo una fracci\u00f3n de ellos el retorno a Cartagena para abrir la sala Arlequ\u00edn, n\u00facleo fundador del exitoso Festival de Jazz, que nace humildemente en 1980.<\/p>\n<p>Antonio sobrevivi\u00f3 junto a su novia en Barcelona gracias a que fueron acogidos en el piso de un matrimonio argentino exiliado, \u00e9l hab\u00eda sido profesor de Sociolog\u00eda en la Universidad de Buenos Aires y ella maestra de escuela. Esta experiencia le ha dado la verdadera dimensi\u00f3n del fen\u00f3meno migratorio: la vivencia de abandonar tu tierra porque no te ofrece lo que buscas hace valorar ahora los padecimientos de otros por las mismas causas.<\/p>\n<p>Durante un tiempo, junto a su amigo Mariano, acompa\u00f1\u00f3 con la guitarra a unos artistas de marionetas por el barrio G\u00f3tico barcelon\u00e9s. De manera casual le proponen en mitad de la r\u00faa probar fortuna en un casting para un grupo del cantante argentino Sergio Makaroff. Se dirige al lugar indicado para la prueba, encontr\u00e1ndose con Manolo Garc\u00eda. Ser\u00e1 aceptado por todos, grabando la que ser\u00eda su primera obra. Al poco tiempo constituyen Los R\u00e1pidos, fichando por la discogr\u00e1fica EMI. Luego se har\u00e1n llamar Los Burros, hasta desembocar en El \u00daltimo de la Fila.<\/p>\n<h3>El \u00daltimo de la Fila<\/h3>\n<p>Su experiencia musical le ha permitido compartir cartel con grandes de la m\u00fasica como Camar\u00f3n y Ketama en Nueva York, Sting, Bruce Springsteen, Freddie Mercury y Montserrat Caball\u00e9. Con Ringo Star, Elton John y Ursula Andress coincidi\u00f3 en una cena de gala. La mayor convocatoria lograda junto a sus amigos de El \u00daltimo de la Fila fue reunir a 250.000 espectadores en un concierto celebrado en Montjuic, seg\u00fan la estimaci\u00f3n de la Guardia Urbana de Barcelona. Toda una gesta.<\/p>\n<p>Manolo Garc\u00eda acaba de ganar estos d\u00edas un Grammy por su \u00faltimo trabajo en el que toma parte Antonio, como bien dice \u00e9l: \u00ab\u00a1Tengo un micro Grammy!\u00bb. Pero lo mejor de todo es que sus grandes amigos y los momentos m\u00e1s entra\u00f1ables est\u00e1n vinculados a la m\u00fasica. Tiene previsto su segundo disco en solitario, acompa\u00f1ado entre otros por los cartageneros Fernando Rubio y Carlos Campoy. El primer \u00e1lbum llev\u00f3 por t\u00edtulo &#8216;Canciones del otro lado&#8217;.<\/p>\n<p>Desde jovencito su sue\u00f1o fue grabar un disco, a lo largo de toda su vida, deseo superado largamente porque actualmente no sabr\u00eda cifrar si son setenta u ochenta los editados. No lleva ya la cuenta de los sue\u00f1os, inalcanzables en otro tiempo, que ha ido cumpliendo por el camino, no sin dificultad.<\/p>\n<p>Bromea Antonio: \u00abNo est\u00e1 nada mal para un chico nacido en Quitapellejos\u00bb. Y que vive en Tallante, apunta este escribidor.<\/p>\n<p>Fuente: La Verdad &#8211; Jos\u00e9 Sanchez &#8211; Foto Pablo Sanchez &#8211; <a href=\"https:\/\/www.laverdad.es\/murcia\/cartagena\/antonio-fidel-sueno-20181121012207-ntvo.html\" target=\"_blank\" rel=\"noopener\">ENLACE<\/a><\/p>\n","protected":false},"excerpt":{"rendered":"<p>Antonio Fidel Madrid nace en 1957 en el cartagenero Barrio de la Concepci\u00f3n, el mismo a\u00f1o en que abre sus puertas la librer\u00eda Athenas, un aut\u00e9ntico centro de cultura, creaci\u00f3n de los hermanos Francisco y Alberto Colao. Antonio Fidel Gonz\u00e1lez, padre de nuestro protagonista, entra a formar parte de un equipo en el que cada<a class=\"moretag\" href=\"https:\/\/www.manologarciaycia.com\/?p=18521\" title=\"Antonio Fidel (Sergio Makaroff, Los R\u00e1pidos, Los Burros, El \u00daltimo de la Fila, Manolo Garc\u00eda, etc.), el sue\u00f1o cumplido\" target=\"_self\" rel=\"follow\"> <font face=arial size=2>[Leer m\u00e1s]<\/font> <\/a><\/p>\n","protected":false},"author":2,"featured_media":18522,"comment_status":"closed","ping_status":"closed","sticky":false,"template":"","format":"standard","meta":{"footnotes":""},"categories":[1],"tags":[],"class_list":["post-18521","post","type-post","status-publish","format-standard","has-post-thumbnail","hentry","category-manolo-garcia"],"_links":{"self":[{"href":"https:\/\/www.manologarciaycia.com\/index.php?rest_route=\/wp\/v2\/posts\/18521","targetHints":{"allow":["GET"]}}],"collection":[{"href":"https:\/\/www.manologarciaycia.com\/index.php?rest_route=\/wp\/v2\/posts"}],"about":[{"href":"https:\/\/www.manologarciaycia.com\/index.php?rest_route=\/wp\/v2\/types\/post"}],"author":[{"embeddable":true,"href":"https:\/\/www.manologarciaycia.com\/index.php?rest_route=\/wp\/v2\/users\/2"}],"replies":[{"embeddable":true,"href":"https:\/\/www.manologarciaycia.com\/index.php?rest_route=%2Fwp%2Fv2%2Fcomments&post=18521"}],"version-history":[{"count":2,"href":"https:\/\/www.manologarciaycia.com\/index.php?rest_route=\/wp\/v2\/posts\/18521\/revisions"}],"predecessor-version":[{"id":18524,"href":"https:\/\/www.manologarciaycia.com\/index.php?rest_route=\/wp\/v2\/posts\/18521\/revisions\/18524"}],"wp:featuredmedia":[{"embeddable":true,"href":"https:\/\/www.manologarciaycia.com\/index.php?rest_route=\/wp\/v2\/media\/18522"}],"wp:attachment":[{"href":"https:\/\/www.manologarciaycia.com\/index.php?rest_route=%2Fwp%2Fv2%2Fmedia&parent=18521"}],"wp:term":[{"taxonomy":"category","embeddable":true,"href":"https:\/\/www.manologarciaycia.com\/index.php?rest_route=%2Fwp%2Fv2%2Fcategories&post=18521"},{"taxonomy":"post_tag","embeddable":true,"href":"https:\/\/www.manologarciaycia.com\/index.php?rest_route=%2Fwp%2Fv2%2Ftags&post=18521"}],"curies":[{"name":"wp","href":"https:\/\/api.w.org\/{rel}","templated":true}]}}