{"id":18519,"date":"2018-11-20T14:37:26","date_gmt":"2018-11-20T13:37:26","guid":{"rendered":"https:\/\/www.manologarciaycia.com\/?p=18519"},"modified":"2018-11-20T14:37:26","modified_gmt":"2018-11-20T13:37:26","slug":"mensaje-de-manolo-garcia-tras-recibir-el-latin-grammys","status":"publish","type":"post","link":"https:\/\/www.manologarciaycia.com\/?p=18519","title":{"rendered":"Mensaje de Manolo Garc\u00eda tras recibir el Latin GRAMMYs"},"content":{"rendered":"<p>El pasado 16 de noviembre Manolo Garc\u00eda recibi\u00f3 el primer Latin Grammy de su carrera y complet\u00f3 una semana fant\u00e1stica despu\u00e9s de recibir el Premio Ondas a la trayectoria el d\u00eda 15.<\/p>\n<p>Manolo fue galardonado en Las Vegas por su \u00e1lbum \u201cGeometr\u00eda del rayo\u201d que recibi\u00f3 el premio a Mejor \u00e1lbum Pop\/Rock, una de las categor\u00edas m\u00e1s importantes de dichos premios.<\/p>\n<div class=\"text_exposed_show\">\n<p>Adem\u00e1s, el pr\u00f3ximo 30 de Noviembre lanzar\u00e1 dos ediciones de su nuevo \u00e1lbum \u201cGeometr\u00eda del Rayo en directo\u201d grabado en el Pabell\u00f3n pr\u00edncipe Felipe de Oviedo durante la gira que acaba de terminar:<\/p>\n<p>Edici\u00f3n especial aumentada: contiene su disco de estudio, 2 temas in\u00e9ditos, 2 cd\u00b4s en directo y dvd en directo.<br \/>\nEdici\u00f3n Est\u00e1ndar: \u201cGeometr\u00eda del Rayo en directo\u201d con 2 cd\u00b4s en directo y dvd en directo.<\/p>\n<p>Fuente: Sony Music Spain<\/p>\n<p>&nbsp;<\/p>\n<\/div>\n","protected":false},"excerpt":{"rendered":"<p>El pasado 16 de noviembre Manolo Garc\u00eda recibi\u00f3 el primer Latin Grammy de su carrera y complet\u00f3 una semana fant\u00e1stica despu\u00e9s de recibir el Premio Ondas a la trayectoria el d\u00eda 15. Manolo fue galardonado en Las Vegas por su \u00e1lbum \u201cGeometr\u00eda del rayo\u201d que recibi\u00f3 el premio a Mejor \u00e1lbum Pop\/Rock, una de las<a class=\"moretag\" href=\"https:\/\/www.manologarciaycia.com\/?p=18519\" title=\"Mensaje de Manolo Garc\u00eda tras recibir el Latin GRAMMYs\" target=\"_self\" rel=\"follow\"> <font face=arial size=2>[Leer m\u00e1s]<\/font> <\/a><\/p>\n","protected":false},"author":2,"featured_media":0,"comment_status":"closed","ping_status":"closed","sticky":false,"template":"","format":"video","meta":{"footnotes":""},"categories":[1],"tags":[],"class_list":["post-18519","post","type-post","status-publish","format-video","hentry","category-manolo-garcia","post_format-post-format-video"],"_links":{"self":[{"href":"https:\/\/www.manologarciaycia.com\/index.php?rest_route=\/wp\/v2\/posts\/18519","targetHints":{"allow":["GET"]}}],"collection":[{"href":"https:\/\/www.manologarciaycia.com\/index.php?rest_route=\/wp\/v2\/posts"}],"about":[{"href":"https:\/\/www.manologarciaycia.com\/index.php?rest_route=\/wp\/v2\/types\/post"}],"author":[{"embeddable":true,"href":"https:\/\/www.manologarciaycia.com\/index.php?rest_route=\/wp\/v2\/users\/2"}],"replies":[{"embeddable":true,"href":"https:\/\/www.manologarciaycia.com\/index.php?rest_route=%2Fwp%2Fv2%2Fcomments&post=18519"}],"version-history":[{"count":1,"href":"https:\/\/www.manologarciaycia.com\/index.php?rest_route=\/wp\/v2\/posts\/18519\/revisions"}],"predecessor-version":[{"id":18520,"href":"https:\/\/www.manologarciaycia.com\/index.php?rest_route=\/wp\/v2\/posts\/18519\/revisions\/18520"}],"wp:attachment":[{"href":"https:\/\/www.manologarciaycia.com\/index.php?rest_route=%2Fwp%2Fv2%2Fmedia&parent=18519"}],"wp:term":[{"taxonomy":"category","embeddable":true,"href":"https:\/\/www.manologarciaycia.com\/index.php?rest_route=%2Fwp%2Fv2%2Fcategories&post=18519"},{"taxonomy":"post_tag","embeddable":true,"href":"https:\/\/www.manologarciaycia.com\/index.php?rest_route=%2Fwp%2Fv2%2Ftags&post=18519"}],"curies":[{"name":"wp","href":"https:\/\/api.w.org\/{rel}","templated":true}]}}