{"id":18512,"date":"2018-11-17T13:05:47","date_gmt":"2018-11-17T12:05:47","guid":{"rendered":"https:\/\/www.manologarciaycia.com\/?p=18512"},"modified":"2018-11-17T13:05:47","modified_gmt":"2018-11-17T12:05:47","slug":"la-segunda-riada-de-bilbao-cronica-concierto-manolo-garcia-bilbao-10-11-18-por-jose-angel-lucena","status":"publish","type":"post","link":"https:\/\/www.manologarciaycia.com\/?p=18512","title":{"rendered":"LA SEGUNDA RIADA DE BILBAO  (Cr\u00f3nica concierto Manolo Garc\u00eda, Bilbao 10\/11\/18). Por Jose Angel Lucena"},"content":{"rendered":"<p>En 1983 en plena semana grande, el Nervi\u00f3n se desbord\u00f3 asolando la gris fisonom\u00eda de Bilbao. Arrastr\u00f3 34 vidas y ceg\u00f3 las calles de la ciudad dejando un reguero de lodo y desechos. El perfil del municipio hab\u00eda cambiado para siempre, donde la desesperaci\u00f3n pod\u00eda haberse cebado sin contemplaciones, creci\u00f3 el esp\u00edritu de superaci\u00f3n de su pueblo y el inicio de la nueva y maravillosa ciudad que hoy nos recibe.<\/p>\n<p>El \u00faltimo concierto de una gira siempre alberga ilusiones y nostalgias, eso es f\u00e1cil de constatar, basta una simple mirada a la cola de caras conocidas. \u00a0El aire se llena de voces que relatan an\u00e9cdotas, los recuerdos laten presentes como el presagio. Todos sabemos que hay recuerdos que calientan como hogueras. \u00a0La banda suena, puliendo cada nota en el interior del pabell\u00f3n. La vigilancia en su ir y venir despierta la curiosidad. Risas nerviosas e impaciencia. La lluvia suave que cuida del verdor de esta tierra\u2026<\/p>\n<p>Creo que fue un concierto donde hab\u00eda un acuerdo t\u00e1cito entre los presentes: Hoy vamos a ser felices. Durante este corto, siempre corto y limitado espacio de tiempo, seremos libertad y canci\u00f3n. Seremos lo que queramos ser, cuesti\u00f3n harto dif\u00edcil en el mundo de las cosas tangibles. Y ocurri\u00f3, la curiosa cortina que Garc\u00eda ha pertrechado para dar un aire de casera intimidad se descorri\u00f3, y entramos desde el primer tema al sal\u00f3n, hasta la cocina para no parar, queriendo multiplicar ese tiempo, hacerlo intenso hasta que doliera. <strong>Malva<\/strong> nos sac\u00f3 de la enso\u00f1aci\u00f3n previa y nos adentramos en <strong>Un Alma de Papel<\/strong> e Iniesta invoc\u00f3 la cuerda y la madera para que vibren los adentros. <strong>Prefiero el trapecio<\/strong> sin tregua, anudando tiempos que nunca dejaron de ser presente. Apareci\u00f3 del fondo del destello la versi\u00f3n m\u00e1s sentida de <strong>Todo es de color <\/strong>y el Arena se ruboriz\u00f3 con tanta belleza acunada. La descomunal <strong>Con los hombres azules<\/strong>, vivaz, conmovedora que atesora una de las muchas frases m\u00e1gicas del universo de este m\u00fasico: \u201cDetengo el tiempo\u201d, resuena como un conjuro, como una verdad incuestionable. Este concierto no va a tener concesiones. La tristeza del momento es abatida por la sonrisa del alma.<\/p>\n<p>Hay un cambio en el bajo y entra Jesske sonriente, acomodada, demostrando que la m\u00fasica es un lenguaje universal, ha encontrado su espacio en la curiosa geometr\u00eda del rayo y da las notas profundas con calidez. <strong>Ardieron los fuegos<\/strong> se alimenta de todos nosotros, se transforma en un grito de guerra, en la filosof\u00eda del carpe diem, en la reafirmaci\u00f3n de que arderemos con cada canci\u00f3n. <strong>Ruedo, Rodar\u00e9 <\/strong>y una de las visitas m\u00e1s esperadas de la noche, Carmen Garc\u00eda hace su espont\u00e1nea y jovial aparici\u00f3n: Te queremos, hermanita. <strong>Nunca es tarde<\/strong> fluye suave como el r\u00edo en su nacimiento. Las palabras se arremolinan y pesan dejando en nuestra conciencia su certeza. Nunca es tarde para salir a la calle, nunca es tarde para vivir, para desafiarnos a nosotros mismos para derribar las barreras que nos autoimponemos, nunca es tarde.<\/p>\n<p><strong>Si todo arde<\/strong> y <strong>Campanas de Libertad<\/strong> cierran una primera parte antol\u00f3gica y desaforada. El anhelo se ha apoderado de todos nosotros. Buceamos en ensenadas de posidonia y arenas finas.<\/p>\n<p>Hay un momento m\u00e1gico que nos hace a todos encallar, tan libres como nos cre\u00edamos, tan capaces de nuestras elecciones, \u00a0es el binomio <strong>En tu Voz<\/strong> \u00a0y\u00a0 <strong>Crep\u00fasculo Creciente<\/strong>; nos atrapa, no recoge con ternura y nos aprieta el coraz\u00f3n; el coraz\u00f3n caliente y alado. Garc\u00eda es artesano del esp\u00edritu, conoce sus debilidades y remienda con luz y canciones sus costuras.<\/p>\n<p>El cambio de tercio, la fiesta dentro de la fiesta viene de la mano de una versi\u00f3n rumbera de <strong>Como un burro amarrado a la puerta del baile<\/strong>. El pabell\u00f3n se llena de papelillos de colores, balones y globos; vamos a jugar. Manolo se interna entre el p\u00fablico. La banda\u00a0 celebra la danza de la alegr\u00eda en el escenario. La fusi\u00f3n es perfecta. Todos bailan, todos cantan, todos son felices.<\/p>\n<p><strong>Los P\u00e1jaros de Barro <\/strong>despliegan sus alas con forma de palmas y los ojos se empa\u00f1an. Fue la canci\u00f3n que all\u00e1 por el 99 llam\u00f3 a la puerta aclarando para siempre que tras el EUDLF segu\u00eda habiendo vida.<\/p>\n<p>Manolo resume de manera elegante y emocionada su visi\u00f3n del rayo, del arte en cualquiera de sus concepciones o cantar, sencillamente cantar, como un efectivo b\u00e1lsamo para los d\u00edas. Y veo la humildad que lo recorre y s\u00e9 que siente que es afortunado por que fue elegido por los Dioses para esta tarea pero que, en el fondo, sabe que la grandeza de todo es que nada de lo que hizo le pertenece; y disfruta con sus criaturas, les inyecta la chispa vital y las empuja al mundo para que vivan en nosotros, en las tardes serenas, en las noches de farra, en los ojos de tu amada.<\/p>\n<p>Suenan los primeros acordes de<strong> Carb\u00f3n y Ramas secas<\/strong> y el pasado nos golpea sin piedad el Sr. Garc\u00eda pliega el tiempo a su antojo<strong>. \u00a0<\/strong>Le toca el turno a<strong> Levedad<\/strong>. Las palabras salen atropelladas como la verdad al ni\u00f1o, \u201cSomos Levedad\u201d. Desnudos, desencadenados, libres, esp\u00edritus amables que celebran la cosecha.<\/p>\n<p>Este concierto es un cauce desbordado, salvaje y hambriento. Manolo ha tra\u00eddo la segunda riada a Bilbao, un inmenso aguacero que ha anegado nuestros fondos, las sentinas donde guardamos todo aquello que no vale y ocupa un espacio necesario. Ha vuelto a abrir las ventas para renovar el aire y ahora podemos construir nuevos paisajes en los que sentirnos en plenitud. El milagro de la m\u00fasica y sus indescifrables secretos; la verdad del arte y su alm\u00edbar contra las horas amargas.<\/p>\n<p>Tras m\u00e1s de tres horas de concierto Ricardo Mar\u00edn embiste a ritmo de <strong>Insurrecci\u00f3n<\/strong> y saboreamos el m\u00e1s hermoso hasta luego posible.<\/p>\n<p>El alma no se apacigua tan r\u00e1pido, hemos entrado en los meandros del sentimiento, seguimos paladeando lentamente.<\/p>\n<p>Esta marea no cesa.<\/p>\n<p>Este rayo no se apaga.<\/p>\n<p>De Jose Angel Lucena<\/p>\n<p><a href=\"https:\/\/www.manologarciaycia.com\/wp-content\/uploads\/2018\/11\/jal.jpg\"><img loading=\"lazy\" decoding=\"async\" class=\"aligncenter size-medium wp-image-18513\" src=\"https:\/\/www.manologarciaycia.com\/wp-content\/uploads\/2018\/11\/jal-500x334.jpg\" alt=\"\" width=\"500\" height=\"334\" srcset=\"https:\/\/www.manologarciaycia.com\/wp-content\/uploads\/2018\/11\/jal-500x334.jpg 500w, https:\/\/www.manologarciaycia.com\/wp-content\/uploads\/2018\/11\/jal-768x513.jpg 768w, https:\/\/www.manologarciaycia.com\/wp-content\/uploads\/2018\/11\/jal-1024x684.jpg 1024w, https:\/\/www.manologarciaycia.com\/wp-content\/uploads\/2018\/11\/jal-695x464.jpg 695w, https:\/\/www.manologarciaycia.com\/wp-content\/uploads\/2018\/11\/jal-930x621.jpg 930w\" sizes=\"auto, (max-width: 500px) 100vw, 500px\" \/><\/a><\/p>\n<p>&nbsp;<\/p>\n","protected":false},"excerpt":{"rendered":"<p>En 1983 en plena semana grande, el Nervi\u00f3n se desbord\u00f3 asolando la gris fisonom\u00eda de Bilbao. Arrastr\u00f3 34 vidas y ceg\u00f3 las calles de la ciudad dejando un reguero de lodo y desechos. El perfil del municipio hab\u00eda cambiado para siempre, donde la desesperaci\u00f3n pod\u00eda haberse cebado sin contemplaciones, creci\u00f3 el esp\u00edritu de superaci\u00f3n de<a class=\"moretag\" href=\"https:\/\/www.manologarciaycia.com\/?p=18512\" title=\"LA SEGUNDA RIADA DE BILBAO  (Cr\u00f3nica concierto Manolo Garc\u00eda, Bilbao 10\/11\/18). Por Jose Angel Lucena\" target=\"_self\" rel=\"follow\"> <font face=arial size=2>[Leer m\u00e1s]<\/font> <\/a><\/p>\n","protected":false},"author":2,"featured_media":18514,"comment_status":"closed","ping_status":"closed","sticky":false,"template":"","format":"standard","meta":{"footnotes":""},"categories":[1],"tags":[],"class_list":["post-18512","post","type-post","status-publish","format-standard","has-post-thumbnail","hentry","category-manolo-garcia"],"_links":{"self":[{"href":"https:\/\/www.manologarciaycia.com\/index.php?rest_route=\/wp\/v2\/posts\/18512","targetHints":{"allow":["GET"]}}],"collection":[{"href":"https:\/\/www.manologarciaycia.com\/index.php?rest_route=\/wp\/v2\/posts"}],"about":[{"href":"https:\/\/www.manologarciaycia.com\/index.php?rest_route=\/wp\/v2\/types\/post"}],"author":[{"embeddable":true,"href":"https:\/\/www.manologarciaycia.com\/index.php?rest_route=\/wp\/v2\/users\/2"}],"replies":[{"embeddable":true,"href":"https:\/\/www.manologarciaycia.com\/index.php?rest_route=%2Fwp%2Fv2%2Fcomments&post=18512"}],"version-history":[{"count":1,"href":"https:\/\/www.manologarciaycia.com\/index.php?rest_route=\/wp\/v2\/posts\/18512\/revisions"}],"predecessor-version":[{"id":18515,"href":"https:\/\/www.manologarciaycia.com\/index.php?rest_route=\/wp\/v2\/posts\/18512\/revisions\/18515"}],"wp:featuredmedia":[{"embeddable":true,"href":"https:\/\/www.manologarciaycia.com\/index.php?rest_route=\/wp\/v2\/media\/18514"}],"wp:attachment":[{"href":"https:\/\/www.manologarciaycia.com\/index.php?rest_route=%2Fwp%2Fv2%2Fmedia&parent=18512"}],"wp:term":[{"taxonomy":"category","embeddable":true,"href":"https:\/\/www.manologarciaycia.com\/index.php?rest_route=%2Fwp%2Fv2%2Fcategories&post=18512"},{"taxonomy":"post_tag","embeddable":true,"href":"https:\/\/www.manologarciaycia.com\/index.php?rest_route=%2Fwp%2Fv2%2Ftags&post=18512"}],"curies":[{"name":"wp","href":"https:\/\/api.w.org\/{rel}","templated":true}]}}