{"id":18505,"date":"2018-11-16T11:24:26","date_gmt":"2018-11-16T10:24:26","guid":{"rendered":"https:\/\/www.manologarciaycia.com\/?p=18505"},"modified":"2018-11-16T11:25:51","modified_gmt":"2018-11-16T10:25:51","slug":"manolo-garcia-mai-es-tard-para-el-disc-de-la-marato-2018","status":"publish","type":"post","link":"https:\/\/www.manologarciaycia.com\/?p=18505","title":{"rendered":"Manolo Garc\u00eda: Mai es tard. Para el Disc de la Marato 2018"},"content":{"rendered":"<p><s><\/s><b>Manolo Garc\u00eda<\/b> versiona con <b>Nunca es tarde<\/b> en Catal\u00e0: <strong>Mai es tard, <\/strong>para el <strong>Disc de La Marat\u00f3 2018. <\/strong>A la venta 2 Diciembre en todos los peri\u00f3dicos catalanes. Con adaptaci\u00f3n al Catal\u00e0 de <strong>I<\/strong><b>vette Nadal.\u00a0<\/b><\/p>\n<h3>Un reivindicativo Manolo Garc\u00eda<\/h3>\n<p>Manolo Garc\u00eda, a\u00fan con la\u00a0<em>resaca<\/em>\u00a0de la gala del Ondas de la noche anterior, remarc\u00f3 la importancia de volver a participar con una canci\u00f3n en\u00a0<em>La Marat\u00f3<\/em>\u00a0(ya\u00a0lo hizo en la primera edici\u00f3n): \u00abComo ha dicho Sisa,\u00a0<strong>una canci\u00f3n puede tapar nubes grises.<\/strong>\u00a0Yo tambi\u00e9n he tenido p\u00e9rdidas por esta enfermedad\u00bb, confes\u00f3. Y enfatiz\u00f3\u00a0<strong>la importancia de la prevenci\u00f3n:<\/strong>\u00a0\u00abHay que cuidar la\u00a0dieta y evitar el\u00a0sol y tabaco. Aunque detr\u00e1s de esto hay poderosas compa\u00f1\u00edas que sacan provecho\u00bb.<\/p>\n<p>Tambi\u00e9n se\u00f1al\u00f3 la falta de\u00a0informaci\u00f3n y se puso reivindicativo: \u00abPorque los m\u00e9dicos no dan para m\u00e1s. Eso de recortar en medicina tiene que cambiar\u00bb. Y a\u00f1adi\u00f3: \u00abQue se vendan\u00a0200.000 discos de\u00a0<em>La Marat\u00f3<\/em>\u00a0en\u00a0Catalunya da moral.\u00a0<strong>Moral de pueblo.<\/strong>\u00a0Hay que darle ca\u00f1a al c\u00e1ncer\u00bb.<\/p>\n<p>&nbsp;<\/p>\n<p><a href=\"https:\/\/www.manologarciaycia.com\/wp-content\/uploads\/2018\/11\/MG_Present.jpg\"><img loading=\"lazy\" decoding=\"async\" class=\"aligncenter size-medium wp-image-18506\" src=\"https:\/\/www.manologarciaycia.com\/wp-content\/uploads\/2018\/11\/MG_Present-500x280.jpg\" alt=\"\" width=\"500\" height=\"280\" srcset=\"https:\/\/www.manologarciaycia.com\/wp-content\/uploads\/2018\/11\/MG_Present-500x280.jpg 500w, https:\/\/www.manologarciaycia.com\/wp-content\/uploads\/2018\/11\/MG_Present-520x290.jpg 520w, https:\/\/www.manologarciaycia.com\/wp-content\/uploads\/2018\/11\/MG_Present.jpg 660w\" sizes=\"auto, (max-width: 500px) 100vw, 500px\" \/><\/a><\/p>\n<p>&nbsp;<\/p>\n<p><a href=\"https:\/\/www.manologarciaycia.com\/wp-content\/uploads\/2018\/11\/MG_LaMarato.jpg\"><img loading=\"lazy\" decoding=\"async\" class=\"aligncenter size-medium wp-image-18509\" src=\"https:\/\/www.manologarciaycia.com\/wp-content\/uploads\/2018\/11\/MG_LaMarato-500x279.jpg\" alt=\"\" width=\"500\" height=\"279\" srcset=\"https:\/\/www.manologarciaycia.com\/wp-content\/uploads\/2018\/11\/MG_LaMarato-500x279.jpg 500w, https:\/\/www.manologarciaycia.com\/wp-content\/uploads\/2018\/11\/MG_LaMarato-768x429.jpg 768w, https:\/\/www.manologarciaycia.com\/wp-content\/uploads\/2018\/11\/MG_LaMarato-1024x572.jpg 1024w, https:\/\/www.manologarciaycia.com\/wp-content\/uploads\/2018\/11\/MG_LaMarato-695x388.jpg 695w, https:\/\/www.manologarciaycia.com\/wp-content\/uploads\/2018\/11\/MG_LaMarato-930x519.jpg 930w, https:\/\/www.manologarciaycia.com\/wp-content\/uploads\/2018\/11\/MG_LaMarato-520x290.jpg 520w, https:\/\/www.manologarciaycia.com\/wp-content\/uploads\/2018\/11\/MG_LaMarato.jpg 1200w\" sizes=\"auto, (max-width: 500px) 100vw, 500px\" \/><\/a><\/p>\n<p>&nbsp;<\/p>\n","protected":false},"excerpt":{"rendered":"<p>Manolo Garc\u00eda versiona con Nunca es tarde en Catal\u00e0: Mai es tard, para el Disc de La Marat\u00f3 2018. A la venta 2 Diciembre en todos los peri\u00f3dicos catalanes. Con adaptaci\u00f3n al Catal\u00e0 de Ivette Nadal.\u00a0 Un reivindicativo Manolo Garc\u00eda Manolo Garc\u00eda, a\u00fan con la\u00a0resaca\u00a0de la gala del Ondas de la noche anterior, remarc\u00f3 la<a class=\"moretag\" href=\"https:\/\/www.manologarciaycia.com\/?p=18505\" title=\"Manolo Garc\u00eda: Mai es tard. Para el Disc de la Marato 2018\" target=\"_self\" rel=\"follow\"> <font face=arial size=2>[Leer m\u00e1s]<\/font> <\/a><\/p>\n","protected":false},"author":2,"featured_media":0,"comment_status":"closed","ping_status":"closed","sticky":false,"template":"","format":"audio","meta":{"footnotes":""},"categories":[1],"tags":[],"class_list":["post-18505","post","type-post","status-publish","format-audio","hentry","category-manolo-garcia","post_format-post-format-audio"],"_links":{"self":[{"href":"https:\/\/www.manologarciaycia.com\/index.php?rest_route=\/wp\/v2\/posts\/18505","targetHints":{"allow":["GET"]}}],"collection":[{"href":"https:\/\/www.manologarciaycia.com\/index.php?rest_route=\/wp\/v2\/posts"}],"about":[{"href":"https:\/\/www.manologarciaycia.com\/index.php?rest_route=\/wp\/v2\/types\/post"}],"author":[{"embeddable":true,"href":"https:\/\/www.manologarciaycia.com\/index.php?rest_route=\/wp\/v2\/users\/2"}],"replies":[{"embeddable":true,"href":"https:\/\/www.manologarciaycia.com\/index.php?rest_route=%2Fwp%2Fv2%2Fcomments&post=18505"}],"version-history":[{"count":3,"href":"https:\/\/www.manologarciaycia.com\/index.php?rest_route=\/wp\/v2\/posts\/18505\/revisions"}],"predecessor-version":[{"id":18510,"href":"https:\/\/www.manologarciaycia.com\/index.php?rest_route=\/wp\/v2\/posts\/18505\/revisions\/18510"}],"wp:attachment":[{"href":"https:\/\/www.manologarciaycia.com\/index.php?rest_route=%2Fwp%2Fv2%2Fmedia&parent=18505"}],"wp:term":[{"taxonomy":"category","embeddable":true,"href":"https:\/\/www.manologarciaycia.com\/index.php?rest_route=%2Fwp%2Fv2%2Fcategories&post=18505"},{"taxonomy":"post_tag","embeddable":true,"href":"https:\/\/www.manologarciaycia.com\/index.php?rest_route=%2Fwp%2Fv2%2Ftags&post=18505"}],"curies":[{"name":"wp","href":"https:\/\/api.w.org\/{rel}","templated":true}]}}