{"id":18501,"date":"2018-11-16T08:56:13","date_gmt":"2018-11-16T07:56:13","guid":{"rendered":"https:\/\/www.manologarciaycia.com\/?p=18501"},"modified":"2018-11-16T18:32:58","modified_gmt":"2018-11-16T17:32:58","slug":"geometria-del-rayo-de-manolo-garcia-ha-sido-premiado-con-el-premio-latin-grammys-al-mejor-album-pop-rock-2018","status":"publish","type":"post","link":"https:\/\/www.manologarciaycia.com\/?p=18501","title":{"rendered":"Geometr\u00eda del Rayo de Manolo Garc\u00eda ha sido premiado con el premio Latin GRAMMYs al mejor \u00e1lbum Pop Rock 2018!"},"content":{"rendered":"<p>Geometr\u00eda del Rayo de Manolo Garc\u00eda ha sido premiado con el premio\u00a0Latin GRAMMYs\u00a0al mejor \u00e1lbum Pop Rock 2018! ENHORABUENA!<\/p>\n<p>Manolo Garc\u00eda<br \/>\nPerroRecords<br \/>\nGalea<br \/>\nThe Club House (Rhinebeck)<br \/>\nMeghan Toohey<br \/>\nGerry Leonard<br \/>\nCatherine Popper<br \/>\nSarah Tomek<br \/>\nMark Goldenberg<br \/>\nJack Daley<br \/>\nZachary Alford<br \/>\nJuan Carlos Garcia<br \/>\nI\u00f1igo Goldaracena<br \/>\nOlvido Lanza<br \/>\n\u00c1lvaro Gandul<br \/>\nJosep Llu\u00eds P\u00e9rez<br \/>\nAlexis Lanza<br \/>\nAntonio Fidel<br \/>\nV\u00edctor Iniesta<br \/>\nCarmen Garc\u00eda Fanpage<br \/>\nMone Teruel<br \/>\nTOTI SOLER<br \/>\nCarles Benavent<br \/>\nJordi Sabat\u00e9s<br \/>\nTchad Blake<br \/>\nFull Mongrel (Gales)<br \/>\nOscar Clavel<br \/>\nBah\u00eda Estudios (Madrid)<br \/>\nJordi Sol\u00e9<br \/>\nMusiclan Estudios (Avinyonet de Puigvent\u00f3s, Girona)<br \/>\nCarme Arteaga<br \/>\nSony Music Spain<\/p>\n<p>#ManoloGarc\u00eda<br \/>\n#Geometr\u00edadelRayo<br \/>\n#LatinGrammy<\/p>\n<p>&nbsp;<\/p>\n","protected":false},"excerpt":{"rendered":"<p>Geometr\u00eda del Rayo de Manolo Garc\u00eda ha sido premiado con el premio\u00a0Latin GRAMMYs\u00a0al mejor \u00e1lbum Pop Rock 2018! ENHORABUENA! Manolo Garc\u00eda PerroRecords Galea The Club House (Rhinebeck) Meghan Toohey Gerry Leonard Catherine Popper Sarah Tomek Mark Goldenberg Jack Daley Zachary Alford Juan Carlos Garcia I\u00f1igo Goldaracena Olvido Lanza \u00c1lvaro Gandul Josep Llu\u00eds P\u00e9rez Alexis Lanza<a class=\"moretag\" href=\"https:\/\/www.manologarciaycia.com\/?p=18501\" title=\"Geometr\u00eda del Rayo de Manolo Garc\u00eda ha sido premiado con el premio Latin GRAMMYs al mejor \u00e1lbum Pop Rock 2018!\" target=\"_self\" rel=\"follow\"> <font face=arial size=2>[Leer m\u00e1s]<\/font> <\/a><\/p>\n","protected":false},"author":2,"featured_media":18511,"comment_status":"closed","ping_status":"closed","sticky":false,"template":"","format":"standard","meta":{"footnotes":""},"categories":[1],"tags":[],"class_list":["post-18501","post","type-post","status-publish","format-standard","has-post-thumbnail","hentry","category-manolo-garcia"],"_links":{"self":[{"href":"https:\/\/www.manologarciaycia.com\/index.php?rest_route=\/wp\/v2\/posts\/18501","targetHints":{"allow":["GET"]}}],"collection":[{"href":"https:\/\/www.manologarciaycia.com\/index.php?rest_route=\/wp\/v2\/posts"}],"about":[{"href":"https:\/\/www.manologarciaycia.com\/index.php?rest_route=\/wp\/v2\/types\/post"}],"author":[{"embeddable":true,"href":"https:\/\/www.manologarciaycia.com\/index.php?rest_route=\/wp\/v2\/users\/2"}],"replies":[{"embeddable":true,"href":"https:\/\/www.manologarciaycia.com\/index.php?rest_route=%2Fwp%2Fv2%2Fcomments&post=18501"}],"version-history":[{"count":2,"href":"https:\/\/www.manologarciaycia.com\/index.php?rest_route=\/wp\/v2\/posts\/18501\/revisions"}],"predecessor-version":[{"id":18504,"href":"https:\/\/www.manologarciaycia.com\/index.php?rest_route=\/wp\/v2\/posts\/18501\/revisions\/18504"}],"wp:featuredmedia":[{"embeddable":true,"href":"https:\/\/www.manologarciaycia.com\/index.php?rest_route=\/wp\/v2\/media\/18511"}],"wp:attachment":[{"href":"https:\/\/www.manologarciaycia.com\/index.php?rest_route=%2Fwp%2Fv2%2Fmedia&parent=18501"}],"wp:term":[{"taxonomy":"category","embeddable":true,"href":"https:\/\/www.manologarciaycia.com\/index.php?rest_route=%2Fwp%2Fv2%2Fcategories&post=18501"},{"taxonomy":"post_tag","embeddable":true,"href":"https:\/\/www.manologarciaycia.com\/index.php?rest_route=%2Fwp%2Fv2%2Ftags&post=18501"}],"curies":[{"name":"wp","href":"https:\/\/api.w.org\/{rel}","templated":true}]}}