{"id":18498,"date":"2018-11-15T09:39:58","date_gmt":"2018-11-15T08:39:58","guid":{"rendered":"https:\/\/www.manologarciaycia.com\/?p=18498"},"modified":"2018-11-15T09:39:58","modified_gmt":"2018-11-15T08:39:58","slug":"gala-premios-ondas-2018-entrega-y-actuacion-manolo-garcia-14-11-2018","status":"publish","type":"post","link":"https:\/\/www.manologarciaycia.com\/?p=18498","title":{"rendered":"Gala Premios Ondas 2018 &#8211; Entrega y Actuaci\u00f3n &#8211; Manolo Garc\u00eda &#8211; 14-11-2018"},"content":{"rendered":"<p>Entrega a Manolo Garc\u00eda del Premio Ondas 2018 a toda su trayectoria. Al finalizar, interpreta junto a\u00a0Ricardo Mar\u00edn,\u00a0Juan Carlos Garcia,\u00a0Victor Iniesta\u00a0y\u00a0Olvido Lanza\u00a0el tema Oceano Azul<\/p>\n<p>ENHORABUENA MANOLO GARC\u00cdA!<\/p>\n<p>#ManoloGarc\u00eda #PremiosOndas2018 #OceanoAzul<\/p>\n","protected":false},"excerpt":{"rendered":"<p>Entrega a Manolo Garc\u00eda del Premio Ondas 2018 a toda su trayectoria. Al finalizar, interpreta junto a\u00a0Ricardo Mar\u00edn,\u00a0Juan Carlos Garcia,\u00a0Victor Iniesta\u00a0y\u00a0Olvido Lanza\u00a0el tema Oceano Azul ENHORABUENA MANOLO GARC\u00cdA! #ManoloGarc\u00eda #PremiosOndas2018 #OceanoAzul<a class=\"moretag\" href=\"https:\/\/www.manologarciaycia.com\/?p=18498\" title=\"Gala Premios Ondas 2018 &#8211; Entrega y Actuaci\u00f3n &#8211; Manolo Garc\u00eda &#8211; 14-11-2018\" target=\"_self\" rel=\"follow\"> <font face=arial size=2>[Leer m\u00e1s]<\/font> <\/a><\/p>\n","protected":false},"author":2,"featured_media":0,"comment_status":"closed","ping_status":"closed","sticky":false,"template":"","format":"video","meta":{"footnotes":""},"categories":[1],"tags":[],"class_list":["post-18498","post","type-post","status-publish","format-video","hentry","category-manolo-garcia","post_format-post-format-video"],"_links":{"self":[{"href":"https:\/\/www.manologarciaycia.com\/index.php?rest_route=\/wp\/v2\/posts\/18498","targetHints":{"allow":["GET"]}}],"collection":[{"href":"https:\/\/www.manologarciaycia.com\/index.php?rest_route=\/wp\/v2\/posts"}],"about":[{"href":"https:\/\/www.manologarciaycia.com\/index.php?rest_route=\/wp\/v2\/types\/post"}],"author":[{"embeddable":true,"href":"https:\/\/www.manologarciaycia.com\/index.php?rest_route=\/wp\/v2\/users\/2"}],"replies":[{"embeddable":true,"href":"https:\/\/www.manologarciaycia.com\/index.php?rest_route=%2Fwp%2Fv2%2Fcomments&post=18498"}],"version-history":[{"count":1,"href":"https:\/\/www.manologarciaycia.com\/index.php?rest_route=\/wp\/v2\/posts\/18498\/revisions"}],"predecessor-version":[{"id":18500,"href":"https:\/\/www.manologarciaycia.com\/index.php?rest_route=\/wp\/v2\/posts\/18498\/revisions\/18500"}],"wp:attachment":[{"href":"https:\/\/www.manologarciaycia.com\/index.php?rest_route=%2Fwp%2Fv2%2Fmedia&parent=18498"}],"wp:term":[{"taxonomy":"category","embeddable":true,"href":"https:\/\/www.manologarciaycia.com\/index.php?rest_route=%2Fwp%2Fv2%2Fcategories&post=18498"},{"taxonomy":"post_tag","embeddable":true,"href":"https:\/\/www.manologarciaycia.com\/index.php?rest_route=%2Fwp%2Fv2%2Ftags&post=18498"}],"curies":[{"name":"wp","href":"https:\/\/api.w.org\/{rel}","templated":true}]}}