{"id":18488,"date":"2018-11-13T08:05:23","date_gmt":"2018-11-13T07:05:23","guid":{"rendered":"https:\/\/www.manologarciaycia.com\/?p=18488"},"modified":"2018-11-13T08:05:23","modified_gmt":"2018-11-13T07:05:23","slug":"manolo-garcia-actuara-en-la-gala-de-los-ondas-2018","status":"publish","type":"post","link":"https:\/\/www.manologarciaycia.com\/?p=18488","title":{"rendered":"Manolo Garc\u00eda actuar\u00e1 en la Gala de los Ondas 2018"},"content":{"rendered":"<div class=\"\" data-block=\"true\" data-editor=\"1eciv\" data-offset-key=\"5qgkm-0-0\">\n<div class=\"_1mf _1mj\" data-offset-key=\"5qgkm-0-0\"><span data-offset-key=\"5qgkm-0-0\">Premios Ondas: El artista, distinguido por el Jurado en la presente edici\u00f3n con el Premio Ondas de M\u00fasica a la Trayectoria, Manolo Garc\u00eda, celebrar\u00e1 su galard\u00f3n actuando en la Gran Gala de Entrega 2018.<\/span><\/div>\n<\/div>\n<div class=\"\" data-block=\"true\" data-editor=\"1eciv\" data-offset-key=\"f725a-0-0\">\n<div class=\"_1mf _1mj\" data-offset-key=\"f725a-0-0\"><span data-offset-key=\"f725a-0-0\">\u00a0<\/span><\/div>\n<\/div>\n<div class=\"\" data-block=\"true\" data-editor=\"1eciv\" data-offset-key=\"25m1t-0-0\">\n<div class=\"_1mf _1mj\" data-offset-key=\"25m1t-0-0\"><span data-offset-key=\"25m1t-0-0\">14\/11\/18 20:00h. <\/span><span class=\"_247o\" spellcheck=\"false\" data-offset-key=\"25m1t-1-0\"><span data-offset-key=\"25m1t-1-0\">Gran Teatre del Liceu<\/span><\/span> <span class=\"_5zk7\" spellcheck=\"false\" data-offset-key=\"25m1t-3-0\"><span data-offset-key=\"25m1t-3-0\">#Ondas2018<\/span><\/span> <span class=\"_5zk7\" spellcheck=\"false\" data-offset-key=\"25m1t-5-0\"><span data-offset-key=\"25m1t-5-0\">#ManoloGarc\u00eda<\/span><\/span><\/div>\n<\/div>\n<div class=\"\" data-block=\"true\" data-editor=\"1eciv\" data-offset-key=\"6a3me-0-0\">\n<div class=\"_1mf _1mj\" data-offset-key=\"6a3me-0-0\"><span data-offset-key=\"6a3me-0-0\">\u00a0<\/span><\/div>\n<\/div>\n<div class=\"\" data-block=\"true\" data-editor=\"1eciv\" data-offset-key=\"73v8d-0-0\"><\/div>\n","protected":false},"excerpt":{"rendered":"<p>Premios Ondas: El artista, distinguido por el Jurado en la presente edici\u00f3n con el Premio Ondas de M\u00fasica a la Trayectoria, Manolo Garc\u00eda, celebrar\u00e1 su galard\u00f3n actuando en la Gran Gala de Entrega 2018. \u00a0 14\/11\/18 20:00h. Gran Teatre del Liceu #Ondas2018 #ManoloGarc\u00eda \u00a0<a class=\"moretag\" href=\"https:\/\/www.manologarciaycia.com\/?p=18488\" title=\"Manolo Garc\u00eda actuar\u00e1 en la Gala de los Ondas 2018\" target=\"_self\" rel=\"follow\"> <font face=arial size=2>[Leer m\u00e1s]<\/font> <\/a><\/p>\n","protected":false},"author":2,"featured_media":0,"comment_status":"closed","ping_status":"closed","sticky":false,"template":"","format":"standard","meta":{"footnotes":""},"categories":[1],"tags":[],"class_list":["post-18488","post","type-post","status-publish","format-standard","hentry","category-manolo-garcia"],"_links":{"self":[{"href":"https:\/\/www.manologarciaycia.com\/index.php?rest_route=\/wp\/v2\/posts\/18488","targetHints":{"allow":["GET"]}}],"collection":[{"href":"https:\/\/www.manologarciaycia.com\/index.php?rest_route=\/wp\/v2\/posts"}],"about":[{"href":"https:\/\/www.manologarciaycia.com\/index.php?rest_route=\/wp\/v2\/types\/post"}],"author":[{"embeddable":true,"href":"https:\/\/www.manologarciaycia.com\/index.php?rest_route=\/wp\/v2\/users\/2"}],"replies":[{"embeddable":true,"href":"https:\/\/www.manologarciaycia.com\/index.php?rest_route=%2Fwp%2Fv2%2Fcomments&post=18488"}],"version-history":[{"count":2,"href":"https:\/\/www.manologarciaycia.com\/index.php?rest_route=\/wp\/v2\/posts\/18488\/revisions"}],"predecessor-version":[{"id":18490,"href":"https:\/\/www.manologarciaycia.com\/index.php?rest_route=\/wp\/v2\/posts\/18488\/revisions\/18490"}],"wp:attachment":[{"href":"https:\/\/www.manologarciaycia.com\/index.php?rest_route=%2Fwp%2Fv2%2Fmedia&parent=18488"}],"wp:term":[{"taxonomy":"category","embeddable":true,"href":"https:\/\/www.manologarciaycia.com\/index.php?rest_route=%2Fwp%2Fv2%2Fcategories&post=18488"},{"taxonomy":"post_tag","embeddable":true,"href":"https:\/\/www.manologarciaycia.com\/index.php?rest_route=%2Fwp%2Fv2%2Ftags&post=18488"}],"curies":[{"name":"wp","href":"https:\/\/api.w.org\/{rel}","templated":true}]}}