{"id":18485,"date":"2018-11-12T10:05:45","date_gmt":"2018-11-12T09:05:45","guid":{"rendered":"https:\/\/www.manologarciaycia.com\/?p=18485"},"modified":"2018-11-12T10:05:45","modified_gmt":"2018-11-12T09:05:45","slug":"contra-el-gris-de-la-vida-manolo-garcia-en-el-bilbao-arena","status":"publish","type":"post","link":"https:\/\/www.manologarciaycia.com\/?p=18485","title":{"rendered":"Contra El Gris De La Vida Manolo Garc\u00eda En El Bilbao Arena"},"content":{"rendered":"<p>No cabe duda de que\u00a0<strong>Manolo Garc\u00eda<\/strong>es uno de los grandes artistas a nivel estatal y ayer en el\u00a0<strong>Bilbao Arena\u00a0<\/strong>de Miribilla (21:00 \u2013 41\u00b480\u20ac) qued\u00f3 demostrado con creces. El barcelon\u00e9s acababa gira y eso atrajo a toda su legi\u00f3n de fans (algunos llegados desde Galicia, Extremadura, Catalu\u00f1a, Madrid,\u2026) por lo que el ambiente era extraordinario antes del inicio del show. Algunas personas llevaban esperando desde primeras horas de la tarde para conseguir primera fila y otras, las m\u00e1s rezagadas se acercaban al recinto cuando tan solo faltaban veinte minutos para el inicio del concierto. Estos \u00faltimos la mayor\u00eda locales que hab\u00edan apurado para poder ver el partido del Athletic y despu\u00e9s beber algo para olvidar el desaguisado vivido en el Wanda Metropolitano.\u00a0 Pero eso es otro tema.<\/p>\n<p>Antes de nada nos gustar\u00eda dar las gracias a Amaia Izpizua de Get In, a Xavi Petaos y Carmen Arteaga de Perro Records sus gestiones para acreditarnos en este concierto. Se agradece en especial que se permitiera hacer fotos durante todo el concierto desde el foso.<\/p>\n<p><img decoding=\"async\" src=\"http:\/\/www.rockinbilbo.com\/wp-content\/uploads\/2018\/11\/MANOLO-GARCIAweb6-1024x683.gif\" \/><\/p>\n<p><img loading=\"lazy\" decoding=\"async\" class=\"aligncenter size-large wp-image-23476\" src=\"http:\/\/www.rockinbilbo.com\/wp-content\/uploads\/2018\/11\/MANOLO-GARCIAweb6-1024x683.gif\" sizes=\"auto, (max-width: 640px) 100vw, 640px\" srcset=\"http:\/\/www.rockinbilbo.com\/wp-content\/uploads\/2018\/11\/MANOLO-GARCIAweb6-1024x683.gif 1024w, http:\/\/www.rockinbilbo.com\/wp-content\/uploads\/2018\/11\/MANOLO-GARCIAweb6-300x200.gif 300w, http:\/\/www.rockinbilbo.com\/wp-content\/uploads\/2018\/11\/MANOLO-GARCIAweb6-177x118.gif 177w\" alt=\"\" width=\"640\" height=\"427\" \/><\/p>\n<p>Hac\u00eda tiempo que no asist\u00eda a un\u00a0 concierto de Manolo Garc\u00eda y aunque le he visto tanto con El Ultimo de la Fila como ya en solitario nunca me hab\u00eda tocado hacer la cr\u00f3nica de su concierto. Resulta complicado escribir de un artista con seguidores tan fieles y exigentes.\u00a0 Me sorprende como se saben las letras de principio a fin, pese a ser letras largu\u00edsimas, y de un l\u00e9xico no apto para todos los p\u00fablicos. Fans que en su mayor\u00eda pasan de los treinta aunque tambi\u00e9n destac\u00f3 la presencia de mucha gente joven.\u00a0Todo un m\u00e9rito para un artista que para nada aparenta los 63 agostos que calza. El del PobleNou tiene la suficiente energ\u00eda como para ofrecer un concierto de tres horas de duraci\u00f3n sin dejar de saltar en el escenario, moverse entre la multitud (incluso lanzarse sobre ella) o caminar sobre la barras\u00a0 junto a los grifos de cerveza.\u00a0 Gran trabajo el que tuvieron que hacer ayer los miembros de seguridad.<\/p>\n<p><img decoding=\"async\" src=\"http:\/\/www.rockinbilbo.com\/wp-content\/uploads\/2018\/11\/MANOLO-GARCIAweb1-1024x683.gif\" \/><\/p>\n<p><img loading=\"lazy\" decoding=\"async\" class=\"aligncenter wp-image-23471 size-large\" src=\"http:\/\/www.rockinbilbo.com\/wp-content\/uploads\/2018\/11\/MANOLO-GARCIAweb1-1024x683.gif\" sizes=\"auto, (max-width: 640px) 100vw, 640px\" srcset=\"http:\/\/www.rockinbilbo.com\/wp-content\/uploads\/2018\/11\/MANOLO-GARCIAweb1-1024x683.gif 1024w, http:\/\/www.rockinbilbo.com\/wp-content\/uploads\/2018\/11\/MANOLO-GARCIAweb1-300x200.gif 300w, http:\/\/www.rockinbilbo.com\/wp-content\/uploads\/2018\/11\/MANOLO-GARCIAweb1-177x118.gif 177w\" alt=\"\" width=\"640\" height=\"427\" \/><\/p>\n<p>S\u00ed, hab\u00e9is le\u00eddo bien, tres horas de concierto para un total de 31 temas. Un espect\u00e1culo dividido en dos partes y que cont\u00f3 con tres bises. Magn\u00edfico sonido tanto desde el foso (como me confirm\u00f3 nuestro fot\u00f3grafo I\u00f1igo Pascual) como desde las gradas altas donde se encontraba este que escribe.\u00a0 Un escenario muy cuidado y sin estridencias; pa\u00f1uelos coloristas, abejas de peluche y luces que recordaban a dibujos del propio Manolo.\u00a0 Tambi\u00e9n destacaban las pantallas. Unas ofrec\u00edan im\u00e1genes del propio concierto (desde las c\u00e1maras principales o desde la c\u00e1mara que una bailarina paseaba entre los m\u00fasicos). Otras dos pantallas m\u00e1s peque\u00f1as proyectaban im\u00e1genes editadas para cada tema.<\/p>\n<p>Abri\u00f3 el concierto con \u201c<strong>Malva<\/strong>\u201d. Una primera parte en la que cont\u00f3 con la banda habitual de Manolo. La componen Ricardo Mar\u00edn (guitarra el\u00e9ctrica y veterano de los escenarios espa\u00f1oles que demostr\u00f3 una vez m\u00e1s su talento), V\u00edctor Iniesta (guitarra el\u00e9ctrica, ac\u00fastica, espa\u00f1ola, doce cuerdas y seguramente cualquier cosa que parezca una guitarra), Juan Carlos Garc\u00eda (teclados y voces), I\u00f1igo Goldaracena (bajo), Charly Sard\u00e0 (bater\u00eda), Olvido Lanza (viol\u00edn) y Mone Teruel (coros).<\/p>\n<p>Salud\u00f3 con un \u201cGabon Bilbo. Eskerrik asko\u201d y agradeciendo las muestras de afecto recibidas. Nos dedic\u00f3 el concierto a todos los presentes pero en especial se lo quiso dedicar a Amaia Montero (que se encontraba en una zona cercana al escenario) por \u201csu profesionalidad y por sus cojones u ovarios, o lo quiera tener\u201d. Hay que recordar que el artista catal\u00e1n escribi\u00f3 una carta en defensa de la donostiarra tras recibir esta cr\u00edticas tras una actuaci\u00f3n en Cantabria. Sigui\u00f3 con \u201c<strong>Un alma de papel<\/strong>\u201d, \u201c<strong>Nunca el tiempo es perdido<\/strong>\u201d (con un punteo que recordaba a los de Santana) y \u201c<strong>Prefiero el trapecio<\/strong>\u201d. Las dos \u00faltimas son el vivo ejemplo de que Manolo sabe como agitar al personal desde el principio.<\/p>\n<p><img decoding=\"async\" src=\"http:\/\/www.rockinbilbo.com\/wp-content\/uploads\/2018\/11\/MANOLO-GARCIAweb2-1024x683.gif\" \/><\/p>\n<p><img loading=\"lazy\" decoding=\"async\" class=\"aligncenter wp-image-23472 size-large\" src=\"http:\/\/www.rockinbilbo.com\/wp-content\/uploads\/2018\/11\/MANOLO-GARCIAweb2-1024x683.gif\" sizes=\"auto, (max-width: 640px) 100vw, 640px\" srcset=\"http:\/\/www.rockinbilbo.com\/wp-content\/uploads\/2018\/11\/MANOLO-GARCIAweb2-1024x683.gif 1024w, http:\/\/www.rockinbilbo.com\/wp-content\/uploads\/2018\/11\/MANOLO-GARCIAweb2-300x200.gif 300w, http:\/\/www.rockinbilbo.com\/wp-content\/uploads\/2018\/11\/MANOLO-GARCIAweb2-177x118.gif 177w\" alt=\"\" width=\"640\" height=\"427\" \/><\/p>\n<p>Antes de interpretar \u201c<strong>Pan de oro<\/strong>\u201d lanz\u00f3 el primero de sus mensajes (fueron varios durante la noche). \u201cEducar a los ni\u00f1os para no tener que castigar a los hombres\u201d. Le sigui\u00f3 un juego con el p\u00fablico del estilo al que Mercury hizo en Wembley. Uno gritaba y los dem\u00e1s imitaban. La gente entregada. Continuo con \u201c<strong>Recuerfdos de una noche<\/strong>\/\u00a0<strong>Todo es de color<\/strong>\u201d,\u00a0 un cover de Triana que hizo las delicias del respetable e incluso arranc\u00f3 alg\u00fan \u00a1ole! que otro. Cerr\u00f3 esta primera parte cantando \u201c<strong>Con los hombres azules<\/strong>\u201d.<\/p>\n<p>Durante esta gira, en la segunda parte, parte ha venido contando con alguno de los m\u00fasicos americanos que participaron en la grabaci\u00f3n de su \u00faltimo trabajo \u201cLa geometr\u00eda del rayo\u201d. En Bilbao solamente pudo estar\u00a0<strong>Jess Hume<\/strong>\u00a0al bajo.\u00a0Salvo tres temas como \u201c<strong>Lo quiero todo<\/strong>\u201d, \u201c<strong>Es mejor sentir<\/strong>\u201d y \u201c<strong>Un giro teatral<\/strong>\u201d, que dedic\u00f3 a las peque\u00f1as y medianas ganaderas de Euskadi (con criticas al abuso de las nuevas tecnolog\u00edas incluidas) desgran\u00f3 nueve temas del \u00faltimo \u00e1lbum. \u201c<strong>Las puntas de mis viejas botas<\/strong>\u201d y \u201c<strong>Ardieron los fuegos<\/strong>\u201d fueron las primeras en sonar del m\u00e1s reciente de los discos del catal\u00e1n. \u00a0Con \u201c<strong>La llamada interior<\/strong>\u201d toc\u00f3 la arm\u00f3nica y se sent\u00f3 en un sof\u00e1. \u201c<strong>Oc\u00e9ano azul<\/strong>\u201d le sirvi\u00f3 para soltar un nuevo mensaje . Esta vez fue ecologista y sirvi\u00f3 para criticar a una sociedad que en su opini\u00f3n \u201cvive de espaldas a la ecolog\u00eda\u201d.\u00a0 Aqu\u00ed fue su primera visita a la gradas.<\/p>\n<div class=\"google-auto-placed ap_container\"><\/div>\n<p>Continu\u00f3 con \u201c<strong>Ruedo, rodar\u00e9<\/strong>\u201d (que interpret\u00f3 junto a su hermana Carmen Garc\u00eda), \u201c<strong>Nunca es tarde<\/strong>\u201d, \u201c<strong>Humo de abrojos<\/strong>\u201d, \u201c<strong>El fr\u00edo de la noche<\/strong>\u201d (en la que toc\u00f3 la guitarra ac\u00fastica) y \u201c<strong>Si todo arde<\/strong>\u201d.\u00a0 Termin\u00f3 esta parte con \u201c<strong>La gran regla de la sabidur\u00eda<\/strong>\u201d (de nuevo tocando la guitarra) y con \u201c<strong>Campanas de libertad<\/strong>\u201d.\u00a0 Hubo amago de despedida pero sab\u00edamos que la cosa no iba a quedarse ah\u00ed.\u00a0 Tras un breve rato de espera volvieron al escenario para j\u00fabilo y algarab\u00eda de los presentes.<\/p>\n<p><img decoding=\"async\" src=\"http:\/\/www.rockinbilbo.com\/wp-content\/uploads\/2018\/11\/MANOLO-GARCIAweb3-1024x683.gif\" \/><\/p>\n<p><img loading=\"lazy\" decoding=\"async\" class=\"aligncenter size-large wp-image-23473\" src=\"http:\/\/www.rockinbilbo.com\/wp-content\/uploads\/2018\/11\/MANOLO-GARCIAweb3-1024x683.gif\" sizes=\"auto, (max-width: 640px) 100vw, 640px\" srcset=\"http:\/\/www.rockinbilbo.com\/wp-content\/uploads\/2018\/11\/MANOLO-GARCIAweb3-1024x683.gif 1024w, http:\/\/www.rockinbilbo.com\/wp-content\/uploads\/2018\/11\/MANOLO-GARCIAweb3-300x200.gif 300w, http:\/\/www.rockinbilbo.com\/wp-content\/uploads\/2018\/11\/MANOLO-GARCIAweb3-177x118.gif 177w\" alt=\"\" width=\"640\" height=\"427\" \/><\/p>\n<p>Tras un solo de piano a cargo de Juan Carlos Garc\u00eda, Manolo se dirigi\u00f3 al respetable asegurando que se consideraba una persona optimista y haciendo una defensa a ultranza del arte y la cultura frente al gris de la vida.\u00a0 Los primeros bises comenzaron con \u201c<strong>En tu voz<\/strong>\u201d y \u201c<strong>Crep\u00fasculo creciente<\/strong>\u201d, dos temas ac\u00fasticos con arreglos preciosistas. Les sigui\u00f3 \u201c<strong>Sombra de la sombra de tu sombrero<\/strong>\u201d Sonidos \u00e1rabes para acompa\u00f1ar un nuevo alegato. Era el turno de criticar la violencia machista y a esos hombres \u201cque quieren ser due\u00f1os\u00a0 de las mujeres\u201d a los que calific\u00f3 de \u201ccobardes\u201d.<\/p>\n<p>Termin\u00f3 estos bises con dos canciones que indicaban que el ambiente iba a acabar en lo m\u00e1s alto. \u201c<strong>Como un burro amarrado a la puerta del baile<\/strong>\u201d (del Ultimo de la Fila y con tinte a la rumba catalana de Per\u00e9t) y la muy coreada \u201c<strong>P\u00e1jaros de barro<\/strong>\u201d en la que vuelve a bajar al p\u00fablico. Globos y confeti dieron a\u00fan m\u00e1s color si cabe a la escena que Manolo Garc\u00eda nos iba pintando.<\/p>\n<p><img decoding=\"async\" src=\"http:\/\/www.rockinbilbo.com\/wp-content\/uploads\/2018\/11\/MANOLO-GARCIAweb4-1024x683.gif\" \/><\/p>\n<p><img loading=\"lazy\" decoding=\"async\" class=\"aligncenter size-large wp-image-23474\" src=\"http:\/\/www.rockinbilbo.com\/wp-content\/uploads\/2018\/11\/MANOLO-GARCIAweb4-1024x683.gif\" sizes=\"auto, (max-width: 640px) 100vw, 640px\" srcset=\"http:\/\/www.rockinbilbo.com\/wp-content\/uploads\/2018\/11\/MANOLO-GARCIAweb4-1024x683.gif 1024w, http:\/\/www.rockinbilbo.com\/wp-content\/uploads\/2018\/11\/MANOLO-GARCIAweb4-300x200.gif 300w, http:\/\/www.rockinbilbo.com\/wp-content\/uploads\/2018\/11\/MANOLO-GARCIAweb4-177x118.gif 177w\" alt=\"\" width=\"640\" height=\"427\" \/><\/p>\n<p>Sin abandonar el escenario pregunt\u00f3 si quer\u00edamos m\u00e1s. Respuesta obvia. \u201cPedid y se os dar\u00e1\u201d asegur\u00f3. Segundos bises en los que la mayor parte la pasa entre el p\u00fablico de pista e incluso de gradas bajas. \u201c<strong>Carb\u00f3n y ramas secas<\/strong>\u201d, \u201c<strong>Somos levedad<\/strong>\u201d, \u201c<strong>Sobre el oscuro abismo en que te meces<\/strong>\u201d (con ikurri\u00f1a ondeando) completan estos bises para terminar con \u201c<strong>A San Fernando, un ratito a pie y otro caminando<\/strong>\u201d, la banda al completo y un p\u00fablico que ya no aguantaba sentado.\u00a0\u201c\u00bfQuer\u00e9is una m\u00e1s? \u00bfQuer\u00e9is \u201c<strong>Insurrecci\u00f3n?<\/strong>\u201d . Pues venga \u201cInsurrecci\u00f3n\u201d.\u00a0 Y dicho y hecho. Apoteosis final en el Bilbao Arena. Agradecimientos a todas las personas que han formado parte de la gira, al p\u00fablico\u2026 Un fin de gira como debe ser. Incluso Manolo ense\u00f1o los calzoncillos tras un desliz en el que se nombr\u00f3 Donosti cuando hablaba de la oficina de Get In. Lo nunca visto.<\/p>\n<p><img loading=\"lazy\" decoding=\"async\" class=\"aligncenter size-large wp-image-23475\" src=\"http:\/\/www.rockinbilbo.com\/wp-content\/uploads\/2018\/11\/MANOLO-GARCIAweb5-1024x683.gif\" sizes=\"auto, (max-width: 640px) 100vw, 640px\" srcset=\"http:\/\/www.rockinbilbo.com\/wp-content\/uploads\/2018\/11\/MANOLO-GARCIAweb5-1024x683.gif 1024w, http:\/\/www.rockinbilbo.com\/wp-content\/uploads\/2018\/11\/MANOLO-GARCIAweb5-300x200.gif 300w, http:\/\/www.rockinbilbo.com\/wp-content\/uploads\/2018\/11\/MANOLO-GARCIAweb5-177x118.gif 177w\" alt=\"\" width=\"640\" height=\"427\" \/><\/p>\n<p>Queda claro que Manolo Garc\u00eda es un artista del que conocemos lo que hay que conocer de \u00e9l, su m\u00fasica, sus cuadros, su poes\u00eda. No se prodiga mucho en los medios y guarda con mimo su vida privada.\u00a0 Algo que no importa cuando sobre el escenario ofrece todo lo que tiene que mostrar y se vac\u00eda para consuelo de almas necesitadas de m\u00fasica y color, pero sobre todo de poes\u00eda.<\/p>\n<p>Fuente: RockinBilbo &#8211; Edu Gasc\u00f3n &#8211; Fotos \u00cd\u00f1igo PasBas &#8211; <a href=\"http:\/\/www.rockinbilbo.com\/contra-el-gris-de-la-vida-manolo-garcia-en-el-bilbao-arena\/\" target=\"_blank\" rel=\"noopener\">ENLACE<\/a><\/p>\n","protected":false},"excerpt":{"rendered":"<p>No cabe duda de que\u00a0Manolo Garc\u00edaes uno de los grandes artistas a nivel estatal y ayer en el\u00a0Bilbao Arena\u00a0de Miribilla (21:00 \u2013 41\u00b480\u20ac) qued\u00f3 demostrado con creces. El barcelon\u00e9s acababa gira y eso atrajo a toda su legi\u00f3n de fans (algunos llegados desde Galicia, Extremadura, Catalu\u00f1a, Madrid,\u2026) por lo que el ambiente era extraordinario antes<a class=\"moretag\" href=\"https:\/\/www.manologarciaycia.com\/?p=18485\" title=\"Contra El Gris De La Vida Manolo Garc\u00eda En El Bilbao Arena\" target=\"_self\" rel=\"follow\"> <font face=arial size=2>[Leer m\u00e1s]<\/font> <\/a><\/p>\n","protected":false},"author":2,"featured_media":18486,"comment_status":"closed","ping_status":"closed","sticky":false,"template":"","format":"standard","meta":{"footnotes":""},"categories":[1],"tags":[],"class_list":["post-18485","post","type-post","status-publish","format-standard","has-post-thumbnail","hentry","category-manolo-garcia"],"_links":{"self":[{"href":"https:\/\/www.manologarciaycia.com\/index.php?rest_route=\/wp\/v2\/posts\/18485","targetHints":{"allow":["GET"]}}],"collection":[{"href":"https:\/\/www.manologarciaycia.com\/index.php?rest_route=\/wp\/v2\/posts"}],"about":[{"href":"https:\/\/www.manologarciaycia.com\/index.php?rest_route=\/wp\/v2\/types\/post"}],"author":[{"embeddable":true,"href":"https:\/\/www.manologarciaycia.com\/index.php?rest_route=\/wp\/v2\/users\/2"}],"replies":[{"embeddable":true,"href":"https:\/\/www.manologarciaycia.com\/index.php?rest_route=%2Fwp%2Fv2%2Fcomments&post=18485"}],"version-history":[{"count":1,"href":"https:\/\/www.manologarciaycia.com\/index.php?rest_route=\/wp\/v2\/posts\/18485\/revisions"}],"predecessor-version":[{"id":18487,"href":"https:\/\/www.manologarciaycia.com\/index.php?rest_route=\/wp\/v2\/posts\/18485\/revisions\/18487"}],"wp:featuredmedia":[{"embeddable":true,"href":"https:\/\/www.manologarciaycia.com\/index.php?rest_route=\/wp\/v2\/media\/18486"}],"wp:attachment":[{"href":"https:\/\/www.manologarciaycia.com\/index.php?rest_route=%2Fwp%2Fv2%2Fmedia&parent=18485"}],"wp:term":[{"taxonomy":"category","embeddable":true,"href":"https:\/\/www.manologarciaycia.com\/index.php?rest_route=%2Fwp%2Fv2%2Fcategories&post=18485"},{"taxonomy":"post_tag","embeddable":true,"href":"https:\/\/www.manologarciaycia.com\/index.php?rest_route=%2Fwp%2Fv2%2Ftags&post=18485"}],"curies":[{"name":"wp","href":"https:\/\/api.w.org\/{rel}","templated":true}]}}