{"id":18481,"date":"2018-11-10T18:22:48","date_gmt":"2018-11-10T17:22:48","guid":{"rendered":"https:\/\/www.manologarciaycia.com\/?p=18481"},"modified":"2018-11-10T18:35:18","modified_gmt":"2018-11-10T17:35:18","slug":"manolo-garcia-finaliza-hoy-su-exitosa-gira-geometria-del-rayo-en-bilbao","status":"publish","type":"post","link":"https:\/\/www.manologarciaycia.com\/?p=18481","title":{"rendered":"Manolo Garc\u00eda finaliza hoy en Bilbao su exitosa gira Geometr\u00eda del Rayo"},"content":{"rendered":"<p>Cierra hoy el artista catal\u00e1n su exitosa gira 2018 en el Arena Bilbao, con un pleno casi absoluto, tras un a\u00f1o desde el que anunciara que sal\u00eda de nuevo a la carretera. Junto al anuncio de la salida al mercado del disco Geometr\u00eda del Rayo en noviembre de 2018, se hac\u00edan p\u00fablicas las fechas en las que presentar\u00eda en directo dicho trabajo.<\/p>\n<p>Han sido un total de 33 conciertos en distintos formatos; durante la primera parte de 2018, Manolo Garc\u00eda ha actuado en recintos de aforo medio o peque\u00f1o, ofreciendo recitales m\u00e1s cercanos, \u00edntimos y ac\u00fasticos. Lleg\u00f3 a doblar en varias ocasiones, ofreciendo dos noches de concierto seguidas.<\/p>\n<p>Retomando el curso, acabado el verano, Manolo ha actuado en grandes recintos, en un formato m\u00e1s el\u00e9ctrico, llegando incluso a utilizar dos bandas distintas en los conciertos de este \u00faltimo tramo; su banda de siempre (Ricardo Mar\u00edn, I\u00f1igo Goldaracena, Mone Teruel, Olvido Lanza, Juan Carlos Garc\u00eda, Charly Sard\u00e0, Victor Iniesta), y la banda m\u00fasicos que grabaron en NY el disco que ha presentado en esta gira (Sarah Tomek, Meg Toheey, Jesske Hume y Gerry Leonard), que se incorpor\u00f3 hace poco m\u00e1s de un mes, en Murcia.<\/p>\n<p>Llenazos, conciertos memorables, 3 horas largas de disfrute y como dec\u00edamos, rotundo sold out, agotados los billetes en casi todos sus recitales.<\/p>\n<p>GIRA 2018, GEOMETR\u00cdA DEL RAYO:<\/p>\n<p>06\/ABR Girona &#8211; Auditori- Palau de Congressos<br \/>\n07\/ABR Girona &#8211; Auditori de Girona<br \/>\n20\/ABR Granada &#8211; Palacio de Congresos<br \/>\n21\/ABR Granada &#8211; Palacio de Congresos<br \/>\n28\/ABR Elche &#8211; Auditorio Rotonda del Parque<br \/>\n04\/MAY Valladolid &#8211; Central Cultural Miguel Delibes<br \/>\n05\/MAY Valladolid &#8211; Centro Cultural Miguel Delibes<br \/>\n11\/MAY Roquetas &#8211; Teatro Auditorio<br \/>\n12\/MAY Roquetas &#8211; Teatro Auditorio<br \/>\n17\/MAY San Sebasti\u00e1n &#8211; Auditorio Kursaal<br \/>\n19\/MAY Santander &#8211; Palacio de Festivales de Cantabria<br \/>\n26\/MAY Santiago de Compostela &#8211; Palacio de Exposiciones y Congresos de Galicia<br \/>\n01\/JUN Logro\u00f1o &#8211; RiojaForum<br \/>\n03\/JUN Pamplona &#8211; Sala Principal Edificio Baluarte<br \/>\n09\/JUN Oviedo &#8211; Auditorio Principe Felipe<br \/>\n14\/JUN Plasencia &#8211; Plaza de Toros<br \/>\n16\/JUN Salamanca &#8211; Palacio de los Deportes S\u00e1nchez Para\u00edso<br \/>\n21\/JUN Ja\u00e9n &#8211; Auditorio La Alameda<br \/>\n23\/JUN C\u00f3rdoba &#8211; Teatro La Axerqu\u00eda<br \/>\n30\/JUN C\u00e1diz &#8211; Puerto de la Bah\u00eda<br \/>\n07\/JUL Huelva &#8211; Foro Iberoamericano La R\u00e1bida<br \/>\n15\/JUL Calella de Parafrugell &#8211; Festival Cap Roig<\/p>\n<p>01\/SEP Albacete &#8211; Plaza de toros<br \/>\n08\/SEP Sevilla &#8211; Auditorio Roc\u00edo Jurado<br \/>\n22\/SEP M\u00e1laga &#8211; Auditorio Municipal<br \/>\n29\/SEP M\u00e9rida &#8211; Teatro Romano de M\u00e9rida<br \/>\n06\/OCT Murcia &#8211; Plaza de toros<br \/>\n13\/OCT Zaragoza &#8211; Pabell\u00f3n Pr\u00edncipe Felipe<br \/>\n20\/OCT Barcelona &#8211; Palau Sant Jordi<br \/>\n27\/OCT Madrid &#8211; WiZink Center<br \/>\n31\/OCT Valencia &#8211; Plaza de toros<br \/>\n10\/NOV Bilbao &#8211; Arena Miribilla<\/p>\n","protected":false},"excerpt":{"rendered":"<p>Cierra hoy el artista catal\u00e1n su exitosa gira 2018 en el Arena Bilbao, con un pleno casi absoluto, tras un a\u00f1o desde el que anunciara que sal\u00eda de nuevo a la carretera. Junto al anuncio de la salida al mercado del disco Geometr\u00eda del Rayo en noviembre de 2018, se hac\u00edan p\u00fablicas las fechas en<a class=\"moretag\" href=\"https:\/\/www.manologarciaycia.com\/?p=18481\" title=\"Manolo Garc\u00eda finaliza hoy en Bilbao su exitosa gira Geometr\u00eda del Rayo\" target=\"_self\" rel=\"follow\"> <font face=arial size=2>[Leer m\u00e1s]<\/font> <\/a><\/p>\n","protected":false},"author":2,"featured_media":18482,"comment_status":"closed","ping_status":"closed","sticky":false,"template":"","format":"standard","meta":{"footnotes":""},"categories":[1],"tags":[],"class_list":["post-18481","post","type-post","status-publish","format-standard","has-post-thumbnail","hentry","category-manolo-garcia"],"_links":{"self":[{"href":"https:\/\/www.manologarciaycia.com\/index.php?rest_route=\/wp\/v2\/posts\/18481","targetHints":{"allow":["GET"]}}],"collection":[{"href":"https:\/\/www.manologarciaycia.com\/index.php?rest_route=\/wp\/v2\/posts"}],"about":[{"href":"https:\/\/www.manologarciaycia.com\/index.php?rest_route=\/wp\/v2\/types\/post"}],"author":[{"embeddable":true,"href":"https:\/\/www.manologarciaycia.com\/index.php?rest_route=\/wp\/v2\/users\/2"}],"replies":[{"embeddable":true,"href":"https:\/\/www.manologarciaycia.com\/index.php?rest_route=%2Fwp%2Fv2%2Fcomments&post=18481"}],"version-history":[{"count":2,"href":"https:\/\/www.manologarciaycia.com\/index.php?rest_route=\/wp\/v2\/posts\/18481\/revisions"}],"predecessor-version":[{"id":18484,"href":"https:\/\/www.manologarciaycia.com\/index.php?rest_route=\/wp\/v2\/posts\/18481\/revisions\/18484"}],"wp:featuredmedia":[{"embeddable":true,"href":"https:\/\/www.manologarciaycia.com\/index.php?rest_route=\/wp\/v2\/media\/18482"}],"wp:attachment":[{"href":"https:\/\/www.manologarciaycia.com\/index.php?rest_route=%2Fwp%2Fv2%2Fmedia&parent=18481"}],"wp:term":[{"taxonomy":"category","embeddable":true,"href":"https:\/\/www.manologarciaycia.com\/index.php?rest_route=%2Fwp%2Fv2%2Fcategories&post=18481"},{"taxonomy":"post_tag","embeddable":true,"href":"https:\/\/www.manologarciaycia.com\/index.php?rest_route=%2Fwp%2Fv2%2Ftags&post=18481"}],"curies":[{"name":"wp","href":"https:\/\/api.w.org\/{rel}","templated":true}]}}