{"id":18479,"date":"2018-11-10T08:52:26","date_gmt":"2018-11-10T07:52:26","guid":{"rendered":"https:\/\/www.manologarciaycia.com\/?p=18479"},"modified":"2018-11-10T08:52:26","modified_gmt":"2018-11-10T07:52:26","slug":"actuacion-de-manolo-garcia-presentara-su-ultimo-disco-geometria-del-rayo-junto-con-todos-sus-grandes-exitos","status":"publish","type":"post","link":"https:\/\/www.manologarciaycia.com\/?p=18479","title":{"rendered":"Actuaci\u00f3n de Manolo Garc\u00eda: presentar\u00e1 su \u00faltimo disco, &#8216;Geometr\u00eda del rayo&#8217;, junto con todos sus grandes \u00e9xitos"},"content":{"rendered":"<div class=\"voc-vertical\">\n<div class=\"voc-agenda-social\">\n<div class=\"voc-agenda-lugar2col\"><span class=\"voc-agenda-lugar\">LUGAR.\u00a0<\/span><span class=\"voc-agenda-dia\">Palacio de Deportes Bilbao <\/span><span class=\"voc-agenda-dia\">Arena<\/span><br \/>\n<span class=\"voc-agenda-lugar\">FECHA.\u00a0<\/span><span class=\"voc-agenda-dia\">10 de noviembre<\/span><\/div>\n<div><span class=\"voc-agenda-lugar\">HORA.<\/span><span class=\"voc-agenda-dia\">21:00<\/span><br \/>\n<span class=\"voc-agenda-lugar\">PRECIO.\u00a0<\/span><span class=\"voc-agenda-dia\">41,80 \u20ac<\/span><\/div>\n<\/div>\n<\/div>\n<p>&#8216;Geometr\u00eda del rayo&#8217; es el s\u00e9ptimo trabajo en solitario de Manolo Garc\u00eda tras la disoluci\u00f3n de El \u00daltimo de la Fila. Tras cinco semanas consecutivas n\u00famero 1 de ventas, se mantiene entre los ocho discos m\u00e1s vendidos en Espa\u00f1a, donde ya es disco de platino, y estos d\u00edas ha recibido la nominaci\u00f3n a los Latin Grammy Awards en la categor\u00eda de mejor \u00e1lbum pop-rock del a\u00f1o, nominaci\u00f3n que se suma al Premio Ondas que recibir\u00e1 este mes como reconocimiento a su trayectoria.<\/p>\n<p>Est\u00e1 dedicado de forma expresa a todos aquellos que no pueden vivir sin arte en cualquiera de sus manifestaciones o modalidades, y que no se quieren conformar con la cultura del entretenimiento f\u00e1cil de nuestro tiempo.<\/p>\n<p>Estar\u00e1 acompa\u00f1ado sobre el escenario por Ricardo Mar\u00edn (guitarra el\u00e9ctrica y ac\u00fastica), V\u00edctor Iniesta (guitarra el\u00e9ctrica, ac\u00fastica y espa\u00f1ola), Juan Carlos Garc\u00eda (teclados, percusi\u00f3n y voces), I\u00f1igo Goldaracena (bajo), Charly Sard\u00e0 (bater\u00eda), Olvido Lanza (viol\u00edn), Jessica Hume (bajo) y Mone Teruel (coros).<\/p>\n<p>Fuente: El Correo &#8211; <a href=\"https:\/\/agenda.elcorreo.com\/evento\/manolo-garcia-618549.html\" target=\"_blank\" rel=\"noopener\">ENLACE<\/a><\/p>\n","protected":false},"excerpt":{"rendered":"<p>LUGAR.\u00a0Palacio de Deportes Bilbao Arena FECHA.\u00a010 de noviembre HORA.21:00 PRECIO.\u00a041,80 \u20ac &#8216;Geometr\u00eda del rayo&#8217; es el s\u00e9ptimo trabajo en solitario de Manolo Garc\u00eda tras la disoluci\u00f3n de El \u00daltimo de la Fila. Tras cinco semanas consecutivas n\u00famero 1 de ventas, se mantiene entre los ocho discos m\u00e1s vendidos en Espa\u00f1a, donde ya es disco de<a class=\"moretag\" href=\"https:\/\/www.manologarciaycia.com\/?p=18479\" title=\"Actuaci\u00f3n de Manolo Garc\u00eda: presentar\u00e1 su \u00faltimo disco, &#8216;Geometr\u00eda del rayo&#8217;, junto con todos sus grandes \u00e9xitos\" target=\"_self\" rel=\"follow\"> <font face=arial size=2>[Leer m\u00e1s]<\/font> <\/a><\/p>\n","protected":false},"author":2,"featured_media":0,"comment_status":"closed","ping_status":"closed","sticky":false,"template":"","format":"standard","meta":{"footnotes":""},"categories":[1],"tags":[],"class_list":["post-18479","post","type-post","status-publish","format-standard","hentry","category-manolo-garcia"],"_links":{"self":[{"href":"https:\/\/www.manologarciaycia.com\/index.php?rest_route=\/wp\/v2\/posts\/18479","targetHints":{"allow":["GET"]}}],"collection":[{"href":"https:\/\/www.manologarciaycia.com\/index.php?rest_route=\/wp\/v2\/posts"}],"about":[{"href":"https:\/\/www.manologarciaycia.com\/index.php?rest_route=\/wp\/v2\/types\/post"}],"author":[{"embeddable":true,"href":"https:\/\/www.manologarciaycia.com\/index.php?rest_route=\/wp\/v2\/users\/2"}],"replies":[{"embeddable":true,"href":"https:\/\/www.manologarciaycia.com\/index.php?rest_route=%2Fwp%2Fv2%2Fcomments&post=18479"}],"version-history":[{"count":1,"href":"https:\/\/www.manologarciaycia.com\/index.php?rest_route=\/wp\/v2\/posts\/18479\/revisions"}],"predecessor-version":[{"id":18480,"href":"https:\/\/www.manologarciaycia.com\/index.php?rest_route=\/wp\/v2\/posts\/18479\/revisions\/18480"}],"wp:attachment":[{"href":"https:\/\/www.manologarciaycia.com\/index.php?rest_route=%2Fwp%2Fv2%2Fmedia&parent=18479"}],"wp:term":[{"taxonomy":"category","embeddable":true,"href":"https:\/\/www.manologarciaycia.com\/index.php?rest_route=%2Fwp%2Fv2%2Fcategories&post=18479"},{"taxonomy":"post_tag","embeddable":true,"href":"https:\/\/www.manologarciaycia.com\/index.php?rest_route=%2Fwp%2Fv2%2Ftags&post=18479"}],"curies":[{"name":"wp","href":"https:\/\/api.w.org\/{rel}","templated":true}]}}