{"id":18476,"date":"2018-11-10T08:51:16","date_gmt":"2018-11-10T07:51:16","guid":{"rendered":"https:\/\/www.manologarciaycia.com\/?p=18476"},"modified":"2018-11-10T08:51:16","modified_gmt":"2018-11-10T07:51:16","slug":"bilbobus-ofrece-este-sabado-un-servicio-de-lanzadera-con-motivo-del-concierto-de-manolo-garcia-en-el-bilbao-arena","status":"publish","type":"post","link":"https:\/\/www.manologarciaycia.com\/?p=18476","title":{"rendered":"Bilbobus ofrece este s\u00e1bado un servicio de lanzadera con motivo del concierto de Manolo Garc\u00eda en el Bilbao Arena"},"content":{"rendered":"<p>Bilbobus ofrecer\u00e1 este s\u00e1bado, d\u00eda 10, un servicio de lanzadera con motivo del concierto de Manolo Garc\u00eda que saldr\u00e1 de las inmediaciones de la Plaza Circular con destino al Bilbao Arena, seg\u00fan ha informado el Consistorio.<\/p>\n<p class=\"mce\">De esta forma, la l\u00ednea E7 partir\u00e1 cada 10 minutos de las inmediaciones de la Plaza Circular desde las 20.00 horas e inmediatamente tras la finalizaci\u00f3n del concierto. Al t\u00e9rmino del concierto, los autobuses partir\u00e1n desde el Bilbao Arena (Askatasuna\/Parkea) hasta la Plaza Circular, pasando por el Mercado de La Ribera y el Puente del Arenal. El servicio ser\u00e1 tambi\u00e9n cada 10 minutos mientras quede gente en parada.<\/p>\n<p class=\"mce\">Por otra parte, para agilizar el transporte de usuarios a otras partes de la ciudad, los minutos posteriores al concierto, las l\u00edneas de autob\u00fas 30, 71, 75 y 76, modificar\u00e1n su recorrido, habilitando una parada en la rotonda de la calle Juan Carlos de Gortazar, al finalizar el evento.<\/p>\n<p class=\"mce\">Asimismo, el Ayuntamiento ha recordado que en un radio de 500 metros desde el Bilbao Arena puede accederse a distintas paradas de metro, tren o tranv\u00eda, con conexiones directas a todos los barrios de la Villa y a las localidades m\u00e1s cercanas. Adem\u00e1s, se habilita una parada de taxi en Avenida Askatasuna, 11.<\/p>\n<p>Fuente: Diario.es &#8211; <a href=\"https:\/\/www.eldiario.es\/norte\/euskadi\/Bilbobus-Manolo-Garcia-Bilbao-Arena_0_833967396.html\" target=\"_blank\" rel=\"noopener\">ENLACE<\/a><\/p>\n","protected":false},"excerpt":{"rendered":"<p>Bilbobus ofrecer\u00e1 este s\u00e1bado, d\u00eda 10, un servicio de lanzadera con motivo del concierto de Manolo Garc\u00eda que saldr\u00e1 de las inmediaciones de la Plaza Circular con destino al Bilbao Arena, seg\u00fan ha informado el Consistorio. De esta forma, la l\u00ednea E7 partir\u00e1 cada 10 minutos de las inmediaciones de la Plaza Circular desde las<a class=\"moretag\" href=\"https:\/\/www.manologarciaycia.com\/?p=18476\" title=\"Bilbobus ofrece este s\u00e1bado un servicio de lanzadera con motivo del concierto de Manolo Garc\u00eda en el Bilbao Arena\" target=\"_self\" rel=\"follow\"> <font face=arial size=2>[Leer m\u00e1s]<\/font> <\/a><\/p>\n","protected":false},"author":2,"featured_media":18477,"comment_status":"closed","ping_status":"closed","sticky":false,"template":"","format":"standard","meta":{"footnotes":""},"categories":[1],"tags":[],"class_list":["post-18476","post","type-post","status-publish","format-standard","has-post-thumbnail","hentry","category-manolo-garcia"],"_links":{"self":[{"href":"https:\/\/www.manologarciaycia.com\/index.php?rest_route=\/wp\/v2\/posts\/18476","targetHints":{"allow":["GET"]}}],"collection":[{"href":"https:\/\/www.manologarciaycia.com\/index.php?rest_route=\/wp\/v2\/posts"}],"about":[{"href":"https:\/\/www.manologarciaycia.com\/index.php?rest_route=\/wp\/v2\/types\/post"}],"author":[{"embeddable":true,"href":"https:\/\/www.manologarciaycia.com\/index.php?rest_route=\/wp\/v2\/users\/2"}],"replies":[{"embeddable":true,"href":"https:\/\/www.manologarciaycia.com\/index.php?rest_route=%2Fwp%2Fv2%2Fcomments&post=18476"}],"version-history":[{"count":1,"href":"https:\/\/www.manologarciaycia.com\/index.php?rest_route=\/wp\/v2\/posts\/18476\/revisions"}],"predecessor-version":[{"id":18478,"href":"https:\/\/www.manologarciaycia.com\/index.php?rest_route=\/wp\/v2\/posts\/18476\/revisions\/18478"}],"wp:featuredmedia":[{"embeddable":true,"href":"https:\/\/www.manologarciaycia.com\/index.php?rest_route=\/wp\/v2\/media\/18477"}],"wp:attachment":[{"href":"https:\/\/www.manologarciaycia.com\/index.php?rest_route=%2Fwp%2Fv2%2Fmedia&parent=18476"}],"wp:term":[{"taxonomy":"category","embeddable":true,"href":"https:\/\/www.manologarciaycia.com\/index.php?rest_route=%2Fwp%2Fv2%2Fcategories&post=18476"},{"taxonomy":"post_tag","embeddable":true,"href":"https:\/\/www.manologarciaycia.com\/index.php?rest_route=%2Fwp%2Fv2%2Ftags&post=18476"}],"curies":[{"name":"wp","href":"https:\/\/api.w.org\/{rel}","templated":true}]}}