{"id":18473,"date":"2018-11-10T08:49:26","date_gmt":"2018-11-10T07:49:26","guid":{"rendered":"https:\/\/www.manologarciaycia.com\/?p=18473"},"modified":"2018-11-10T08:54:06","modified_gmt":"2018-11-10T07:54:06","slug":"somos-dos-fuerzas-unidas-para-crear-un-pequeno-universo-manolo-garcia-sobre-exposicion-de-colectivo-gotic-sur","status":"publish","type":"post","link":"https:\/\/www.manologarciaycia.com\/?p=18473","title":{"rendered":"&#8216;Somos dos fuerzas unidas para crear un peque\u00f1o universo&#8217; Manolo Garc\u00eda, sobre exposici\u00f3n de colectivo Gotic Sur"},"content":{"rendered":"<p>Manolo Garc\u00eda nos habla de la exposici\u00f3n que ha presentado en Bilbao junto a la pintora Montserrat Clausells. Una serie de cuadros pintados a cuatro manos que se pueden ver en la galer\u00eda Vanguardia.<\/p>\n<p><strong>Manolo Garc\u00eda<\/strong>\u00a0cierra gira en Bilbao este s\u00e1bado. Despu\u00e9s de todo el a\u00f1o presentando\u00a0<strong><em>La geometr\u00eda del rayo<\/em><\/strong>\u00a0el Bilbao Arena de Miribilla acoger\u00e1 un concierto muy especial.<\/p>\n<p>Garc\u00eda es un artista polifac\u00e9tico y presenta adem\u00e1s una\u00a0<strong>muestra de pinturas<\/strong>\u00a0junto a la\u00a0<strong>artista Montserrat Clausells<\/strong>, dos fuerzas unidas para crear un peque\u00f1o universo. &#8216;Estr\u00e1bica armon\u00eda&#8217; en la galer\u00eda Vanguardia de Bilbao hasta el 30 de noviembre.<\/p>\n<p>Fuente: EITB &#8211; <a href=\"https:\/\/www.eitb.eus\/es\/radio\/radio-euskadi\/programas\/boulevard\/detalle\/5979500\/manolo-garcia-nos-presenta-su-concierto-miribilla-su-exposicion-----\/\" target=\"_blank\" rel=\"noopener\">ENLACE<\/a><\/p>\n","protected":false},"excerpt":{"rendered":"<p>Manolo Garc\u00eda nos habla de la exposici\u00f3n que ha presentado en Bilbao junto a la pintora Montserrat Clausells. Una serie de cuadros pintados a cuatro manos que se pueden ver en la galer\u00eda Vanguardia. Manolo Garc\u00eda\u00a0cierra gira en Bilbao este s\u00e1bado. Despu\u00e9s de todo el a\u00f1o presentando\u00a0La geometr\u00eda del rayo\u00a0el Bilbao Arena de Miribilla acoger\u00e1<a class=\"moretag\" href=\"https:\/\/www.manologarciaycia.com\/?p=18473\" title=\"&#8216;Somos dos fuerzas unidas para crear un peque\u00f1o universo&#8217; Manolo Garc\u00eda, sobre exposici\u00f3n de colectivo Gotic Sur\" target=\"_self\" rel=\"follow\"> <font face=arial size=2>[Leer m\u00e1s]<\/font> <\/a><\/p>\n","protected":false},"author":2,"featured_media":0,"comment_status":"closed","ping_status":"closed","sticky":false,"template":"","format":"audio","meta":{"footnotes":""},"categories":[1],"tags":[],"class_list":["post-18473","post","type-post","status-publish","format-audio","hentry","category-manolo-garcia","post_format-post-format-audio"],"_links":{"self":[{"href":"https:\/\/www.manologarciaycia.com\/index.php?rest_route=\/wp\/v2\/posts\/18473","targetHints":{"allow":["GET"]}}],"collection":[{"href":"https:\/\/www.manologarciaycia.com\/index.php?rest_route=\/wp\/v2\/posts"}],"about":[{"href":"https:\/\/www.manologarciaycia.com\/index.php?rest_route=\/wp\/v2\/types\/post"}],"author":[{"embeddable":true,"href":"https:\/\/www.manologarciaycia.com\/index.php?rest_route=\/wp\/v2\/users\/2"}],"replies":[{"embeddable":true,"href":"https:\/\/www.manologarciaycia.com\/index.php?rest_route=%2Fwp%2Fv2%2Fcomments&post=18473"}],"version-history":[{"count":1,"href":"https:\/\/www.manologarciaycia.com\/index.php?rest_route=\/wp\/v2\/posts\/18473\/revisions"}],"predecessor-version":[{"id":18475,"href":"https:\/\/www.manologarciaycia.com\/index.php?rest_route=\/wp\/v2\/posts\/18473\/revisions\/18475"}],"wp:attachment":[{"href":"https:\/\/www.manologarciaycia.com\/index.php?rest_route=%2Fwp%2Fv2%2Fmedia&parent=18473"}],"wp:term":[{"taxonomy":"category","embeddable":true,"href":"https:\/\/www.manologarciaycia.com\/index.php?rest_route=%2Fwp%2Fv2%2Fcategories&post=18473"},{"taxonomy":"post_tag","embeddable":true,"href":"https:\/\/www.manologarciaycia.com\/index.php?rest_route=%2Fwp%2Fv2%2Ftags&post=18473"}],"curies":[{"name":"wp","href":"https:\/\/api.w.org\/{rel}","templated":true}]}}