{"id":18471,"date":"2018-11-10T08:39:01","date_gmt":"2018-11-10T07:39:01","guid":{"rendered":"https:\/\/www.manologarciaycia.com\/?p=18471"},"modified":"2018-11-10T08:39:01","modified_gmt":"2018-11-10T07:39:01","slug":"manolo-garcia-canta-y-ademas-expone-sus-pinturas-manana-en-bilbao","status":"publish","type":"post","link":"https:\/\/www.manologarciaycia.com\/?p=18471","title":{"rendered":"Manolo Garc\u00eda canta y adem\u00e1s expone sus pinturas ma\u00f1ana en Bilbao"},"content":{"rendered":"<p>Manolo Garc\u00eda act\u00faa ma\u00f1ana, s\u00e1bado, en Bilbao dentro de su gira \u00abGeometr\u00eda del Rayo\u00bb, y adem\u00e1s expone desde ma\u00f1ana en la galer\u00eda bilba\u00edna \u00abVanguardia\u00bb cuadros hechos a \u00abcuatro manos\u00bb junto a la pintora Montse Clausells.<\/p>\n<p>\u00abGeometr\u00eda del Rayo\u00bb, s\u00e9ptimo disco en solitario de Manolo Garc\u00eda tras la disoluci\u00f3n de \u00abEl \u00daltimo de la Fila\u00bb, fue publicado el pasado mes de marzo. Tras cinco semanas consecutivas como n\u00famero 1 de ventas de Espa\u00f1a, se mantiene desde entonces entre los ocho discos m\u00e1s vendidos en Espa\u00f1a, y ha recibido estos d\u00edas la nominaci\u00f3n a los premios Grammy Latinos 2018 en la categor\u00eda Mejor \u00c1lbum Pop-Rock del a\u00f1o.<\/p>\n<p>En el concierto de Miribilla de ma\u00f1ana, adem\u00e1s de las canciones de su \u00faltimo trabajo publicado, repasar\u00e1 tambi\u00e9n \u00e9xitos de toda su discograf\u00eda.<\/p>\n<p>Pero, adem\u00e1s, el cantante expone desde ma\u00f1ana en Bilbao sus cuadros en la galer\u00eda de arte contempor\u00e1neo \u00abVanguardia\u00bb, en una exposici\u00f3n titulada \u00abEstr\u00e1bica Armon\u00eda\u00bb.<\/p>\n<p>Es un proyecto del colectivo pict\u00f3rico \u00abG\u00f2ticSur\u00bb formado por el propio Manolo Garc\u00eda y Montse Clausells, los dos barceloneses, que se han propuesto unir sus fuerzas creativas para pintar cuadros hechos a cuatro manos.<\/p>\n<p>Seg\u00fan la galer\u00eda, \u00abse trata de la comunicaci\u00f3n entre dos mundos imaginarios muy diferentes y alejados que se han propuesto reivindicar la posibilidad de di\u00e1logo y convivencia en un mismo espacio, en este caso, los lienzos en blanco\u00bb. La muestra estar\u00e1 abierta todo el mes, hasta el 30 de noviembre.<\/p>\n<p>Fuente ABC &#8211; <a href=\"http:\/\/agencias.abc.es\/agencias\/noticia.asp?noticia=2964965\" target=\"_blank\" rel=\"noopener\">ENLACE<\/a><\/p>\n","protected":false},"excerpt":{"rendered":"<p>Manolo Garc\u00eda act\u00faa ma\u00f1ana, s\u00e1bado, en Bilbao dentro de su gira \u00abGeometr\u00eda del Rayo\u00bb, y adem\u00e1s expone desde ma\u00f1ana en la galer\u00eda bilba\u00edna \u00abVanguardia\u00bb cuadros hechos a \u00abcuatro manos\u00bb junto a la pintora Montse Clausells. \u00abGeometr\u00eda del Rayo\u00bb, s\u00e9ptimo disco en solitario de Manolo Garc\u00eda tras la disoluci\u00f3n de \u00abEl \u00daltimo de la Fila\u00bb, fue<a class=\"moretag\" href=\"https:\/\/www.manologarciaycia.com\/?p=18471\" title=\"Manolo Garc\u00eda canta y adem\u00e1s expone sus pinturas ma\u00f1ana en Bilbao\" target=\"_self\" rel=\"follow\"> <font face=arial size=2>[Leer m\u00e1s]<\/font> <\/a><\/p>\n","protected":false},"author":2,"featured_media":0,"comment_status":"closed","ping_status":"closed","sticky":false,"template":"","format":"standard","meta":{"footnotes":""},"categories":[1],"tags":[],"class_list":["post-18471","post","type-post","status-publish","format-standard","hentry","category-manolo-garcia"],"_links":{"self":[{"href":"https:\/\/www.manologarciaycia.com\/index.php?rest_route=\/wp\/v2\/posts\/18471","targetHints":{"allow":["GET"]}}],"collection":[{"href":"https:\/\/www.manologarciaycia.com\/index.php?rest_route=\/wp\/v2\/posts"}],"about":[{"href":"https:\/\/www.manologarciaycia.com\/index.php?rest_route=\/wp\/v2\/types\/post"}],"author":[{"embeddable":true,"href":"https:\/\/www.manologarciaycia.com\/index.php?rest_route=\/wp\/v2\/users\/2"}],"replies":[{"embeddable":true,"href":"https:\/\/www.manologarciaycia.com\/index.php?rest_route=%2Fwp%2Fv2%2Fcomments&post=18471"}],"version-history":[{"count":1,"href":"https:\/\/www.manologarciaycia.com\/index.php?rest_route=\/wp\/v2\/posts\/18471\/revisions"}],"predecessor-version":[{"id":18472,"href":"https:\/\/www.manologarciaycia.com\/index.php?rest_route=\/wp\/v2\/posts\/18471\/revisions\/18472"}],"wp:attachment":[{"href":"https:\/\/www.manologarciaycia.com\/index.php?rest_route=%2Fwp%2Fv2%2Fmedia&parent=18471"}],"wp:term":[{"taxonomy":"category","embeddable":true,"href":"https:\/\/www.manologarciaycia.com\/index.php?rest_route=%2Fwp%2Fv2%2Fcategories&post=18471"},{"taxonomy":"post_tag","embeddable":true,"href":"https:\/\/www.manologarciaycia.com\/index.php?rest_route=%2Fwp%2Fv2%2Ftags&post=18471"}],"curies":[{"name":"wp","href":"https:\/\/api.w.org\/{rel}","templated":true}]}}