{"id":18460,"date":"2018-11-09T09:33:23","date_gmt":"2018-11-09T08:33:23","guid":{"rendered":"https:\/\/www.manologarciaycia.com\/?p=18460"},"modified":"2018-11-09T09:34:25","modified_gmt":"2018-11-09T08:34:25","slug":"30-de-noviembre-a-la-venta-2-ediciones-especiales-de-geometria-del-rayo-en-directo","status":"publish","type":"post","link":"https:\/\/www.manologarciaycia.com\/?p=18460","title":{"rendered":"30 de Noviembre a la venta 2 ediciones especiales de Geometr\u00eda del Rayo en DIRECTO!"},"content":{"rendered":"<p>El pr\u00f3ximo 30 de Noviembre se pondr\u00e1n a la venta 2 ediciones especiales de Geometr\u00eda del rayo de Manolo Garc\u00eda, en Directo:<\/p>\n<p><a href=\"https:\/\/www.manologarciaycia.com\/wp-content\/uploads\/2018\/11\/MG_GR_EE.jpg\"><img loading=\"lazy\" decoding=\"async\" class=\"wp-image-18461 size-thumbnail alignnone\" src=\"https:\/\/www.manologarciaycia.com\/wp-content\/uploads\/2018\/11\/MG_GR_EE-150x150.jpg\" alt=\"\" width=\"150\" height=\"150\" \/><\/a> Geometr\u00eda del rayo &#8211; Ed especial aumentada &#8211; 3 CD + DVD (Precio aprox. entre 21&#8217;99\u20ac y 18,99\u20ac)<\/p>\n<p>En este disco se recoge el memorable concierto que ofreci\u00f3\u00a0<strong>Manolo Garc\u00eda<\/strong>\u00a0en el Pabell\u00f3n Pr\u00edncipe Felipe de Oviedo el 9 de junio de 2018.<\/p>\n<p><strong>Tracklist<\/strong><\/p>\n<p><strong>CD 1<\/strong><\/p>\n<p>1. En tu voz<\/p>\n<p>2. La llamada interior<\/p>\n<p>3. Las puntas de mis viejas botas<\/p>\n<p>4. Nunca es tarde<\/p>\n<p>5. Humo de abrojos<\/p>\n<p>6. Oc\u00e9ano azul<\/p>\n<p>7. Ardieron los fuegos<\/p>\n<p>8. El fr\u00edo de la noche<\/p>\n<p>9. Ruedo, rodar\u00e9<\/p>\n<p>10. Quiero esa pasi\u00f3n<\/p>\n<p>11. Si todo arde<\/p>\n<p>12. Dime d\u00f3nde est\u00e1<\/p>\n<p>13. Me gustas<\/p>\n<p>14. Urge<\/p>\n<p>15. La gran regla de la sabidur\u00eda<\/p>\n<p>16. Oc\u00e9ano azul (Edit. radio)<\/p>\n<p>17. Crep\u00fasculo creciente (In\u00e9dita)<\/p>\n<p>18. Ya me dir\u00e1s (In\u00e9dita)<\/p>\n<p>&nbsp;<\/p>\n<p><strong>\u00a0CD 2<\/strong><\/p>\n<p>1. El Fr\u00edo de la Noche<\/p>\n<p>2. Fragua de los Cuatro Vientos<\/p>\n<p>3. Por Respirar<\/p>\n<p>4. Junto a Ti<\/p>\n<p>5. Humo de Abrojos<\/p>\n<p>6. Las Puntas de Mis Viejas Botas<\/p>\n<p>7. Pan de Oro<\/p>\n<p>8. Ardi\u00f3 Mi Memoria<\/p>\n<p>9. Sin Que Sepas de M\u00ed<\/p>\n<p>10. Con los Hombres Azules<\/p>\n<p>11. Los C\u00edtricos Amantes<\/p>\n<p>12. Irma la Dulce<\/p>\n<p>13. Un Giro Teatral<\/p>\n<p>14. Un Alma de Papel<\/p>\n<p>&nbsp;<\/p>\n<p><strong>CD\u00a03<\/strong><\/p>\n<p>1. Ruedo, Rodar\u00e9<\/p>\n<p>2. Nunca Es Tarde<\/p>\n<p>3. Un A\u00f1o y Otro A\u00f1o<\/p>\n<p>4. Ardieron los Fuegos A San Fernando, un Ratito a Pie y Otro Caminando<\/p>\n<p>5. En Tu Voz<\/p>\n<p>6. Quiero Esa Pasi\u00f3n<\/p>\n<p>7. Cresp\u00fasculo Creciente<\/p>\n<p>8. Oc\u00e9ano Azul<\/p>\n<p>9. Si Te Vienes Conmigo<\/p>\n<p>10. Prefiero el Trapecio<\/p>\n<p>11. Nunca el Tiempo es Perdido<\/p>\n<p>12. Sin Llaves<\/p>\n<p>13. P\u00e1jaros de Barro<\/p>\n<p>&nbsp;<\/p>\n<p><strong>DVD<\/strong><\/p>\n<p>1. Por Respirar<\/p>\n<p>2.Junto a Ti<\/p>\n<p>3. Las Puntas de Mis Viejas Botas<\/p>\n<p>4. Pan de Oro<\/p>\n<p>5. Ardi\u00f3 Mi Memoria<\/p>\n<p>6. Con los Hombres Azules<\/p>\n<p>7. Los C\u00edtricos Amantes<\/p>\n<p>8. Irma la Dulce<\/p>\n<p>9. Ruedo, Rodar\u00e9<\/p>\n<p>10. Nunca Es Tarde<\/p>\n<p>11. Ardieron los Fuegos<\/p>\n<p>12. En Tu Voz<\/p>\n<p>13. Quiero Esa Pasi\u00f3n<\/p>\n<p>14. Cresp\u00fasculo Creciente<\/p>\n<p>15. Oc\u00e9ano Azul<\/p>\n<p>16. Si Te Vienes Conmigo<\/p>\n<p>17. Sin Llaves<\/p>\n<p><a href=\"https:\/\/www.manologarciaycia.com\/wp-content\/uploads\/2018\/11\/MG_GR_ED.jpg\"><img loading=\"lazy\" decoding=\"async\" class=\"alignnone wp-image-18462 size-thumbnail\" src=\"https:\/\/www.manologarciaycia.com\/wp-content\/uploads\/2018\/11\/MG_GR_ED-150x150.jpg\" alt=\"\" width=\"150\" height=\"150\" srcset=\"https:\/\/www.manologarciaycia.com\/wp-content\/uploads\/2018\/11\/MG_GR_ED-150x150.jpg 150w, https:\/\/www.manologarciaycia.com\/wp-content\/uploads\/2018\/11\/MG_GR_ED.jpg 400w\" sizes=\"auto, (max-width: 150px) 100vw, 150px\" \/><\/a> Geometr\u00eda del rayo &#8211; En directo &#8211; 2 CD + DVD (Precio aprox. entre 19&#8217;99\u20ac y 18&#8217;99\u20ac)<\/p>\n<div class=\"text_exposed_show\">\n<p>En este disco se recoge el memorable concierto que ofreci\u00f3\u00a0<strong>Manolo Garc\u00eda<\/strong>\u00a0en el Pabell\u00f3n Pr\u00edncipe Felipe de Oviedo el 9 de junio de 2018.<\/p>\n<p><strong>Tracklist<\/strong><\/p>\n<p><strong>\u00a0CD 1<\/strong><\/p>\n<p>1. El Fr\u00edo de la Noche<\/p>\n<p>2. Fragua de los Cuatro Vientos<\/p>\n<p>3. Por Respirar<\/p>\n<p>4. Junto a Ti<\/p>\n<p>5. Humo de Abrojos<\/p>\n<p>6. Las Puntas de Mis Viejas Botas<\/p>\n<p>7. Pan de Oro<\/p>\n<p>8. Ardi\u00f3 Mi Memoria<\/p>\n<p>9. Sin Que Sepas de M\u00ed<\/p>\n<p>10. Con los Hombres Azules<\/p>\n<p>11. Los C\u00edtricos Amantes<\/p>\n<p>12. Irma la Dulce<\/p>\n<p>13. Un Giro Teatral<\/p>\n<p>14. Un Alma de Papel<\/p>\n<p>&nbsp;<\/p>\n<p><strong>CD 2<\/strong><\/p>\n<p>1. Ruedo, Rodar\u00e9<\/p>\n<p>2. Nunca Es Tarde<\/p>\n<p>3. Un A\u00f1o y Otro A\u00f1o<\/p>\n<p>4. Ardieron los Fuegos A San Fernando, un Ratito a Pie y Otro Caminando<\/p>\n<p>5. En Tu Voz<\/p>\n<p>6. Quiero Esa Pasi\u00f3n<\/p>\n<p>7. Cresp\u00fasculo Creciente<\/p>\n<p>8. Oc\u00e9ano Azul<\/p>\n<p>9. Si Te Vienes Conmigo<\/p>\n<p>10. Prefiero el Trapecio<\/p>\n<p>11. Nunca el Tiempo es Perdido<\/p>\n<p>12. Sin Llaves<\/p>\n<p>13. P\u00e1jaros de Barro<\/p>\n<p>&nbsp;<\/p>\n<p><strong>DVD<\/strong><\/p>\n<p>1. Por Respirar<\/p>\n<p>2.Junto a Ti<\/p>\n<p>3. Las Puntas de Mis Viejas Botas<\/p>\n<p>4. Pan de Oro<\/p>\n<p>5. Ardi\u00f3 Mi Memoria<\/p>\n<p>6. Con los Hombres Azules<\/p>\n<p>7. Los C\u00edtricos Amantes<\/p>\n<p>8. Irma la Dulce<\/p>\n<p>9. Ruedo, Rodar\u00e9<\/p>\n<p>10. Nunca Es Tarde<\/p>\n<p>11. Ardieron los Fuegos<\/p>\n<p>12. En Tu Voz<\/p>\n<p>13. Quiero Esa Pasi\u00f3n<\/p>\n<p>14. Cresp\u00fasculo Creciente<\/p>\n<p>15. Oc\u00e9ano Azul<\/p>\n<p>16. Si Te Vienes Conmigo<\/p>\n<p>17. Sin Llaves<\/p>\n<p>PD: Como suele ocurrir\u00a0Fnac Espa\u00f1a\u00a0fastidiando la primicia a los artistas y las discogr\u00e1ficas\u00a0<span class=\"_47e3 _5mfr\" title=\"Emoji frown\"><img loading=\"lazy\" decoding=\"async\" class=\"img\" role=\"presentation\" src=\"https:\/\/static.xx.fbcdn.net\/images\/emoji.php\/v9\/f24\/1.5\/16\/1f641.png\" alt=\"\" width=\"16\" height=\"16\" \/><span class=\"_7oe\" aria-hidden=\"true\">:-(<\/span><\/span><\/p>\n<\/div>\n","protected":false},"excerpt":{"rendered":"<p>El pr\u00f3ximo 30 de Noviembre se pondr\u00e1n a la venta 2 ediciones especiales de Geometr\u00eda del rayo de Manolo Garc\u00eda, en Directo: Geometr\u00eda del rayo &#8211; Ed especial aumentada &#8211; 3 CD + DVD (Precio aprox. entre 21&#8217;99\u20ac y 18,99\u20ac) En este disco se recoge el memorable concierto que ofreci\u00f3\u00a0Manolo Garc\u00eda\u00a0en el Pabell\u00f3n Pr\u00edncipe Felipe<a class=\"moretag\" href=\"https:\/\/www.manologarciaycia.com\/?p=18460\" title=\"30 de Noviembre a la venta 2 ediciones especiales de Geometr\u00eda del Rayo en DIRECTO!\" target=\"_self\" rel=\"follow\"> <font face=arial size=2>[Leer m\u00e1s]<\/font> <\/a><\/p>\n","protected":false},"author":2,"featured_media":18463,"comment_status":"closed","ping_status":"closed","sticky":false,"template":"","format":"standard","meta":{"footnotes":""},"categories":[1],"tags":[],"class_list":["post-18460","post","type-post","status-publish","format-standard","has-post-thumbnail","hentry","category-manolo-garcia"],"_links":{"self":[{"href":"https:\/\/www.manologarciaycia.com\/index.php?rest_route=\/wp\/v2\/posts\/18460","targetHints":{"allow":["GET"]}}],"collection":[{"href":"https:\/\/www.manologarciaycia.com\/index.php?rest_route=\/wp\/v2\/posts"}],"about":[{"href":"https:\/\/www.manologarciaycia.com\/index.php?rest_route=\/wp\/v2\/types\/post"}],"author":[{"embeddable":true,"href":"https:\/\/www.manologarciaycia.com\/index.php?rest_route=\/wp\/v2\/users\/2"}],"replies":[{"embeddable":true,"href":"https:\/\/www.manologarciaycia.com\/index.php?rest_route=%2Fwp%2Fv2%2Fcomments&post=18460"}],"version-history":[{"count":2,"href":"https:\/\/www.manologarciaycia.com\/index.php?rest_route=\/wp\/v2\/posts\/18460\/revisions"}],"predecessor-version":[{"id":18465,"href":"https:\/\/www.manologarciaycia.com\/index.php?rest_route=\/wp\/v2\/posts\/18460\/revisions\/18465"}],"wp:featuredmedia":[{"embeddable":true,"href":"https:\/\/www.manologarciaycia.com\/index.php?rest_route=\/wp\/v2\/media\/18463"}],"wp:attachment":[{"href":"https:\/\/www.manologarciaycia.com\/index.php?rest_route=%2Fwp%2Fv2%2Fmedia&parent=18460"}],"wp:term":[{"taxonomy":"category","embeddable":true,"href":"https:\/\/www.manologarciaycia.com\/index.php?rest_route=%2Fwp%2Fv2%2Fcategories&post=18460"},{"taxonomy":"post_tag","embeddable":true,"href":"https:\/\/www.manologarciaycia.com\/index.php?rest_route=%2Fwp%2Fv2%2Ftags&post=18460"}],"curies":[{"name":"wp","href":"https:\/\/api.w.org\/{rel}","templated":true}]}}