{"id":18457,"date":"2018-11-09T09:08:59","date_gmt":"2018-11-09T08:08:59","guid":{"rendered":"https:\/\/www.manologarciaycia.com\/?p=18457"},"modified":"2018-11-09T09:11:04","modified_gmt":"2018-11-09T08:11:04","slug":"manolo-garcia-fin-de-gira-geometrica-y-otonal","status":"publish","type":"post","link":"https:\/\/www.manologarciaycia.com\/?p=18457","title":{"rendered":"Manolo Garc\u00eda: Fin de gira geom\u00e9trica y oto\u00f1al"},"content":{"rendered":"<p>Una gira de nueve fechas por aforos grandes entre septiembre y noviembre es la que cerrar\u00e1 este finde entre nosotros\u00a0<strong>el ex El \u00daltimo De La Fila\u00a0<\/strong>propagando su \u00faltimo \u00e1lbum oficial,\u00a0&#8216;Geometr\u00eda del rayo&#8217;\u00a0(Sony, 2018).\u00a0<strong>Manolo<\/strong><strong>\u00a0est\u00e1 recalando en cosos taurinos\u00a0<\/strong>(Murcia, Albacete y Valencia\u2026) y pabellones deportivos multiusos (el Pr\u00edncipe Felipe zaragozano, el Wizink Center madrile\u00f1o, el Palau Sant Jordi barcelon\u00e9s, el Bilbao Arena vizca\u00edno).<\/p>\n<p>Y, como se trata de macroconciertos, el repertorio ser\u00e1 largo: una treintena de canciones con dos o tres bises.\u00a0<strong>Suele versionar a Triana (&#8216;Recuerdos de una noche&#8217;) y echa mano de dos jitazos del \u00daltimo<\/strong>: &#8216;Como un burro amarrado en la puerta del baile&#8217; e &#8216;Insurrecci\u00f3n&#8217;, que es con la que acaba.<\/p>\n<div class=\"teads-inread sm-screen\">\n<div class=\"teads-ui-components-credits\">Manolo Garc\u00eda (Barcelona) es una persona celosa de su intimidad que protege hasta el misterio su vida privada. En su d\u00eda nos confi\u00f3:\u00a0<strong>\u00abEstoy en esto por la m\u00fasica. Jam\u00e1s pens\u00e9 que iba a hacerme famoso, que iba a hacerme rico, que iba a mont\u00e1rmelo\u2026 Jam\u00e1s<\/strong>. De adolescente ya ten\u00eda una obcecaci\u00f3n, una idea fija: quiero ser m\u00fasico. Y lo bueno para m\u00ed es que sigo pensando lo mismo. No quiero ser otra cosa, o sea no quiero ser famoso. Y lo evito en lo posible y con todo respeto. Entiendo que los m\u00fasicos necesitamos una parte de fama para llegar al p\u00fablico y desarrollar nuestro oficio, nuestra tarea, pero punto. Cuento lo justo y siempre atendiendo con todo el respeto y el cari\u00f1o a quien me pregunta. Pero bueno, (en una entrevista) no van a sacar mucho m\u00e1s de m\u00ed que no sea estrictamente musical\u00bb.<\/div>\n<\/div>\n<div><\/div>\n<div>Fuente: El Correo &#8211; Oscar Cubillo &#8211; <a href=\"https:\/\/www.elcorreo.com\/culturas\/musica\/manolo-garcia-miribilla-20181108105327-nt.html\" target=\"_blank\" rel=\"noopener\">ENLACE<\/a><\/div>\n","protected":false},"excerpt":{"rendered":"<p>Una gira de nueve fechas por aforos grandes entre septiembre y noviembre es la que cerrar\u00e1 este finde entre nosotros\u00a0el ex El \u00daltimo De La Fila\u00a0propagando su \u00faltimo \u00e1lbum oficial,\u00a0&#8216;Geometr\u00eda del rayo&#8217;\u00a0(Sony, 2018).\u00a0Manolo\u00a0est\u00e1 recalando en cosos taurinos\u00a0(Murcia, Albacete y Valencia\u2026) y pabellones deportivos multiusos (el Pr\u00edncipe Felipe zaragozano, el Wizink Center madrile\u00f1o, el Palau Sant<a class=\"moretag\" href=\"https:\/\/www.manologarciaycia.com\/?p=18457\" title=\"Manolo Garc\u00eda: Fin de gira geom\u00e9trica y oto\u00f1al\" target=\"_self\" rel=\"follow\"> <font face=arial size=2>[Leer m\u00e1s]<\/font> <\/a><\/p>\n","protected":false},"author":2,"featured_media":18458,"comment_status":"closed","ping_status":"closed","sticky":false,"template":"","format":"standard","meta":{"footnotes":""},"categories":[1],"tags":[],"class_list":["post-18457","post","type-post","status-publish","format-standard","has-post-thumbnail","hentry","category-manolo-garcia"],"_links":{"self":[{"href":"https:\/\/www.manologarciaycia.com\/index.php?rest_route=\/wp\/v2\/posts\/18457","targetHints":{"allow":["GET"]}}],"collection":[{"href":"https:\/\/www.manologarciaycia.com\/index.php?rest_route=\/wp\/v2\/posts"}],"about":[{"href":"https:\/\/www.manologarciaycia.com\/index.php?rest_route=\/wp\/v2\/types\/post"}],"author":[{"embeddable":true,"href":"https:\/\/www.manologarciaycia.com\/index.php?rest_route=\/wp\/v2\/users\/2"}],"replies":[{"embeddable":true,"href":"https:\/\/www.manologarciaycia.com\/index.php?rest_route=%2Fwp%2Fv2%2Fcomments&post=18457"}],"version-history":[{"count":1,"href":"https:\/\/www.manologarciaycia.com\/index.php?rest_route=\/wp\/v2\/posts\/18457\/revisions"}],"predecessor-version":[{"id":18459,"href":"https:\/\/www.manologarciaycia.com\/index.php?rest_route=\/wp\/v2\/posts\/18457\/revisions\/18459"}],"wp:featuredmedia":[{"embeddable":true,"href":"https:\/\/www.manologarciaycia.com\/index.php?rest_route=\/wp\/v2\/media\/18458"}],"wp:attachment":[{"href":"https:\/\/www.manologarciaycia.com\/index.php?rest_route=%2Fwp%2Fv2%2Fmedia&parent=18457"}],"wp:term":[{"taxonomy":"category","embeddable":true,"href":"https:\/\/www.manologarciaycia.com\/index.php?rest_route=%2Fwp%2Fv2%2Fcategories&post=18457"},{"taxonomy":"post_tag","embeddable":true,"href":"https:\/\/www.manologarciaycia.com\/index.php?rest_route=%2Fwp%2Fv2%2Ftags&post=18457"}],"curies":[{"name":"wp","href":"https:\/\/api.w.org\/{rel}","templated":true}]}}