{"id":18455,"date":"2018-11-08T08:54:49","date_gmt":"2018-11-08T07:54:49","guid":{"rendered":"https:\/\/www.manologarciaycia.com\/?p=18455"},"modified":"2018-11-08T08:54:49","modified_gmt":"2018-11-08T07:54:49","slug":"exposicion-de-pinturas-de-manolo-garcia-y-montse-clausells","status":"publish","type":"post","link":"https:\/\/www.manologarciaycia.com\/?p=18455","title":{"rendered":"EXPOSICI\u00d3N DE PINTURAS DE MANOLO GARC\u00cdA Y MONTSE CLAUSELLS"},"content":{"rendered":"<p><b>Apertura excepcional el pr\u00f3ximo s\u00e1bado<\/b><\/p>\n<p>De forma excepcional y debido a la coincidencia con el concierto de fin de gira, la galer\u00eda Vanguardia abrir\u00e1 sus puertas este s\u00e1bado 10 de 11.00h a 14.00h.<\/p>\n<p>Entre las obras expuestas se encuentran todas las pinturas reproducidas en el disco \u201cGeometr\u00eda del Rayo\u201d, algunas de ellas obras de Manolo Garc\u00eda y otras creadas conjuntamente con la pintora Montse Clausells.<\/p>\n<p>Galer\u00eda Vanguardia<\/p>\n<p>S\u00e1bado 10<\/p>\n<p>11.00h \u2013 14.00h.<\/p>\n<p>Ald de Mazarredo, 19<\/p>\n<p>48001 Bilbao<\/p>\n<p>telf 944 237 691<\/p>\n<p>Fuente: Manolo Garc\u00eda<\/p>\n","protected":false},"excerpt":{"rendered":"<p>Apertura excepcional el pr\u00f3ximo s\u00e1bado De forma excepcional y debido a la coincidencia con el concierto de fin de gira, la galer\u00eda Vanguardia abrir\u00e1 sus puertas este s\u00e1bado 10 de 11.00h a 14.00h. Entre las obras expuestas se encuentran todas las pinturas reproducidas en el disco \u201cGeometr\u00eda del Rayo\u201d, algunas de ellas obras de Manolo<a class=\"moretag\" href=\"https:\/\/www.manologarciaycia.com\/?p=18455\" title=\"EXPOSICI\u00d3N DE PINTURAS DE MANOLO GARC\u00cdA Y MONTSE CLAUSELLS\" target=\"_self\" rel=\"follow\"> <font face=arial size=2>[Leer m\u00e1s]<\/font> <\/a><\/p>\n","protected":false},"author":2,"featured_media":0,"comment_status":"closed","ping_status":"closed","sticky":false,"template":"","format":"standard","meta":{"footnotes":""},"categories":[1],"tags":[],"class_list":["post-18455","post","type-post","status-publish","format-standard","hentry","category-manolo-garcia"],"_links":{"self":[{"href":"https:\/\/www.manologarciaycia.com\/index.php?rest_route=\/wp\/v2\/posts\/18455","targetHints":{"allow":["GET"]}}],"collection":[{"href":"https:\/\/www.manologarciaycia.com\/index.php?rest_route=\/wp\/v2\/posts"}],"about":[{"href":"https:\/\/www.manologarciaycia.com\/index.php?rest_route=\/wp\/v2\/types\/post"}],"author":[{"embeddable":true,"href":"https:\/\/www.manologarciaycia.com\/index.php?rest_route=\/wp\/v2\/users\/2"}],"replies":[{"embeddable":true,"href":"https:\/\/www.manologarciaycia.com\/index.php?rest_route=%2Fwp%2Fv2%2Fcomments&post=18455"}],"version-history":[{"count":1,"href":"https:\/\/www.manologarciaycia.com\/index.php?rest_route=\/wp\/v2\/posts\/18455\/revisions"}],"predecessor-version":[{"id":18456,"href":"https:\/\/www.manologarciaycia.com\/index.php?rest_route=\/wp\/v2\/posts\/18455\/revisions\/18456"}],"wp:attachment":[{"href":"https:\/\/www.manologarciaycia.com\/index.php?rest_route=%2Fwp%2Fv2%2Fmedia&parent=18455"}],"wp:term":[{"taxonomy":"category","embeddable":true,"href":"https:\/\/www.manologarciaycia.com\/index.php?rest_route=%2Fwp%2Fv2%2Fcategories&post=18455"},{"taxonomy":"post_tag","embeddable":true,"href":"https:\/\/www.manologarciaycia.com\/index.php?rest_route=%2Fwp%2Fv2%2Ftags&post=18455"}],"curies":[{"name":"wp","href":"https:\/\/api.w.org\/{rel}","templated":true}]}}